{"id":97755,"date":"2023-10-21T14:11:53","date_gmt":"2023-10-21T17:11:53","guid":{"rendered":"https:\/\/grandepremio.com\/br\/noticias\/tim-tramnitz-vence-corrida-1-hockenheim-freca-rafael-camara-4o\/"},"modified":"2023-10-21T14:26:44","modified_gmt":"2023-10-21T17:26:44","slug":"tim-tramnitz-vence-corrida-1-hockenheim-freca-rafael-camara-4o","status":"publish","type":"post","link":"https:\/\/grandepremio.com\/br\/frec\/tim-tramnitz-vence-corrida-1-hockenheim-freca-rafael-camara-4o\/","title":{"rendered":"Tramnitz vence corrida 1 na etapa de Hockenheim da FRECA. C\u00e2mara termina em 4\u00ba"},"content":{"rendered":"\n<p class=\"wp-block-paragraph\">A <strong>FRECA <\/strong>realizou a primeira corrida da etapa de <strong>Hockenheim <\/strong>neste s\u00e1bado (21), abrindo a \u00faltima rodada dupla da temporada 2023. Com <strong>Andrea Kimi Antonelli <\/strong>j\u00e1 campe\u00e3o da categoria por antecipa\u00e7\u00e3o, <strong>Tim Tramnitz <\/strong>levou a melhor na disputa que abriu o fim de semana na Alemanha e ficou com a vit\u00f3ria em casa.<\/p>\n\n\n\n<p class=\"wp-block-paragraph\">O triunfo s\u00f3 veio depois de uma batalha ferrenha com o brasileiro <strong>Rafael<\/strong> <strong>C\u00e2mara<\/strong>, que largou em segundo e chegou a liderar parte da prova. No entanto, uma disputa entre os dois no fim fez com que o piloto da <strong>Prema <\/strong>perdesse algumas posi\u00e7\u00f5es, finalizando em <strong>quarto<\/strong>.<\/p>\n\n\n\n<p class=\"wp-block-paragraph\">&#8220;N\u00f3s merec\u00edamos muito ter ido ao p\u00f3dio e tamb\u00e9m conquistado a vit\u00f3ria&#8221;, disse Rafa. &#8220;Tivemos a chance de conseguir manter a lideran\u00e7a, mas o Tramnitz n\u00e3o desistiu e foi realmente uma grande disputa \u2014 mesmo com ele jogando um pouco pesado. Espero ter esse mesmo ritmo amanh\u00e3, para fecharmos a temporada entre os primeiros\u201d, diz Rafa.<\/p>\n\n\n\n<p class=\"wp-block-paragraph\"><strong>Martinius Stenshorne<\/strong>, companheiro de Tramnitz na <strong>R-ace GP<\/strong>, chegou na segunda posi\u00e7\u00e3o, enquanto <strong>Nikita Bedrin <\/strong>completou o p\u00f3dio. <strong>Kas Haverkort <\/strong>completou logo atr\u00e1s de C\u00e2mara, com o campe\u00e3o <strong>Antonelli <\/strong>em sexto.<\/p>\n\n\n\n<figure class=\"wp-block-image size-large\"><img decoding=\"async\" src=\"https:\/\/www.grandepremio.com\/br\/wp-content\/uploads\/2023\/10\/430132_1083651_20231021_ds5_0674-1024x683.jpg\" alt=\"\" class=\"wp-image-743162\"\/><figcaption class=\"wp-element-caption\">C\u00e2mara brigou pela vit\u00f3ria, mas terminou em quarto em Hockenheim (Foto: FRECA \/RF1)<\/figcaption><\/figure>\n\n\n\n<p class=\"wp-block-paragraph\"><strong>Maceo Capietto <\/strong>foi o s\u00e9timo, seguido por <strong>Nikhil Bohra<\/strong>. Por fim, <strong>Laurens van Hoepen <\/strong>e <strong>Santiago<\/strong> <strong>Ramos <\/strong>completaram o grupo dos dez primeiros colocados em Hockenheim. <strong>Emmo<\/strong> <strong>Fittipaldi<\/strong>, outro brasileiro a integrar o grid da FRECA, terminou na <strong>25\u00aa <\/strong>posi\u00e7\u00e3o, \u00e0 frente de <strong>Enzo Scionti<\/strong>, <strong>Ivan Klymenko <\/strong>e <strong>Alessandro Giusti<\/strong>.<\/p>\n\n\n\n<p class=\"wp-block-paragraph\">A FRECA encerra oficialmente a temporada de 2023 neste domingo, com a segunda corrida da etapa de Hockenheim. Enquanto Antonelli j\u00e1 garantiu o t\u00edtulo, Stenshorne e Tramnitz brigam pelo vice. C\u00e2mara, por sua vez, tenta barrar a aproxima\u00e7\u00e3o de Haverkort para garantir o quarto lugar no campeonato.<\/p>\n\n\n\n<p class=\"wp-block-paragraph\"><strong>\u25b6\ufe0f&nbsp;Inscreva-se nos dois canais do GRANDE PR\u00caMIO no YouTube:&nbsp;<a href=\"https:\/\/www.youtube.com\/channel\/UC9OlHEgxoaY6QY6nWPoiqQg?sub_confirmation=1\" target=\"_blank\" rel=\"noreferrer noopener\">GP<\/a>&nbsp;|&nbsp;<a href=\"https:\/\/www.youtube.com\/channel\/UC9csiS6q_C3C0FYhyr1rnFA?sub_confirmation=1\" target=\"_blank\" rel=\"noreferrer noopener\">GP2<\/a><\/strong><\/p>\n\n\n\n<p class=\"wp-block-paragraph\"><strong>\u25b6\ufe0f&nbsp;<a rel=\"noreferrer noopener\" href=\"https:\/\/www.twitch.tv\/grandepremio\" target=\"_blank\">Conhe\u00e7a o canal do GRANDE PR\u00caMIO na Twitch clicando aqui!<\/a><\/strong><\/p>\n\n\n\n<figure class=\"wp-block-embed is-type-video is-provider-youtube wp-block-embed-youtube wp-embed-aspect-16-9 wp-has-aspect-ratio\"><div class=\"wp-block-embed__wrapper\">\n<iframe loading=\"lazy\" title=\"LECLERC \u00e9 POLE na F1 2023 nos Estados Unidos. VERSTAPPEN fica nos limites de pista | Briefing\" width=\"500\" height=\"281\" src=\"https:\/\/www.youtube.com\/embed\/GuvHcmhXWF8?feature=oembed\" frameborder=\"0\" allow=\"accelerometer; autoplay; clipboard-write; encrypted-media; gyroscope; picture-in-picture; web-share\" referrerpolicy=\"strict-origin-when-cross-origin\" allowfullscreen><\/iframe>\n<\/div><\/figure>\n","protected":false},"excerpt":{"rendered":"<p>Tim Tramnitz precisou lutar para se manter na primeira posi\u00e7\u00e3o durante a corrida 1 da FRECA em Hockenheim, mas superou os advers\u00e1rios e segue na briga pelo vice da temporada 2023<\/p>\n","protected":false},"author":0,"featured_media":1000743161,"comment_status":"closed","ping_status":"closed","sticky":false,"template":"","format":"standard","meta":{"42wp_featured_image_caption":"","42wp_featured_image_credits":"","42wp_featured_video":"","42wp_featured_image_hidden":false,"42wp_authors_list":[],"footnotes":""},"categories":[49],"tags":[23912,28105,34064,1491,28285,32667,980,34491,349,27860,34424],"42wp_author":[47142],"class_list":["post-97755","post","type-post","status-publish","format-standard","has-post-thumbnail","hentry","category-frec","tag-emmo-fittipaldi","tag-freca","tag-freca-2023","tag-grande-premio","tag-grandepremio","tag-grandepremio-f1","tag-hockenheim","tag-martinius-stenshorne","tag-prema","tag-rafael-camara","tag-tim-tramnitz","42wp_author-jp-nascimento"],"_links":{"self":[{"href":"https:\/\/grandepremio.com\/br\/wp-json\/wp\/v2\/posts\/97755","targetHints":{"allow":["GET"]}}],"collection":[{"href":"https:\/\/grandepremio.com\/br\/wp-json\/wp\/v2\/posts"}],"about":[{"href":"https:\/\/grandepremio.com\/br\/wp-json\/wp\/v2\/types\/post"}],"replies":[{"embeddable":true,"href":"https:\/\/grandepremio.com\/br\/wp-json\/wp\/v2\/comments?post=97755"}],"version-history":[{"count":0,"href":"https:\/\/grandepremio.com\/br\/wp-json\/wp\/v2\/posts\/97755\/revisions"}],"wp:featuredmedia":[{"embeddable":true,"href":"https:\/\/grandepremio.com\/br\/wp-json\/wp\/v2\/media\/1000743161"}],"wp:attachment":[{"href":"https:\/\/grandepremio.com\/br\/wp-json\/wp\/v2\/media?parent=97755"}],"wp:term":[{"taxonomy":"category","embeddable":true,"href":"https:\/\/grandepremio.com\/br\/wp-json\/wp\/v2\/categories?post=97755"},{"taxonomy":"post_tag","embeddable":true,"href":"https:\/\/grandepremio.com\/br\/wp-json\/wp\/v2\/tags?post=97755"},{"taxonomy":"42wp_author","embeddable":true,"href":"https:\/\/grandepremio.com\/br\/wp-json\/wp\/v2\/42wp_author?post=97755"}],"curies":[{"name":"wp","href":"https:\/\/api.w.org\/{rel}","templated":true}]}}