{"id":97895,"date":"2023-10-20T16:57:23","date_gmt":"2023-10-20T19:57:23","guid":{"rendered":"https:\/\/grandepremio.com\/br\/noticias\/michael-andretti-revela-construiu-carro-f1-ate-programacao-testes-tunel-vento\/"},"modified":"2023-10-20T17:06:35","modified_gmt":"2023-10-20T20:06:35","slug":"michael-andretti-revela-construiu-carro-f1-ate-programacao-testes-tunel-vento","status":"publish","type":"post","link":"https:\/\/grandepremio.com\/br\/f1\/michael-andretti-revela-construiu-carro-f1-ate-programacao-testes-tunel-vento\/","title":{"rendered":"Andretti revela que j\u00e1 construiu carro de F1 e at\u00e9 programa\u00e7\u00e3o de testes no t\u00fanel de vento"},"content":{"rendered":"\n<p class=\"wp-block-paragraph\">A resist\u00eancia das equipes n\u00e3o abalou a <strong>Andretti<\/strong>, que segue focada e fazendo de tudo para estar no grid da F\u00f3rmula 1 j\u00e1 em 2025. A equipe ainda espera as discuss\u00f5es comerciais com a<strong> Formula One Management (FOM)<\/strong> ap\u00f3s a aprova\u00e7\u00e3o da <strong>Federa\u00e7\u00e3o Internacional de Automobilismo (FIA),<\/strong> mas j\u00e1 construiu at\u00e9 um carro e levar\u00e1 seu prot\u00f3tipo para testes no t\u00fanel de vento da <strong>Toyota <\/strong>\u2014 o mesmo que a <strong>McLaren <\/strong>utilizava. <\/p>\n\n\n\n<p class=\"wp-block-paragraph\">&#8220;No momento, ainda estamos mirando em 2025.&nbsp;Nosso carro estar\u00e1 no t\u00fanel de vento na pr\u00f3xima semana.&nbsp;Temos um carro j\u00e1 constru\u00eddo com as especifica\u00e7\u00f5es de 2023, ent\u00e3o estamos a todo vapor.&nbsp;Estamos construindo uma equipe.&nbsp;No momento o foco \u00e9 2025, mas pode ser 2026, veremos&#8221;, disse <strong>Michael Andretti <\/strong>em entrevista \u00e0 Sky Sports. <\/p>\n\n\n\n<p class=\"wp-block-paragraph\">&#8220;Obrigado \u00e0 FIA e ao presidente da FIA por divulgarem a manifesta\u00e7\u00e3o de interesse.&nbsp;Foi uma coisa muito vigorosa e muito dif\u00edcil de passar.&nbsp;Isso definitivamente mostra que temos o direito de estar aqui no grid e estamos entusiasmados com isso.&nbsp;Estamos muito felizes com o apoio dos f\u00e3s.&nbsp;Tem sido avassalador&#8221;, continuou. <\/p>\n\n\n\n<p class=\"wp-block-paragraph\">Na mesma entrevista, Michael negou que o contrato expirado para fornecimento de motores a <a href=\"https:\/\/www.grandepremio.com\/br\/f1\/noticias\/renault-revela-acordo-fornecimento-motor-andretti-expirou-formula-1\/\" class=\"ek-link\"><strong>Renault <\/strong>seja um problema em 2025. Na \u00faltima semana, a marca francesa revelou que o contrato n\u00e3o s\u00f3 n\u00e3o existe mais como tamb\u00e9m n\u00e3o h\u00e1 interesse numa renova\u00e7\u00e3o agora.<\/a><\/p>\n\n\n\n<figure class=\"wp-block-image size-large\"><img decoding=\"async\" src=\"http:\/\/www.grandepremio.com\/br\/wp-content\/uploads\/2023\/10\/Michael-Andretti-Bommarito-Automotive-Group-500-By_-Joe-Skibinski_Large-Image-Without-Watermark_m91492-1024x683.jpg\" alt=\"\" class=\"wp-image-736388\"\/><figcaption class=\"wp-element-caption\">Andretti foi aprovada pela FIA, mas agora esbarra em quest\u00f5es t\u00e9cnicas importantes (Foto: Indycar)<\/figcaption><\/figure>\n\n\n\n<p class=\"wp-block-paragraph\">Vale ressaltar que Andretti j\u00e1 estava ciente deste entrave, tanto que assinou um pr\u00e9-contrato com a\u00a0<strong>Renault<\/strong>, montadora por tr\u00e1s da\u00a0<strong>Alpine<\/strong>, anos atr\u00e1s.<\/p>\n\n\n\n<p class=\"wp-block-paragraph\"><strong><img decoding=\"async\" src=\"https:\/\/a.slack-edge.com\/production-standard-emoji-assets\/14.0\/google-medium\/25b6-fe0f.png\" alt=\":seta_para_frente:\"><\/strong><strong>&nbsp;Inscreva-se nos dois canais do GRANDE PR\u00caMIO no YouTube:&nbsp;<\/strong><strong><a target=\"_blank\" href=\"https:\/\/www.youtube.com\/channel\/UC9OlHEgxoaY6QY6nWPoiqQg?sub_confirmation=1\" rel=\"noreferrer noopener\">GP<\/a><\/strong><strong>&nbsp;|&nbsp;<\/strong><strong><a target=\"_blank\" href=\"https:\/\/www.youtube.com\/channel\/UC9csiS6q_C3C0FYhyr1rnFA?sub_confirmation=1\" rel=\"noreferrer noopener\">GP2<\/a><\/strong><br><strong><img decoding=\"async\" src=\"https:\/\/a.slack-edge.com\/production-standard-emoji-assets\/14.0\/google-medium\/25b6-fe0f.png\" alt=\":seta_para_frente:\"><\/strong><strong><a target=\"_blank\" href=\"https:\/\/www.twitch.tv\/grandepremio\" rel=\"noreferrer noopener\">Conhe\u00e7a o canal do GRANDE PR\u00caMIO na Twitch clicando aqui!<\/a><\/strong><\/p>\n\n\n\n<p class=\"wp-block-paragraph\">Na mesma entrevista, quando questionado sobre a oposi\u00e7\u00e3o dos atuais times da F1, Andretti enfatizou que espera trazer mais benef\u00edcios aos esporte, tanto para aumentar a competitividade como tamb\u00e9m o interesse comercial pela categoria. <\/p>\n\n\n\n<p class=\"wp-block-paragraph\">&nbsp;\u201c\u00c9 um mist\u00e9rio para mim, de certa forma, o porqu\u00ea elas [equipes] est\u00e3o resistindo.&nbsp;Dizem que estamos cortando a torta, mas acho que a quest\u00e3o \u00e9 que esperamos trazer mais do que estamos tirando.&nbsp;N\u00f3s realmente acreditamos nisso.&nbsp;Se voc\u00ea olhar para o apoio dos f\u00e3s em todas as pesquisas que foram feitas, acho que vamos aumentar isso, n\u00e3o tirar&#8221;, encerrou. <\/p>\n\n\n\n<p class=\"wp-block-paragraph\">O&nbsp;<strong>GRANDE PR\u00caMIO<\/strong>&nbsp;acompanha&nbsp;<a target=\"_blank\" href=\"https:\/\/www.grandepremio.com\/br\/ao-vivo\/f1\" rel=\"noreferrer noopener\"><strong>AO VIVO<\/strong>&nbsp;<strong>e EM&nbsp;<\/strong><\/a><strong><a target=\"_blank\" href=\"https:\/\/www.grandepremio.com\/br\/ao-vivo\/\" rel=\"noreferrer noopener\">TEMPO REAL<\/a><\/strong>&nbsp;todas as atividades do&nbsp;<strong>GP dos Estados Unidos de&nbsp;<\/strong><strong><a target=\"_blank\" href=\"https:\/\/www.grandepremio.com\/formula-1\/\" rel=\"noreferrer noopener\">F\u00f3rmula 1<\/a><\/strong>. Logo mais, a classifica\u00e7\u00e3o est\u00e1 marcada para as 18h (de Bras\u00edlia, GMT-3). No s\u00e1bado, a classifica\u00e7\u00e3o sprint acontece \u00e0s 14h30, com a largada da prova curta \u00e0s 19h. J\u00e1 no domingo, a corrida oficial larga \u00e0s 16h. O&nbsp;<strong>GRANDE PR\u00caMIO ainda exibe classifica\u00e7\u00e3o, corrida curta e a corrida em segunda tela, em parceria com a Voz do Esporte<\/strong>,&nbsp;<strong><a target=\"_blank\" href=\"https:\/\/www.youtube.com\/@GrandePremio1\/videos\" rel=\"noreferrer noopener\">atrav\u00e9s da GPTV<\/a><\/strong>&nbsp;\u2014 o in\u00edcio das transmiss\u00f5es se d\u00e1 15 minutos antes das atividades.<\/p>\n\n\n\n<figure class=\"wp-block-embed is-type-video is-provider-youtube wp-block-embed-youtube wp-embed-aspect-16-9 wp-has-aspect-ratio\"><div class=\"wp-block-embed__wrapper\">\n<iframe loading=\"lazy\" title=\"Sem parceria com Renault, Andretti PERDE FOR\u00c7A para F1? | GP \u00e0s 10\" width=\"500\" height=\"281\" src=\"https:\/\/www.youtube.com\/embed\/ozPz0kaMy9U?feature=oembed\" frameborder=\"0\" allow=\"accelerometer; autoplay; clipboard-write; encrypted-media; gyroscope; picture-in-picture; web-share\" referrerpolicy=\"strict-origin-when-cross-origin\" allowfullscreen><\/iframe>\n<\/div><\/figure>\n","protected":false},"excerpt":{"rendered":"<p>Michael Andretti mant\u00e9m as esperan\u00e7as de estar na F\u00f3rmula 1 em 2025 e revelou que j\u00e1 tem um carro com as especifica\u00e7\u00f5es de 2023, pronto para testes no t\u00fanel de vento<\/p>\n","protected":false},"author":0,"featured_media":1000520642,"comment_status":"closed","ping_status":"closed","sticky":false,"template":"","format":"standard","meta":{"42wp_featured_image_caption":"","42wp_featured_image_credits":"","42wp_featured_video":"","42wp_featured_image_hidden":false,"42wp_authors_list":[],"footnotes":""},"categories":[2],"tags":[417,1982,147,6533,180,30722,2318,1491,30103,28285,25978],"42wp_author":[47139],"class_list":["post-97895","post","type-post","status-publish","format-standard","has-post-thumbnail","hentry","category-f1","tag-andretti","tag-austin","tag-f1","tag-f1-2023","tag-formula-1","tag-formula-1-2023","tag-gp-dos-eua","tag-grande-premio","tag-grande-premio-f1","tag-grandepremio","tag-temporada-2023","42wp_author-ana-cerveira"],"_links":{"self":[{"href":"https:\/\/grandepremio.com\/br\/wp-json\/wp\/v2\/posts\/97895","targetHints":{"allow":["GET"]}}],"collection":[{"href":"https:\/\/grandepremio.com\/br\/wp-json\/wp\/v2\/posts"}],"about":[{"href":"https:\/\/grandepremio.com\/br\/wp-json\/wp\/v2\/types\/post"}],"replies":[{"embeddable":true,"href":"https:\/\/grandepremio.com\/br\/wp-json\/wp\/v2\/comments?post=97895"}],"version-history":[{"count":0,"href":"https:\/\/grandepremio.com\/br\/wp-json\/wp\/v2\/posts\/97895\/revisions"}],"wp:featuredmedia":[{"embeddable":true,"href":"https:\/\/grandepremio.com\/br\/wp-json\/wp\/v2\/media\/1000520642"}],"wp:attachment":[{"href":"https:\/\/grandepremio.com\/br\/wp-json\/wp\/v2\/media?parent=97895"}],"wp:term":[{"taxonomy":"category","embeddable":true,"href":"https:\/\/grandepremio.com\/br\/wp-json\/wp\/v2\/categories?post=97895"},{"taxonomy":"post_tag","embeddable":true,"href":"https:\/\/grandepremio.com\/br\/wp-json\/wp\/v2\/tags?post=97895"},{"taxonomy":"42wp_author","embeddable":true,"href":"https:\/\/grandepremio.com\/br\/wp-json\/wp\/v2\/42wp_author?post=97895"}],"curies":[{"name":"wp","href":"https:\/\/api.w.org\/{rel}","templated":true}]}}