{"id":97909,"date":"2023-10-20T14:13:02","date_gmt":"2023-10-20T17:13:02","guid":{"rendered":"https:\/\/grandepremio.com\/br\/noticias\/formula-1-encara-calor-rachar-classificacao-gp-dos-estados-unidos\/"},"modified":"2023-10-20T14:17:46","modified_gmt":"2023-10-20T17:17:46","slug":"formula-1-encara-calor-rachar-classificacao-gp-dos-estados-unidos","status":"publish","type":"post","link":"https:\/\/grandepremio.com\/br\/f1\/formula-1-encara-calor-rachar-classificacao-gp-dos-estados-unidos\/","title":{"rendered":"F\u00f3rmula 1 encara calor de rachar para classifica\u00e7\u00e3o do GP dos Estados Unidos"},"content":{"rendered":"\n<p class=\"wp-block-paragraph\">\u00c9 hora do fim de semana que abre a verdadeira maratona da <strong>F\u00f3rmula 1<\/strong> no continente americano. No primeiro dia de atividades, esta sexta-feira, o que o <strong>Circuito das Am\u00e9ricas<\/strong>, em <strong>Austin<\/strong>, oferece para o \u00fanico treino livre e a classifica\u00e7\u00e3o do <strong>GP dos Estados Unidos <\/strong>\u00e9 calor fort\u00edssimo.  <\/p>\n\n\n\n<p class=\"wp-block-paragraph\">A defini\u00e7\u00e3o do grid de largada est\u00e1 marcada para as 16h locais <strong>(18h de Bras\u00edlia, GMT-3)<\/strong>. A expectativa para o hor\u00e1rio \u00e9 que os rel\u00f3gios apontem 37\u00b0C de temperatura e sensa\u00e7\u00e3o t\u00e9rmica com um c\u00e9u completamente desprovido de nuvens &#8211; 0% de cobertura, de acordo com o servi\u00e7o de meteorologia Accuweather.  <\/p>\n\n\n\n<p class=\"wp-block-paragraph\"><strong>\u25b6\ufe0f\u00a0Inscreva-se nos dois canais do GRANDE PR\u00caMIO no YouTube:\u00a0<a href=\"https:\/\/www.youtube.com\/channel\/UC9OlHEgxoaY6QY6nWPoiqQg?sub_confirmation=1\" target=\"_blank\" rel=\"noreferrer noopener\">GP<\/a>\u00a0|\u00a0<a href=\"https:\/\/www.youtube.com\/channel\/UC9csiS6q_C3C0FYhyr1rnFA?sub_confirmation=1\" target=\"_blank\" rel=\"noreferrer noopener\">GP2<\/a><\/strong><br><strong>\u25b6\ufe0f\u00a0<a href=\"https:\/\/www.twitch.tv\/grandepremio\" target=\"_blank\" rel=\"noreferrer noopener\">Conhe\u00e7a o canal do GRANDE PR\u00caMIO na Twitch clicando aqui!<\/a><\/strong><\/p>\n\n\n\n<figure class=\"wp-block-image size-large\"><img decoding=\"async\" src=\"http:\/\/www.grandepremio.com\/br\/wp-content\/uploads\/2021\/10\/beto1048-1024x683.jpg\" alt=\"\" class=\"wp-image-520067\"\/><figcaption class=\"wp-element-caption\">F\u00f3rmula 1 retorna aos EUA (Foto: Beto Issa)<\/figcaption><\/figure>\n\n\n\n<p class=\"wp-block-paragraph\">Como n\u00e3o h\u00e1 expectativa de nuvens, tamb\u00e9m n\u00e3o existe qualquer risco de chuva. Os ventos ficam na m\u00e9dia de 11 km\/h, mas com rajadas de at\u00e9 15 km\/h. Enquanto isso, a umidade relativa do ar \u00e9 de apenas 13%. Antes disso, a partir das 12h30 locais <strong>(14h30 de Bras\u00edlia)<\/strong>, o \u00fanico treino livre do fim de semana oferece a chance de pilotos e equipes aprenderem um pouco mais ao longo de 60 minutos. <\/p>\n\n\n\n<p class=\"wp-block-paragraph\">Para esta atividade, a expectativa \u00e9 de 28\u00b0C de temperatura e sensa\u00e7\u00e3o em 30\u00b0C.  Os ventos estar\u00e3o na mesma propor\u00e7\u00e3o da classifica\u00e7\u00e3o, mas a umidade ainda \u00e9 esperada como um pouco maior, em 24%. O c\u00e9u estar\u00e1 coberto por nuvens em apenas 6%.  <\/p>\n\n\n\n<p class=\"wp-block-paragraph\">O <strong>GRANDE PR\u00caMIO<\/strong> acompanha <a href=\"https:\/\/www.grandepremio.com\/br\/ao-vivo\/f1\" class=\"ek-link\"><strong>AO VIVO<\/strong> <strong>e EM TEMPO REAL<\/strong><\/a> todas as atividades do <strong>GP dos Estados Unidos de F\u00f3rmula 1<\/strong> e ainda exibe classifica\u00e7\u00e3o, corrida curta e a corrida em segunda tela, em parceria com a Voz do Esporte, <strong><a href=\"https:\/\/www.youtube.com\/@GrandePremio1\/videos\" class=\"ek-link\">atrav\u00e9s da GPTV<\/a><\/strong>. <\/p>\n\n\n\n<figure class=\"wp-block-embed is-type-video is-provider-youtube wp-block-embed-youtube wp-embed-aspect-16-9 wp-has-aspect-ratio\"><div class=\"wp-block-embed__wrapper\">\n<iframe loading=\"lazy\" title=\"RUSSELL muito legal com HAMILTON? + ULTIMATO de P\u00c9REZ e as gafes do GP dos EUA de F1 | WGP\" width=\"500\" height=\"281\" src=\"https:\/\/www.youtube.com\/embed\/a7d8h-akHJU?feature=oembed\" frameborder=\"0\" allow=\"accelerometer; autoplay; clipboard-write; encrypted-media; gyroscope; picture-in-picture; web-share\" referrerpolicy=\"strict-origin-when-cross-origin\" allowfullscreen><\/iframe>\n<\/div><figcaption class=\"wp-element-caption\">RUSSELL muito legal com HAMILTON? + ULTIMATO de P\u00c9REZ e as gafes do GP dos EUA de F1 | WGP<\/figcaption><\/figure>\n","protected":false},"excerpt":{"rendered":"<p>A defini\u00e7\u00e3o do grid de largada do GP dos Estados Unidos de F\u00f3rmula 1 ser\u00e1 com calor bastante forte no Circuito das Am\u00e9ricas<\/p>\n","protected":false},"author":0,"featured_media":1000742175,"comment_status":"closed","ping_status":"closed","sticky":false,"template":"","format":"standard","meta":{"42wp_featured_image_caption":"","42wp_featured_image_credits":"","42wp_featured_video":"","42wp_featured_image_hidden":false,"42wp_authors_list":[],"footnotes":""},"categories":[2],"tags":[6533,642,30722,5649,24977,2318,1491,26123,30103,28285,35129,2033],"42wp_author":[47120],"class_list":["post-97909","post","type-post","status-publish","format-standard","has-post-thumbnail","hentry","category-f1","tag-f1-2023","tag-f1-ao-vivo","tag-formula-1-2023","tag-gp-de-austin","tag-gp-dos-estados-unidos","tag-gp-dos-eua","tag-grande-premio","tag-grande-premio-ao-vivo","tag-grande-premio-f1","tag-grandepremio","tag-onde-assistir-f1","tag-temperatura","42wp_author-pedro-henrique-marum"],"_links":{"self":[{"href":"https:\/\/grandepremio.com\/br\/wp-json\/wp\/v2\/posts\/97909","targetHints":{"allow":["GET"]}}],"collection":[{"href":"https:\/\/grandepremio.com\/br\/wp-json\/wp\/v2\/posts"}],"about":[{"href":"https:\/\/grandepremio.com\/br\/wp-json\/wp\/v2\/types\/post"}],"replies":[{"embeddable":true,"href":"https:\/\/grandepremio.com\/br\/wp-json\/wp\/v2\/comments?post=97909"}],"version-history":[{"count":0,"href":"https:\/\/grandepremio.com\/br\/wp-json\/wp\/v2\/posts\/97909\/revisions"}],"wp:featuredmedia":[{"embeddable":true,"href":"https:\/\/grandepremio.com\/br\/wp-json\/wp\/v2\/media\/1000742175"}],"wp:attachment":[{"href":"https:\/\/grandepremio.com\/br\/wp-json\/wp\/v2\/media?parent=97909"}],"wp:term":[{"taxonomy":"category","embeddable":true,"href":"https:\/\/grandepremio.com\/br\/wp-json\/wp\/v2\/categories?post=97909"},{"taxonomy":"post_tag","embeddable":true,"href":"https:\/\/grandepremio.com\/br\/wp-json\/wp\/v2\/tags?post=97909"},{"taxonomy":"42wp_author","embeddable":true,"href":"https:\/\/grandepremio.com\/br\/wp-json\/wp\/v2\/42wp_author?post=97909"}],"curies":[{"name":"wp","href":"https:\/\/api.w.org\/{rel}","templated":true}]}}