{"id":98041,"date":"2023-10-19T04:30:00","date_gmt":"2023-10-19T07:30:00","guid":{"rendered":"https:\/\/grandepremio.com\/br\/noticias\/nao-esta-como-ja-esteve-evelyn-guimaraes-ve-perda-ritmo-ferrari-desde-japao\/"},"modified":"2023-10-17T15:03:16","modified_gmt":"2023-10-17T18:03:16","slug":"nao-esta-como-ja-esteve-evelyn-guimaraes-ve-perda-ritmo-ferrari-desde-japao","status":"publish","type":"post","link":"https:\/\/grandepremio.com\/br\/f1\/nao-esta-como-ja-esteve-evelyn-guimaraes-ve-perda-ritmo-ferrari-desde-japao\/","title":{"rendered":"&#8220;N\u00e3o est\u00e1 como j\u00e1 esteve&#8221;: Evelyn Guimar\u00e3es v\u00ea perda de ritmo da Ferrari desde Jap\u00e3o"},"content":{"rendered":"\n<p class=\"wp-block-paragraph\">Para Evelyn Guimar\u00e3es, a Ferrari perdeu o ritmo desde o GP do Jap\u00e3o e precisa retom\u00e1-lo, uma vez que a McLaren est\u00e1 chegando perto. <\/p>\n\n\n\n<p class=\"wp-block-paragraph\">Confira:<\/p>\n\n\n\n<figure class=\"wp-block-embed is-type-rich is-provider-incorporar-manipulador wp-block-embed-incorporar-manipulador wp-embed-aspect-16-9 wp-has-aspect-ratio\"><div class=\"wp-block-embed__wrapper\">\nhttps:\/\/www.youtube.com\/watch?v=JnnxOkU41mk?t=3651\n<\/div><\/figure>\n","protected":false},"excerpt":{"rendered":"<p>Para Evelyn Guimar\u00e3es, a Ferrari perdeu o ritmo desde o GP do Jap\u00e3o e precisa retom\u00e1-lo, uma vez que a McLaren est\u00e1 chegando perto<\/p>\n","protected":false},"author":0,"featured_media":1000738468,"comment_status":"closed","ping_status":"closed","sticky":false,"template":"","format":"standard","meta":{"42wp_featured_image_caption":"","42wp_featured_image_credits":"","42wp_featured_video":"","42wp_featured_image_hidden":false,"42wp_authors_list":[],"footnotes":""},"categories":[2],"tags":[1982,2154,147,6533,207,180,30722,1492,230,2318,1491,30103,28285,82,1537,27357,204,25978,486],"42wp_author":[47139],"class_list":["post-98041","post","type-post","status-publish","format-standard","has-post-thumbnail","hentry","category-f1","tag-austin","tag-evelyn-guimaraes","tag-f1","tag-f1-2023","tag-ferrari","tag-formula-1","tag-formula-1-2023","tag-gabriel-carvalho","tag-gabriel-curty","tag-gp-dos-eua","tag-grande-premio","tag-grande-premio-f1","tag-grandepremio","tag-mercedes","tag-paddock-gp","tag-programas-grande-premio","tag-red-bull","tag-temporada-2023","tag-victor-martins","42wp_author-ana-cerveira"],"_links":{"self":[{"href":"https:\/\/grandepremio.com\/br\/wp-json\/wp\/v2\/posts\/98041","targetHints":{"allow":["GET"]}}],"collection":[{"href":"https:\/\/grandepremio.com\/br\/wp-json\/wp\/v2\/posts"}],"about":[{"href":"https:\/\/grandepremio.com\/br\/wp-json\/wp\/v2\/types\/post"}],"replies":[{"embeddable":true,"href":"https:\/\/grandepremio.com\/br\/wp-json\/wp\/v2\/comments?post=98041"}],"version-history":[{"count":0,"href":"https:\/\/grandepremio.com\/br\/wp-json\/wp\/v2\/posts\/98041\/revisions"}],"wp:featuredmedia":[{"embeddable":true,"href":"https:\/\/grandepremio.com\/br\/wp-json\/wp\/v2\/media\/1000738468"}],"wp:attachment":[{"href":"https:\/\/grandepremio.com\/br\/wp-json\/wp\/v2\/media?parent=98041"}],"wp:term":[{"taxonomy":"category","embeddable":true,"href":"https:\/\/grandepremio.com\/br\/wp-json\/wp\/v2\/categories?post=98041"},{"taxonomy":"post_tag","embeddable":true,"href":"https:\/\/grandepremio.com\/br\/wp-json\/wp\/v2\/tags?post=98041"},{"taxonomy":"42wp_author","embeddable":true,"href":"https:\/\/grandepremio.com\/br\/wp-json\/wp\/v2\/42wp_author?post=98041"}],"curies":[{"name":"wp","href":"https:\/\/api.w.org\/{rel}","templated":true}]}}