{"id":98075,"date":"2023-10-18T14:00:14","date_gmt":"2023-10-18T17:00:14","guid":{"rendered":"https:\/\/grandepremio.com\/br\/noticias\/prema-confirma-dino-beganovic-temporada-2024-formula-3\/"},"modified":"2023-10-18T15:30:12","modified_gmt":"2023-10-18T18:30:12","slug":"prema-confirma-dino-beganovic-temporada-2024-formula-3","status":"publish","type":"post","link":"https:\/\/grandepremio.com\/br\/f3\/prema-confirma-dino-beganovic-temporada-2024-formula-3\/","title":{"rendered":"Prema se adianta e confirma Beganovic para temporada 2024 da F\u00f3rmula 3"},"content":{"rendered":"\n<p class=\"wp-block-paragraph\">A <strong>Prema <\/strong>saiu na frente e anunciou nesta quarta-feira (18) a perman\u00eancia de <strong>Dino Beganovic<\/strong> para a <strong>temporada 2024<\/strong> da <strong>F\u00f3rmula 3<\/strong>. Estreante este ano, o sueco se torna o primeiro piloto confirmado para o <a href=\"https:\/\/www.grandepremio.com\/br\/f3\/\" class=\"ek-link\">campeonato do ano que vem<\/a>.<\/p>\n\n\n\n<p class=\"wp-block-paragraph\">A parceria entre Beganovic e Prema come\u00e7ou em 2020, na <strong>F4 Italiana<\/strong>. Na ocasi\u00e3o, o jovem de 19 anos terminou a classifica\u00e7\u00e3o em terceiro, resultado que o levou para a <strong>FRECA <\/strong>nas duas temporadas seguintes, tamb\u00e9m defendendo as cores da equipe sediada em Vicenza, It\u00e1lia.<\/p>\n\n\n\n<figure class=\"wp-block-image size-full\"><img decoding=\"async\" src=\"http:\/\/www.grandepremio.com\/br\/wp-content\/uploads\/2023\/10\/GettyImages-1720285427.png\" alt=\"\" class=\"wp-image-737127\"\/><figcaption class=\"wp-element-caption\">Dino Beganovic liderou sess\u00f5es de testes de p\u00f3s-temporada (Foto: F\u00f3rmula 3)<\/figcaption><\/figure>\n\n\n\n<p class=\"wp-block-paragraph\">Em seu ano de estreia naquela que \u00e9 considerada o pen\u00faltimo degrau rumo \u00e0 <strong>F\u00f3rmula 1<\/strong>, Beganovic conquistou quatro p\u00f3dios, mas n\u00e3o chegou a vencer, fechando a temporada em sexto lugar.<\/p>\n\n\n\n<p class=\"wp-block-paragraph\">&#8220;Estou muito feliz por confirmar que vou ficar mais um ano com a Prema na F\u00f3rmula 3&#8221;, come\u00e7ou Beganovic. &#8220;\u00c9 muito bom ficar aqui, ser\u00e1 nosso quinto ano juntos. Estou ansioso para seguir com o trabalho que realizamos ao longo dos anos, come\u00e7ando pela F\u00f3rmula 4. Nossos objetivos s\u00e3o claros e foram jogados para cima, por\u00e9m s\u00e3o alcan\u00e7\u00e1veis. Vamos nos concentrar nas sess\u00f5es de testes para nos prepararmos o m\u00e1ximo poss\u00edvel para a primeira corrida do ano que vem&#8221;, acrescentou.<\/p>\n\n\n\n<p class=\"wp-block-paragraph\">Chefe da Prema, <strong>Ren\u00e9 Rosin<\/strong> acrescentou que o sueco tem tudo para ser ainda mais competitivo em 2024 gra\u00e7as \u00e0 experi\u00eancia adquirida este ano, ressaltando que &#8220;sempre gostaram de trabalhar com Dino&#8221;.<\/p>\n\n\n\n<p class=\"wp-block-paragraph\">&#8220;Ele \u00e9 um piloto r\u00e1pido e experiente e trabalha muito bem no ambiente da nossa equipe. Com a experi\u00eancia adquirida este ano, o desafio dele ser\u00e1 ainda mais s\u00f3lido, e pelo que vimos at\u00e9 agora nos testes, h\u00e1 uma grande promessa, sem d\u00favida. Estamos muito felizes por continuar o caminho que iniciamos juntos em 2020 e ansiosos para ver o que o futuro trar\u00e1&#8221;, concluiu.<\/p>\n\n\n\n<p class=\"wp-block-paragraph\">Beganovic foi o mais r\u00e1pido no primeiro teste de p\u00f3s-temporada realizado no circuito de <strong>Jerez de la Frontera<\/strong>. No dia 2 dos testes feitos em <strong>Barcelona<\/strong>, o piloto comandou a sess\u00e3o da tarde.<\/p>\n\n\n\n<p class=\"wp-block-paragraph\"><strong>\u25b6\ufe0f\u00a0Inscreva-se nos dois canais do GRANDE PR\u00caMIO no YouTube:\u00a0<a href=\"https:\/\/www.youtube.com\/channel\/UC9OlHEgxoaY6QY6nWPoiqQg?sub_confirmation=1\" target=\"_blank\" rel=\"noreferrer noopener\">GP<\/a>\u00a0|\u00a0<a href=\"https:\/\/www.youtube.com\/channel\/UC9csiS6q_C3C0FYhyr1rnFA?sub_confirmation=1\" target=\"_blank\" rel=\"noreferrer noopener\">GP2<\/a><\/strong><br><strong>\u25b6\ufe0f\u00a0<a href=\"https:\/\/www.twitch.tv\/grandepremio\" target=\"_blank\" rel=\"noreferrer noopener\">Conhe\u00e7a o canal do GRANDE PR\u00caMIO na Twitch clicando aqui!<\/a><\/strong><\/p>\n\n\n\n<figure class=\"wp-block-embed is-type-video is-provider-youtube wp-block-embed-youtube wp-embed-aspect-16-9 wp-has-aspect-ratio\"><div class=\"wp-block-embed__wrapper\">\n<iframe loading=\"lazy\" title=\"Disputa INTENSA na Mercedes, RETORNO de Daniel Ricciardo e TUDO sobre a F1 nos EUA | TTGP #118\" width=\"500\" height=\"281\" src=\"https:\/\/www.youtube.com\/embed\/l54zsE5Rz90?feature=oembed\" frameborder=\"0\" allow=\"accelerometer; autoplay; clipboard-write; encrypted-media; gyroscope; picture-in-picture; web-share\" referrerpolicy=\"strict-origin-when-cross-origin\" allowfullscreen><\/iframe>\n<\/div><\/figure>\n","protected":false},"excerpt":{"rendered":"<p>Dino Beganovic \u00e9 o primeiro piloto confirmado para a temporada 2024 da F\u00f3rmula 3. Estreante este ano, vai seguir com a Prema, equipe que defende nas categorias de base desde 2020<\/p>\n","protected":false},"author":0,"featured_media":1000703868,"comment_status":"closed","ping_status":"closed","sticky":false,"template":"","format":"standard","meta":{"42wp_featured_image_caption":"","42wp_featured_image_credits":"","42wp_featured_video":"","42wp_featured_image_hidden":false,"42wp_authors_list":[],"footnotes":""},"categories":[10],"tags":[29655,31948,29810,1008,32564,35968,8057,32563,1491,28285,35181,349,33331],"42wp_author":[47147],"class_list":["post-98075","post","type-post","status-publish","format-standard","has-post-thumbnail","hentry","category-f3","tag-calendario-f3","tag-classificacao-f3","tag-dino-beganovic","tag-f3","tag-f3-2023","tag-f3-2024","tag-formula-3","tag-formula-3-2023","tag-grande-premio","tag-grandepremio","tag-horarios-f3","tag-prema","tag-temporada-2023-f3","42wp_author-luana-marino"],"_links":{"self":[{"href":"https:\/\/grandepremio.com\/br\/wp-json\/wp\/v2\/posts\/98075","targetHints":{"allow":["GET"]}}],"collection":[{"href":"https:\/\/grandepremio.com\/br\/wp-json\/wp\/v2\/posts"}],"about":[{"href":"https:\/\/grandepremio.com\/br\/wp-json\/wp\/v2\/types\/post"}],"replies":[{"embeddable":true,"href":"https:\/\/grandepremio.com\/br\/wp-json\/wp\/v2\/comments?post=98075"}],"version-history":[{"count":0,"href":"https:\/\/grandepremio.com\/br\/wp-json\/wp\/v2\/posts\/98075\/revisions"}],"wp:featuredmedia":[{"embeddable":true,"href":"https:\/\/grandepremio.com\/br\/wp-json\/wp\/v2\/media\/1000703868"}],"wp:attachment":[{"href":"https:\/\/grandepremio.com\/br\/wp-json\/wp\/v2\/media?parent=98075"}],"wp:term":[{"taxonomy":"category","embeddable":true,"href":"https:\/\/grandepremio.com\/br\/wp-json\/wp\/v2\/categories?post=98075"},{"taxonomy":"post_tag","embeddable":true,"href":"https:\/\/grandepremio.com\/br\/wp-json\/wp\/v2\/tags?post=98075"},{"taxonomy":"42wp_author","embeddable":true,"href":"https:\/\/grandepremio.com\/br\/wp-json\/wp\/v2\/42wp_author?post=98075"}],"curies":[{"name":"wp","href":"https:\/\/api.w.org\/{rel}","templated":true}]}}