{"id":98125,"date":"2023-10-17T12:34:46","date_gmt":"2023-10-17T15:34:46","guid":{"rendered":"https:\/\/grandepremio.com\/br\/noticias\/pirelli-ve-problema-particular-f1-pneus-gp-catar-categorias-sao-diferentes\/"},"modified":"2023-10-17T12:36:13","modified_gmt":"2023-10-17T15:36:13","slug":"pirelli-ve-problema-particular-f1-pneus-gp-catar-categorias-sao-diferentes","status":"publish","type":"post","link":"https:\/\/grandepremio.com\/br\/f1\/pirelli-ve-problema-particular-f1-pneus-gp-catar-categorias-sao-diferentes\/","title":{"rendered":"Pirelli v\u00ea problema particular da F1 com pneus no GP do Catar: &#8220;Categorias s\u00e3o diferentes&#8221;"},"content":{"rendered":"\n<p class=\"wp-block-paragraph\">As equipes da\u00a0<strong><a href=\"https:\/\/www.grandepremio.com\/formula-1\/\" target=\"_blank\" rel=\"noreferrer noopener\">F\u00f3rmula 1<\/a><\/strong>\u00a0ser\u00e3o mesmo obrigadas a, no m\u00ednimo, tr\u00eas paradas para trocar pneus durante as 57 voltas previstas para o\u00a0<strong>GP do Catar<\/strong>. Isso porque a\u00a0<strong><a href=\"https:\/\/www.grandepremio.com\/br\/f1\/noticias\/formula-1-realiza-treino-emergencia-antes-sprint-catar-seguranca-pneus\/\">separa\u00e7\u00e3o da superf\u00edcie da camada lateral do pneu\u00a0<\/a><\/strong>da carca\u00e7a apresentou alto desgaste \u2014  o que, segundo comunicado oficial emitido pela <strong>Federa\u00e7\u00e3o Internacional do Automobilismo (FIA)<\/strong>, \u201cum n\u00famero significativo de voltas adicionais com estes compostos poderia resultar em danos circunferenciais dos pneus, com subsequente perda de ar\u201d.<\/p>\n\n\n\n<p class=\"wp-block-paragraph\">De acordo com a <strong>Pirelli<\/strong>, no entanto, o problema n\u00e3o poderia ter sido descoberto antes, tampouco em outra categoria. Segundo <strong>Mario Isola<\/strong>, chefe da marca italiana na F1, a quest\u00e3o com os carros da categoria foi particular e n\u00e3o necessariamente outras competi\u00e7\u00f5es sofreriam a mesma coisa. <\/p>\n\n\n\n<p class=\"wp-block-paragraph\"><strong><img decoding=\"async\" src=\"https:\/\/a.slack-edge.com\/production-standard-emoji-assets\/14.0\/google-medium\/25b6-fe0f.png\" alt=\":seta_para_frente:\"><\/strong><strong>&nbsp;Inscreva-se nos dois canais do GRANDE PR\u00caMIO no YouTube:&nbsp;<\/strong><strong><a target=\"_blank\" href=\"https:\/\/www.youtube.com\/channel\/UC9OlHEgxoaY6QY6nWPoiqQg?sub_confirmation=1\" rel=\"noreferrer noopener\">GP<\/a><\/strong><strong>&nbsp;|&nbsp;<\/strong><strong><a target=\"_blank\" href=\"https:\/\/www.youtube.com\/channel\/UC9csiS6q_C3C0FYhyr1rnFA?sub_confirmation=1\" rel=\"noreferrer noopener\">GP2<\/a><\/strong><br><strong><img decoding=\"async\" src=\"https:\/\/a.slack-edge.com\/production-standard-emoji-assets\/14.0\/google-medium\/25b6-fe0f.png\" alt=\":seta_para_frente:\"><\/strong><strong><a target=\"_blank\" href=\"https:\/\/www.twitch.tv\/grandepremio\" rel=\"noreferrer noopener\">Conhe\u00e7a o canal do GRANDE PR\u00caMIO na Twitch clicando aqui!<\/a><\/strong><\/p>\n\n\n\n<figure class=\"wp-block-image size-large\"><img decoding=\"async\" src=\"http:\/\/www.grandepremio.com\/br\/wp-content\/uploads\/2020\/05\/10-thursday-austin-2022-1024x683.jpg\" alt=\"\" class=\"wp-image-629264\"\/><figcaption class=\"wp-element-caption\">Desde 2011, a Pirelli \u00e9 a fornecedora de pneus da F\u00f3rmula 1 (Foto: Carl Bingham\/Pirelli\/LAT Images)<\/figcaption><\/figure>\n\n\n\n<p class=\"wp-block-paragraph\">\u201cCada campeonato \u00e9 diferente\u201d, explicou.\u00a0\u201cPor exemplo, no passado, tivemos alguns problemas com os carros GT, porque eles cortavam muito mais curvas do que os da F1. Talvez voc\u00ea pudesse organizar um evento internacional de GT [para testar], mas n\u00e3o encontra o mesmo problema. Portanto, n\u00e3o tenho certeza se organizar um evento internacional seja a maneira de resolver o problema&#8221;, continuou. <\/p>\n\n\n\n<p class=\"wp-block-paragraph\">O novo asfalto do circuito de <strong>Lusail <\/strong>tamb\u00e9m gerou um problema com a ader\u00eancia dos carros. Por isso, <strong>Max Verstappen<\/strong> foi bastante enf\u00e1tico ao dizer que corridas ou testes deveriam ser feitos antes da F1 chegar ao local e enfrentar essas quest\u00f5es com a etapa j\u00e1 acontecendo. <\/p>\n\n\n\n<p class=\"wp-block-paragraph\">\u201cDa pr\u00f3xima vez que entrarmos em uma situa\u00e7\u00e3o como essa, n\u00e3o acho que a F1 deva ser a primeira a pilotar porque parece um pouco bobo\u201d, disse Verstappen. &#8220;Porque j\u00e1 no TL1 os carros estavam deslizando e sem ader\u00eancia&#8230; acho que \u00e9 importante quando vamos para uma pista onde eles colocaram um novo asfalto que pelo menos j\u00e1 tenha sido usado um pouco&#8221;, concluiu. <\/p>\n\n\n\n<p class=\"wp-block-paragraph\">A\u00a0<a href=\"https:\/\/www.grandepremio.com\/formula-1\/\" target=\"_blank\" rel=\"noreferrer noopener\">F\u00f3rmula 1<\/a>\u00a0volta entre os dias 20 e 22 de outubro, em\u00a0<strong>Austin<\/strong>, com o\u00a0<strong>GP dos Estados<\/strong>\u00a0<strong>Unidos<\/strong>, o primeiro da \u00faltima perna tripla da temporada. E o\u00a0<strong>GRANDE PR\u00caMIO<\/strong>\u00a0acompanha tudo.<\/p>\n\n\n\n<figure class=\"wp-block-embed is-type-video is-provider-youtube wp-block-embed-youtube wp-embed-aspect-16-9 wp-has-aspect-ratio\"><div class=\"wp-block-embed__wrapper\">\n<iframe loading=\"lazy\" title=\"Sem parceria com Renault, Andretti PERDE FOR\u00c7A para F1? | GP \u00e0s 10\" width=\"500\" height=\"281\" src=\"https:\/\/www.youtube.com\/embed\/ozPz0kaMy9U?feature=oembed\" frameborder=\"0\" allow=\"accelerometer; autoplay; clipboard-write; encrypted-media; gyroscope; picture-in-picture; web-share\" referrerpolicy=\"strict-origin-when-cross-origin\" allowfullscreen><\/iframe>\n<\/div><\/figure>\n","protected":false},"excerpt":{"rendered":"<p>De acordo com a Pirelli, o problema com os pneus n\u00e3o poderia ter sido descoberto antes, tampouco em outra categoria<\/p>\n","protected":false},"author":0,"featured_media":1000738527,"comment_status":"closed","ping_status":"closed","sticky":false,"template":"","format":"standard","meta":{"42wp_featured_image_caption":"","42wp_featured_image_credits":"","42wp_featured_video":"","42wp_featured_image_hidden":false,"42wp_authors_list":[],"footnotes":""},"categories":[2],"tags":[1982,1113,147,6533,180,30722,2318,1491,30103,28285,1126,25978],"42wp_author":[47139],"class_list":["post-98125","post","type-post","status-publish","format-standard","has-post-thumbnail","hentry","category-f1","tag-austin","tag-catar","tag-f1","tag-f1-2023","tag-formula-1","tag-formula-1-2023","tag-gp-dos-eua","tag-grande-premio","tag-grande-premio-f1","tag-grandepremio","tag-pirelli","tag-temporada-2023","42wp_author-ana-cerveira"],"_links":{"self":[{"href":"https:\/\/grandepremio.com\/br\/wp-json\/wp\/v2\/posts\/98125","targetHints":{"allow":["GET"]}}],"collection":[{"href":"https:\/\/grandepremio.com\/br\/wp-json\/wp\/v2\/posts"}],"about":[{"href":"https:\/\/grandepremio.com\/br\/wp-json\/wp\/v2\/types\/post"}],"replies":[{"embeddable":true,"href":"https:\/\/grandepremio.com\/br\/wp-json\/wp\/v2\/comments?post=98125"}],"version-history":[{"count":0,"href":"https:\/\/grandepremio.com\/br\/wp-json\/wp\/v2\/posts\/98125\/revisions"}],"wp:featuredmedia":[{"embeddable":true,"href":"https:\/\/grandepremio.com\/br\/wp-json\/wp\/v2\/media\/1000738527"}],"wp:attachment":[{"href":"https:\/\/grandepremio.com\/br\/wp-json\/wp\/v2\/media?parent=98125"}],"wp:term":[{"taxonomy":"category","embeddable":true,"href":"https:\/\/grandepremio.com\/br\/wp-json\/wp\/v2\/categories?post=98125"},{"taxonomy":"post_tag","embeddable":true,"href":"https:\/\/grandepremio.com\/br\/wp-json\/wp\/v2\/tags?post=98125"},{"taxonomy":"42wp_author","embeddable":true,"href":"https:\/\/grandepremio.com\/br\/wp-json\/wp\/v2\/42wp_author?post=98125"}],"curies":[{"name":"wp","href":"https:\/\/api.w.org\/{rel}","templated":true}]}}