{"id":98229,"date":"2023-10-15T11:43:44","date_gmt":"2023-10-15T14:43:44","guid":{"rendered":"https:\/\/grandepremio.com\/br\/noticias\/valtteri-bottas-critica-escolhas-sedes-corridas-formula-1-pudesse-pularia-algumas\/"},"modified":"2023-10-15T12:19:19","modified_gmt":"2023-10-15T15:19:19","slug":"valtteri-bottas-critica-escolhas-sedes-corridas-formula-1-pudesse-pularia-algumas","status":"publish","type":"post","link":"https:\/\/grandepremio.com\/br\/f1\/valtteri-bottas-critica-escolhas-sedes-corridas-formula-1-pudesse-pularia-algumas\/","title":{"rendered":"Bottas critica escolhas de sedes de corridas da F\u00f3rmula 1: &#8220;Se pudesse, pularia algumas&#8221;"},"content":{"rendered":"\n<p class=\"wp-block-paragraph\"><strong>Valtteri Bottas<\/strong> definiu como &#8220;um pouco controversa&#8221; a maneira como a <strong>Federa\u00e7\u00e3o Internacional de Automobilismo <\/strong>(FIA) e a <strong>F\u00f3rmula 1 <\/strong>escolhem quais ser\u00e3o os pa\u00edses que v\u00e3o formar o calend\u00e1rio de corridas. Segundo o piloto da <strong>Alfa Romeo<\/strong>, as entidades colocam o fator financeiro \u00e0 frente de outras quest\u00f5es no momento da decis\u00e3o e, se pudesse, pularia algumas etapas do Mundial.<\/p>\n\n\n\n<p class=\"wp-block-paragraph\">&#8220;Sempre haver\u00e1 alguma rea\u00e7\u00e3o negativa e cr\u00edtica, mas acho, sinceramente, muitas coisas boas tamb\u00e9m podem ser feitas, mas \u00e9 um pouco controverso&#8221;, iniciou o finland\u00eas, em declara\u00e7\u00e3o ap\u00f3s o <strong>GP do Catar<\/strong>, que devido ao extremo calor em Lusail, ser\u00e1 lembrado por deixar os pilotos vomitando, com perda parcial de vis\u00e3o e diagn\u00f3sticos de desidrata\u00e7\u00e3o aguda. A combina\u00e7\u00e3o colocou os competidores em risco durante as 57 voltas no circuito catari.<\/p>\n\n\n\n<p class=\"wp-block-paragraph\">&#8220;N\u00e3o quero mencionar pa\u00edses espec\u00edficos, mas, \u00e0s vezes, questionamos as coisas, mas no final, a resposta \u00e9 sempre a mesma: dinheiro. Isso \u00e9 o que manda&#8221;, prosseguiu.<\/p>\n\n\n\n<p class=\"wp-block-paragraph\"><strong><img decoding=\"async\" src=\"https:\/\/a.slack-edge.com\/production-standard-emoji-assets\/14.0\/google-medium\/25b6-fe0f.png\" alt=\":seta_para_frente:\">&nbsp;Inscreva-se nos dois canais do GRANDE PR\u00caMIO no YouTube:&nbsp;<a href=\"https:\/\/www.youtube.com\/channel\/UC9OlHEgxoaY6QY6nWPoiqQg?sub_confirmation=1\" target=\"_blank\" rel=\"noreferrer noopener\">GP<\/a>&nbsp;|&nbsp;<a href=\"https:\/\/www.youtube.com\/channel\/UC9csiS6q_C3C0FYhyr1rnFA?sub_confirmation=1\" target=\"_blank\" rel=\"noreferrer noopener\">GP2<\/a><\/strong><br><strong><img decoding=\"async\" src=\"https:\/\/a.slack-edge.com\/production-standard-emoji-assets\/14.0\/google-medium\/25b6-fe0f.png\" alt=\":seta_para_frente:\">&nbsp;<a href=\"https:\/\/www.twitch.tv\/grandepremio\" target=\"_blank\" rel=\"noreferrer noopener\">Conhe\u00e7a o canal do GRANDE PR\u00caMIO na Twitch clicando aqui!<\/a><\/strong><\/p>\n\n\n\n<figure class=\"wp-block-image size-large\"><img decoding=\"async\" src=\"http:\/\/www.grandepremio.com\/br\/wp-content\/uploads\/2023\/10\/catar-2023-f1-treino-livre-alfa-romeo-valtteri-bottas-02-1024x683.jpg\" alt=\"\" class=\"wp-image-737001\"\/><figcaption class=\"wp-element-caption\">Valtteri Bottas foi o oitavo lugar no GP do Catar (Foto: Alfa Romeo)<\/figcaption><\/figure>\n\n\n\n<p class=\"wp-block-paragraph\">Embora critico com os m\u00e9todos de escolha dos pa\u00edses que v\u00e3o receber a F\u00f3rmula 1, Bottas colocou panos quentes na discuss\u00e3o e ressaltou que &#8220;ama correr&#8221;, independente do local. &#8220;\u00c9 uma paix\u00e3o para mim e sou pago para faz\u00ea-lo. Vou para onde as corridas est\u00e3o porque quero ter a chance de lutar por pontos e tentar alcan\u00e7ar meu objetivo, simples assim&#8221;, afirmou.<\/p>\n\n\n\n<p class=\"wp-block-paragraph\">Por\u00e9m, se tivesse o poder de decis\u00e3o em sua m\u00e3os, a Finl\u00e2ndia, sua terra natal, seria sede de uma prova da categoria. &#8220;Claro, se eu pudesse escolher em quais corridas vamos, eu provavelmente pularia algumas e mudaria para correr na Finl\u00e2ndia, por exemplo, mas \u00e9 assim que o esporte \u00e9. \u00c0s vezes, voc\u00ea s\u00f3 tem que seguir em frente, mas n\u00e3o \u00e9 f\u00e1cil, com certeza&#8221;, concluiu o 14\u00ba colocado no Mundial de Pilotos, com 10 pontos.<\/p>\n\n\n\n<p class=\"wp-block-paragraph\">A&nbsp;<a href=\"https:\/\/www.grandepremio.com\/formula-1\/\" target=\"_blank\" rel=\"noreferrer noopener\"><\/a><a href=\"https:\/\/www.grandepremio.com\/formula-1\/\" target=\"_blank\" rel=\"noreferrer noopener\">F\u00f3rmula 1<\/a>&nbsp;volta na pr\u00f3xima semana, entre os dias 20 e 22 de outubro, em&nbsp;<strong>Austin<\/strong>, com o&nbsp;<strong>GP dos Estados<\/strong>&nbsp;<strong>Unidos<\/strong>, o primeiro da \u00faltima perna tripla da temporada. E o&nbsp;<strong>GRANDE PR\u00caMIO<\/strong>&nbsp;acompanha tudo.<\/p>\n\n\n\n<figure class=\"wp-block-embed is-type-rich is-provider-incorporar-manipulador wp-block-embed-incorporar-manipulador wp-embed-aspect-16-9 wp-has-aspect-ratio\"><div class=\"wp-block-embed__wrapper\">\n<iframe loading=\"lazy\" title=\"Sem parceria com Renault, Andretti PERDE FOR\u00c7A para F1? | GP \u00e0s 10\" width=\"500\" height=\"281\" src=\"https:\/\/www.youtube.com\/embed\/ozPz0kaMy9U?feature=oembed\" frameborder=\"0\" allow=\"accelerometer; autoplay; clipboard-write; encrypted-media; gyroscope; picture-in-picture; web-share\" referrerpolicy=\"strict-origin-when-cross-origin\" allowfullscreen><\/iframe>\n<\/div><figcaption class=\"wp-element-caption\">Sem parceria com Renault, Andretti PERDE FOR\u00c7A para F1? | GP \u00e0s 10<\/figcaption><\/figure>\n","protected":false},"excerpt":{"rendered":"<p>Em entrevista ap\u00f3s o ca\u00f3tico GP do Catar, Valtteri Bottas afirmou que a quantidade de dinheiro \u00e9 o que determina qual pa\u00eds vai receber a F\u00f3rmula 1<\/p>\n","protected":false},"author":0,"featured_media":1000732117,"comment_status":"closed","ping_status":"closed","sticky":false,"template":"","format":"standard","meta":{"42wp_featured_image_caption":"","42wp_featured_image_credits":"","42wp_featured_video":"","42wp_featured_image_hidden":false,"42wp_authors_list":[],"footnotes":""},"categories":[2],"tags":[457,1982,1113,6533,30722,600,32667,33558],"42wp_author":[47145],"class_list":["post-98229","post","type-post","status-publish","format-standard","has-post-thumbnail","hentry","category-f1","tag-alfa-romeo","tag-austin","tag-catar","tag-f1-2023","tag-formula-1-2023","tag-gp-do-catar","tag-grandepremio-f1","tag-temporada-2023-da-f1","42wp_author-alessandro-pinheiro"],"_links":{"self":[{"href":"https:\/\/grandepremio.com\/br\/wp-json\/wp\/v2\/posts\/98229","targetHints":{"allow":["GET"]}}],"collection":[{"href":"https:\/\/grandepremio.com\/br\/wp-json\/wp\/v2\/posts"}],"about":[{"href":"https:\/\/grandepremio.com\/br\/wp-json\/wp\/v2\/types\/post"}],"replies":[{"embeddable":true,"href":"https:\/\/grandepremio.com\/br\/wp-json\/wp\/v2\/comments?post=98229"}],"version-history":[{"count":0,"href":"https:\/\/grandepremio.com\/br\/wp-json\/wp\/v2\/posts\/98229\/revisions"}],"wp:featuredmedia":[{"embeddable":true,"href":"https:\/\/grandepremio.com\/br\/wp-json\/wp\/v2\/media\/1000732117"}],"wp:attachment":[{"href":"https:\/\/grandepremio.com\/br\/wp-json\/wp\/v2\/media?parent=98229"}],"wp:term":[{"taxonomy":"category","embeddable":true,"href":"https:\/\/grandepremio.com\/br\/wp-json\/wp\/v2\/categories?post=98229"},{"taxonomy":"post_tag","embeddable":true,"href":"https:\/\/grandepremio.com\/br\/wp-json\/wp\/v2\/tags?post=98229"},{"taxonomy":"42wp_author","embeddable":true,"href":"https:\/\/grandepremio.com\/br\/wp-json\/wp\/v2\/42wp_author?post=98229"}],"curies":[{"name":"wp","href":"https:\/\/api.w.org\/{rel}","templated":true}]}}