{"id":98407,"date":"2023-10-11T14:17:47","date_gmt":"2023-10-11T17:17:47","guid":{"rendered":"https:\/\/grandepremio.com\/br\/noticias\/nico-hulkenberg-fala-sobre-punicao-largada-gp-catar-estraguei-tudo\/"},"modified":"2023-10-11T14:17:54","modified_gmt":"2023-10-11T17:17:54","slug":"nico-hulkenberg-fala-sobre-punicao-largada-gp-catar-estraguei-tudo","status":"publish","type":"post","link":"https:\/\/grandepremio.com\/br\/f1\/nico-hulkenberg-fala-sobre-punicao-largada-gp-catar-estraguei-tudo\/","title":{"rendered":"H\u00fclkenberg fala sobre puni\u00e7\u00e3o na largada do GP do Catar: \u201cEstraguei tudo\u201d"},"content":{"rendered":"\n<p class=\"wp-block-paragraph\"><strong>Nico H\u00fclkenberg<\/strong>, que despontava como um candidato ao top-10 no <strong>GP do Catar<\/strong>, acabou com suas chances de pontuar antes mesmo da largada. Isso porque o titular da <strong>Haas <\/strong>cometeu uma infra\u00e7\u00e3o ao alinhar o carro no colchete logo ap\u00f3s a volta de apresenta\u00e7\u00e3o. Assim, o alem\u00e3o sofreu uma puni\u00e7\u00e3o de 10s, o que atrapalhou a corrida antes mesmo de ela come\u00e7ar.<\/p>\n\n\n\n<p class=\"wp-block-paragraph\">A <strong>Ferrari <\/strong>encontrou um <a href=\"https:\/\/www.grandepremio.com\/br\/f1\/noticias\/carlos-sainz-sofre-vazamento-combustivel-ferrari-fica-fora-gp-catar\/\" class=\"ek-link\">problema de vazamento de combust\u00edvel<\/a> na<strong> SF-23<\/strong> de <strong>Carlos Sainz<\/strong> e, por isso, o espanhol que largaria de 12\u00ba sequer chegou a tirar o carro da garagem no domingo. H\u00fclkenberg, que teria de sair 14\u00ba, se confundiu ao ver o lugar do #55 vago no grid e parou a Haas no lugar errado.\u00a0<\/p>\n\n\n\n<p class=\"wp-block-paragraph\"><strong>\u25b6\ufe0f\u00a0Inscreva-se nos dois canais do GRANDE PR\u00caMIO no YouTube:\u00a0<a href=\"https:\/\/www.youtube.com\/channel\/UC9OlHEgxoaY6QY6nWPoiqQg?sub_confirmation=1\" target=\"_blank\" rel=\"noreferrer noopener\">GP<\/a>\u00a0|\u00a0<a href=\"https:\/\/www.youtube.com\/channel\/UC9csiS6q_C3C0FYhyr1rnFA?sub_confirmation=1\" target=\"_blank\" rel=\"noreferrer noopener\">GP2<\/a><\/strong><br><strong>\u25b6\ufe0f\u00a0<a href=\"https:\/\/www.twitch.tv\/grandepremio\" target=\"_blank\" rel=\"noreferrer noopener\">Conhe\u00e7a o canal do GRANDE PR\u00caMIO na Twitch clicando aqui!<\/a><\/strong><\/p>\n\n\n\n<figure class=\"wp-block-image size-large\"><img decoding=\"async\" src=\"https:\/\/www.grandepremio.com\/br\/wp-content\/uploads\/2023\/10\/catar-2023-f1-corrida-haas-nico-hulkenberg-afp-01-1024x683.jpg\" alt=\"\" class=\"wp-image-738432\"\/><figcaption class=\"wp-element-caption\">Nico H\u00fclkenberg saiu zerado da etapa em Lusail (Foto: AFP) <\/figcaption><\/figure>\n\n\n\n<p class=\"wp-block-paragraph\">Os comiss\u00e1rios, ao perceberem a falha do #27, o puniram logo nas primeiras voltas. Nico reconheceu o erro e lamentou o ocorrido.<\/p>\n\n\n\n<p class=\"wp-block-paragraph\">\u201cEu estraguei tudo. N\u00e3o precisamos discutir sobre isso. \u00c9 uma situa\u00e7\u00e3o estranha quando de repente n\u00e3o h\u00e1 nenhum carro \u00e0 sua frente. Voc\u00ea est\u00e1 acostumado a utiliz\u00e1-lo como refer\u00eancia. A corrida foi arruinada, simplesmente\u201d, afirmou o alem\u00e3o.<\/p>\n\n\n\n<p class=\"wp-block-paragraph\">\u201cEu percebi antes de parar, mas voc\u00ea n\u00e3o pode reverter e o estrago estava feito, ent\u00e3o isso foi obviamente um grande erro meu. Isso interrompeu nossa corrida antes mesmo de come\u00e7ar\u201d, finalizou H\u00fclkenberg.<\/p>\n\n\n\n<p class=\"wp-block-paragraph\">A\u00a0<a href=\"https:\/\/www.grandepremio.com\/formula-1\/\" target=\"_blank\" rel=\"noreferrer noopener\"><\/a><a href=\"https:\/\/www.grandepremio.com\/formula-1\/\" target=\"_blank\" rel=\"noreferrer noopener\">F\u00f3rmula 1<\/a>\u00a0volta daqui a duas semanas, entre os dias 20 e 22 de outubro, em\u00a0<strong>Austin<\/strong>, com o\u00a0<strong>GP dos Estados<\/strong>\u00a0<strong>Unidos<\/strong>, o primeiro da \u00faltima perna tripla da temporada. E o\u00a0<strong>GRANDE PR\u00caMIO<\/strong>\u00a0acompanha tudo.<\/p>\n\n\n\n<figure class=\"wp-block-embed is-type-rich is-provider-incorporar-manipulador wp-block-embed-incorporar-manipulador wp-embed-aspect-16-9 wp-has-aspect-ratio\"><div class=\"wp-block-embed__wrapper\">\nhttps:\/\/youtube.com\/watch?v=2NAi4Q_1pI0%3Fsi%3DH2pL8B3ScahRDEoQ\n<\/div><\/figure>\n","protected":false},"excerpt":{"rendered":"<p>Depois de alinhar o carro no lugar errado durante o procedimento de largada em Lusail, Nico H\u00fclkenberg lamentou a oportunidade de voltar a figurar no top-10 na F1<\/p>\n","protected":false},"author":0,"featured_media":1000731869,"comment_status":"closed","ping_status":"closed","sticky":false,"template":"","format":"standard","meta":{"42wp_featured_image_caption":"","42wp_featured_image_credits":"","42wp_featured_video":"","42wp_featured_image_hidden":false,"42wp_authors_list":[],"footnotes":""},"categories":[2],"tags":[147,600,36709,30091,219,28285,119,14495,10908,25514],"42wp_author":[47149],"class_list":["post-98407","post","type-post","status-publish","format-standard","has-post-thumbnail","hentry","category-f1","tag-f1","tag-gp-do-catar","tag-gp-do-catar-2023","tag-gp-do-catar-de-formula-1","tag-grande-prmio","tag-grandepremio","tag-haas","tag-haas-f1","tag-haas-f1-team","tag-nico-hulkenberg-2","42wp_author-bernardo-castro"],"_links":{"self":[{"href":"https:\/\/grandepremio.com\/br\/wp-json\/wp\/v2\/posts\/98407","targetHints":{"allow":["GET"]}}],"collection":[{"href":"https:\/\/grandepremio.com\/br\/wp-json\/wp\/v2\/posts"}],"about":[{"href":"https:\/\/grandepremio.com\/br\/wp-json\/wp\/v2\/types\/post"}],"replies":[{"embeddable":true,"href":"https:\/\/grandepremio.com\/br\/wp-json\/wp\/v2\/comments?post=98407"}],"version-history":[{"count":0,"href":"https:\/\/grandepremio.com\/br\/wp-json\/wp\/v2\/posts\/98407\/revisions"}],"wp:featuredmedia":[{"embeddable":true,"href":"https:\/\/grandepremio.com\/br\/wp-json\/wp\/v2\/media\/1000731869"}],"wp:attachment":[{"href":"https:\/\/grandepremio.com\/br\/wp-json\/wp\/v2\/media?parent=98407"}],"wp:term":[{"taxonomy":"category","embeddable":true,"href":"https:\/\/grandepremio.com\/br\/wp-json\/wp\/v2\/categories?post=98407"},{"taxonomy":"post_tag","embeddable":true,"href":"https:\/\/grandepremio.com\/br\/wp-json\/wp\/v2\/tags?post=98407"},{"taxonomy":"42wp_author","embeddable":true,"href":"https:\/\/grandepremio.com\/br\/wp-json\/wp\/v2\/42wp_author?post=98407"}],"curies":[{"name":"wp","href":"https:\/\/api.w.org\/{rel}","templated":true}]}}