{"id":98446,"date":"2023-10-10T04:45:00","date_gmt":"2023-10-10T07:45:00","guid":{"rendered":"https:\/\/grandepremio.com\/br\/noticias\/lance-stroll-critica-limites-pista-apos-festival-punicoes-catar-uma-piada\/"},"modified":"2023-10-09T17:43:13","modified_gmt":"2023-10-09T20:43:13","slug":"lance-stroll-critica-limites-pista-apos-festival-punicoes-catar-uma-piada","status":"publish","type":"post","link":"https:\/\/grandepremio.com\/br\/f1\/lance-stroll-critica-limites-pista-apos-festival-punicoes-catar-uma-piada\/","title":{"rendered":"Stroll critica limites de pista ap\u00f3s festival de puni\u00e7\u00f5es no Catar: &#8220;Uma piada&#8221;"},"content":{"rendered":"\n<p class=\"wp-block-paragraph\"><strong>Lance Stroll<\/strong> cruzou a linha de chegada em nono, mas saiu zerado do fim de semana da <strong>F\u00f3rmula 1<\/strong> no <strong>Catar<\/strong> ap\u00f3s ser punido por passar os limites de pista. Depois de cair para a 11\u00aa posi\u00e7\u00e3o, o titular da <strong>Aston Martin<\/strong>, que n\u00e3o pontua desde o <strong>GP de B\u00e9lgica<\/strong>, criticou a decis\u00e3o dos comiss\u00e1rios e definiu o ocorrido como \u201cuma piada\u201d.<\/p>\n\n\n\n<p class=\"wp-block-paragraph\">Os limites de pista, destacados como um problema por Stroll, foram alterados no s\u00e1bado quando as linhas das curvas 12 e 13 foram revisadas devido \u00e0s <a href=\"https:\/\/www.grandepremio.com\/br\/f1\/noticias\/formula-1-realiza-treino-emergencia-antes-sprint-catar-seguranca-pneus\/\" class=\"ek-link\">preocupa\u00e7\u00f5es com o comportamento dos pneus<\/a> Pirelli nas zebras \u201cpir\u00e2mide\u201d. Assim, o trecho acabou ficando um pouco menos largo.<\/p>\n\n\n\n<p class=\"wp-block-paragraph\"><strong>\u25b6\ufe0f\u00a0Inscreva-se nos dois canais do GRANDE PR\u00caMIO no YouTube:\u00a0<a href=\"https:\/\/www.youtube.com\/channel\/UC9OlHEgxoaY6QY6nWPoiqQg?sub_confirmation=1\" target=\"_blank\" rel=\"noreferrer noopener\">GP<\/a>\u00a0|\u00a0<a href=\"https:\/\/www.youtube.com\/channel\/UC9csiS6q_C3C0FYhyr1rnFA?sub_confirmation=1\" target=\"_blank\" rel=\"noreferrer noopener\">GP2<\/a><\/strong><br><strong>\u25b6\ufe0f\u00a0<a href=\"https:\/\/www.twitch.tv\/grandepremio\" target=\"_blank\" rel=\"noreferrer noopener\">Conhe\u00e7a o canal do GRANDE PR\u00caMIO na Twitch clicando aqui!<\/a><\/strong><\/p>\n\n\n\n<figure class=\"wp-block-image size-large\"><img decoding=\"async\" src=\"https:\/\/www.grandepremio.com\/br\/wp-content\/uploads\/2023\/10\/catar-2023-f1-corrida-aston-martin-lance-stroll-01-1024x683.jpg\" alt=\"\" class=\"wp-image-738371\"\/><figcaption class=\"wp-element-caption\">Lance Stroll saiu zerado do Catar (Foto: Aston Martin)<\/figcaption><\/figure>\n\n\n\n<p class=\"wp-block-paragraph\">Aquele ponto foi encurtado para impedir que os pilotos subissem nas zebras. Mas muitos, inclusive Stroll, continuaram o fazendo durante a corrida e acabaram punidos. O titular da Aston Martin disparou contra a decis\u00e3o dos comiss\u00e1rios, principalmente por causa das <a href=\"https:\/\/www.grandepremio.com\/br\/f1\/noticias\/fia-assume-culpa-condicoes-extremas-gp-do-catar-promete-medidas\/\" class=\"ek-link\">condi\u00e7\u00f5es que os pilotos foram submetidos<\/a> ao longo do fim de semana.<\/p>\n\n\n\n<p class=\"wp-block-paragraph\">\u201c\u00c9 uma piada que eles estejam aplicando puni\u00e7\u00f5es por isso. Eles n\u00e3o entendem o que \u00e9 a F\u00f3rmula 1 hoje em dia. O que eles est\u00e3o nos fazendo passar \u00e9 que recebemos essas puni\u00e7\u00f5es de limite de pista e eles est\u00e3o tornando a pista mais estreita e dizendo que n\u00e3o podemos passar por cima da zebra porque os pneus ir\u00e3o falhar\u201d, disparou Stroll.<\/p>\n\n\n\n<p class=\"wp-block-paragraph\">\u201cA quest\u00e3o do limite da pista \u00e9 algo que precisa ser abordado porque vimos na <strong>\u00c1ustria<\/strong>, vimos neste fim de semana, pilotos sendo punidos. N\u00e3o \u00e9 como se estiv\u00e9ssemos ganhando vantagem quando sa\u00edmos da pista tr\u00eas mil\u00edmetros, ao longo de 60 voltas de concentra\u00e7\u00e3o enfrentando temperaturas de 65\u00ba a 70\u00ba no carro uma for\u00e7a de 5G a 6,5G\u201d, seguiu o canadense.<\/p>\n\n\n\n<p class=\"wp-block-paragraph\">Stroll levou duas puni\u00e7\u00f5es de 5s durante a corrida em Lusail. Com isso, mesmo realizando uma corrida de recupera\u00e7\u00e3o e chegando em nono, saiu zerado do fim de semana no Catar.<\/p>\n\n\n\n<p class=\"wp-block-paragraph\">\u201cEssa \u00e9 a parte frustrante. N\u00f3s corremos l\u00e1, senti que fizemos uma boa corrida para terminar em nono na corrida e depois ca\u00edmos para 11\u00ba por causa de duas puni\u00e7\u00f5es. \u00c9 um resultado realmente frustrante n\u00e3o tirar nada disso\u201d, finalizou.<\/p>\n\n\n\n<p class=\"wp-block-paragraph\">A F\u00f3rmula 1 volta daqui a duas semanas, entre os dias 20 e 22 de outubro, em Austin, com o GP dos Estados Unidos, o primeiro da \u00faltima perna tripla da temporada. E o GRANDE PR\u00caMIO acompanha tudo.<\/p>\n\n\n\n<figure class=\"wp-block-embed is-type-rich is-provider-incorporar-manipulador wp-block-embed-incorporar-manipulador wp-embed-aspect-16-9 wp-has-aspect-ratio\"><div class=\"wp-block-embed__wrapper\">\nhttps:\/\/youtube.com\/watch?v=6yH-LbFMaVs%3Fsi%3D8-2S3qVlaBUFHwjy\n<\/div><\/figure>\n","protected":false},"excerpt":{"rendered":"<p>Depois de fazer uma corrida de recupera\u00e7\u00e3o e terminar em nono, Lance Stroll criticou as puni\u00e7\u00f5es por limites de pista que acabaram lhe fazendo perder os pontos no Catar<\/p>\n","protected":false},"author":0,"featured_media":1000737149,"comment_status":"closed","ping_status":"closed","sticky":false,"template":"","format":"standard","meta":{"42wp_featured_image_caption":"","42wp_featured_image_credits":"","42wp_featured_video":"","42wp_featured_image_hidden":false,"42wp_authors_list":[],"footnotes":""},"categories":[2],"tags":[33218,147,600,36709,30099,30091,219,28285,485,13632],"42wp_author":[47149],"class_list":["post-98446","post","type-post","status-publish","format-standard","has-post-thumbnail","hentry","category-f1","tag-amr23","tag-f1","tag-gp-do-catar","tag-gp-do-catar-2023","tag-gp-do-catar-de-f1","tag-gp-do-catar-de-formula-1","tag-grande-prmio","tag-grandepremio","tag-lance-stroll","tag-stroll","42wp_author-bernardo-castro"],"_links":{"self":[{"href":"https:\/\/grandepremio.com\/br\/wp-json\/wp\/v2\/posts\/98446","targetHints":{"allow":["GET"]}}],"collection":[{"href":"https:\/\/grandepremio.com\/br\/wp-json\/wp\/v2\/posts"}],"about":[{"href":"https:\/\/grandepremio.com\/br\/wp-json\/wp\/v2\/types\/post"}],"replies":[{"embeddable":true,"href":"https:\/\/grandepremio.com\/br\/wp-json\/wp\/v2\/comments?post=98446"}],"version-history":[{"count":0,"href":"https:\/\/grandepremio.com\/br\/wp-json\/wp\/v2\/posts\/98446\/revisions"}],"wp:featuredmedia":[{"embeddable":true,"href":"https:\/\/grandepremio.com\/br\/wp-json\/wp\/v2\/media\/1000737149"}],"wp:attachment":[{"href":"https:\/\/grandepremio.com\/br\/wp-json\/wp\/v2\/media?parent=98446"}],"wp:term":[{"taxonomy":"category","embeddable":true,"href":"https:\/\/grandepremio.com\/br\/wp-json\/wp\/v2\/categories?post=98446"},{"taxonomy":"post_tag","embeddable":true,"href":"https:\/\/grandepremio.com\/br\/wp-json\/wp\/v2\/tags?post=98446"},{"taxonomy":"42wp_author","embeddable":true,"href":"https:\/\/grandepremio.com\/br\/wp-json\/wp\/v2\/42wp_author?post=98446"}],"curies":[{"name":"wp","href":"https:\/\/api.w.org\/{rel}","templated":true}]}}