{"id":98455,"date":"2023-10-09T13:39:04","date_gmt":"2023-10-09T16:39:04","guid":{"rendered":"https:\/\/grandepremio.com\/br\/noticias\/pierre-gasly-lamenta-punicoes-centimetros-admite-cometi-muitos-erros\/"},"modified":"2023-10-09T13:47:48","modified_gmt":"2023-10-09T16:47:48","slug":"pierre-gasly-lamenta-punicoes-centimetros-admite-cometi-muitos-erros","status":"publish","type":"post","link":"https:\/\/grandepremio.com\/br\/f1\/pierre-gasly-lamenta-punicoes-centimetros-admite-cometi-muitos-erros\/","title":{"rendered":"Gasly lamenta puni\u00e7\u00f5es &#8220;por cent\u00edmetros&#8221;, mas admite: &#8220;Cometi muitos erros&#8221;"},"content":{"rendered":"\n<p class=\"wp-block-paragraph\"><strong>Pierre Gasly<\/strong> cruzou a linha de chegada na d\u00e9cima posi\u00e7\u00e3o no <strong>GP do Catar<\/strong>, <a href=\"https:\/\/www.grandepremio.com\/br\/f1\/noticias\/max-verstappen-passa-ileso-bagunca-pneus-vence-gp-catar-mclaren-completa-podio\/\" class=\"ek-link\">realizado no \u00faltimo domingo<\/a> (8), mas saiu zerado da prova em <strong>Lusail<\/strong>. O titular da <strong>Alpine <\/strong>sofreu tr\u00eas puni\u00e7\u00f5es de 5s por ultrapassar os limites de pista e, embora tenha cumprido uma delas durante a corrida, teve 10s acrescidos no seu tempo e acabou ficando fora do top-10. O franc\u00eas lamentou os erros cometidos.<\/p>\n\n\n\n<p class=\"wp-block-paragraph\">Gasly teve ritmo para brigar por pontos ao longo de todo o fim de semana, mas saiu zerado do Catar. As melhores chances estavam concentradas na corrida principal, no domingo, em que esteve na zona de pontua\u00e7\u00e3o. No entanto, alguns problemas em seu motor <strong>Renault <\/strong>arruinaram seus planos.<\/p>\n\n\n\n<p class=\"wp-block-paragraph\"><strong>\u25b6\ufe0f&nbsp;Inscreva-se nos dois canais do GRANDE PR\u00caMIO no YouTube:&nbsp;<a href=\"https:\/\/www.youtube.com\/channel\/UC9OlHEgxoaY6QY6nWPoiqQg?sub_confirmation=1\" target=\"_blank\" rel=\"noreferrer noopener\">GP<\/a>&nbsp;|&nbsp;<a href=\"https:\/\/www.youtube.com\/channel\/UC9csiS6q_C3C0FYhyr1rnFA?sub_confirmation=1\" target=\"_blank\" rel=\"noreferrer noopener\">GP2<\/a><\/strong><br><strong>\u25b6\ufe0f&nbsp;<a href=\"https:\/\/www.twitch.tv\/grandepremio\" target=\"_blank\" rel=\"noreferrer noopener\">Conhe\u00e7a o canal do GRANDE PR\u00caMIO na Twitch clicando aqui!<\/a><\/strong><\/p>\n\n\n\n<figure class=\"wp-block-image size-large\"><img decoding=\"async\" src=\"https:\/\/www.grandepremio.com\/br\/wp-content\/uploads\/2023\/10\/catar-2023-f1-corrida-sprint-alpine-pierre-gasly-01-1024x683.jpg\" alt=\"\" class=\"wp-image-737893\"\/><figcaption class=\"wp-element-caption\">Pierre Gasly teve problemas com o motor no GP do Catar (Foto: Alpine)<\/figcaption><\/figure>\n\n\n\n<p class=\"wp-block-paragraph\">De acordo com o #10, algumas falhas no propulsor fizeram a performance cair de forma consider\u00e1vel. Para tentar compensar a perda, Pierre for\u00e7ou o ritmo e, consequentemente, acabou excedendo os limites de pista em diversas oportunidades. O feito lhe rendeu um total de 15s de puni\u00e7\u00e3o.<\/p>\n\n\n\n<p class=\"wp-block-paragraph\">\u201cFoi uma corrida dif\u00edcil. Provavelmente a mais dif\u00edcil desde que cheguei na F\u00f3rmula 1. N\u00f3s tivemos um problema com o motor que me custou muita performance durante a prova. Eu estava dando tudo que podia dentro do carro para compensar isso e acabei passando os limites de pista algumas vezes, por alguns cent\u00edmetros. Mas infelizmente poucos cent\u00edmetros me custaram 15s de puni\u00e7\u00e3o, ent\u00e3o foram muitos erros da minha parte. Mas vou fazer melhor da pr\u00f3xima vez\u201d, lamentou Gasly.<\/p>\n\n\n\n<p class=\"wp-block-paragraph\">\u201cTivemos alguns problemas hoje e ainda assim est\u00e1vamos na posi\u00e7\u00e3o de brigar por pontos. O dia foi positivo, obviamente fora do carro com tudo que aconteceu acho que poderia ter sido melhor. Um sentimento misto agora, mas olhando para o ritmo est\u00e1vamos competitivos\u201d, finalizou.<\/p>\n\n\n\n<p class=\"wp-block-paragraph\">A&nbsp;<a href=\"https:\/\/www.grandepremio.com\/formula-1\/\" target=\"_blank\" rel=\"noreferrer noopener\"><\/a><a href=\"https:\/\/www.grandepremio.com\/formula-1\/\" target=\"_blank\" rel=\"noreferrer noopener\">F\u00f3rmula 1<\/a>&nbsp;volta daqui a duas semanas, entre os dias 20 e 22 de outubro, em&nbsp;<strong>Austin<\/strong>, com o&nbsp;<strong>GP dos Estados<\/strong>&nbsp;<strong>Unidos<\/strong>, o primeiro da \u00faltima perna tripla da temporada. E o&nbsp;<strong>GRANDE PR\u00caMIO<\/strong>&nbsp;acompanha tudo.<\/p>\n\n\n\n<figure class=\"wp-block-embed is-type-rich is-provider-incorporar-manipulador wp-block-embed-incorporar-manipulador wp-embed-aspect-16-9 wp-has-aspect-ratio\"><div class=\"wp-block-embed__wrapper\">\nhttps:\/\/youtube.com\/watch?v=jccR-igX-3c%3Fsi%3Dr7T7u0WK9oHipCGD\n<\/div><\/figure>\n","protected":false},"excerpt":{"rendered":"<p>Na tentativa de compensar uma perda de pot\u00eancia, Pierre Gasly for\u00e7ou o ritmo durante o GP do Catar, mas acabou punido por exceder os limites de pista<\/p>\n","protected":false},"author":0,"featured_media":1000737012,"comment_status":"closed","ping_status":"closed","sticky":false,"template":"","format":"standard","meta":{"42wp_featured_image_caption":"","42wp_featured_image_credits":"","42wp_featured_video":"","42wp_featured_image_hidden":false,"42wp_authors_list":[],"footnotes":""},"categories":[2],"tags":[33431,20491,85,147,1390,600,36709,30099,30091,219,28285,4283,676],"42wp_author":[47149],"class_list":["post-98455","post","type-post","status-publish","format-standard","has-post-thumbnail","hentry","category-f1","tag-a523","tag-alpine","tag-frmula-1","tag-f1","tag-gasly","tag-gp-do-catar","tag-gp-do-catar-2023","tag-gp-do-catar-de-f1","tag-gp-do-catar-de-formula-1","tag-grande-prmio","tag-grandepremio","tag-limites-de-pista","tag-pierre-gasly","42wp_author-bernardo-castro"],"_links":{"self":[{"href":"https:\/\/grandepremio.com\/br\/wp-json\/wp\/v2\/posts\/98455","targetHints":{"allow":["GET"]}}],"collection":[{"href":"https:\/\/grandepremio.com\/br\/wp-json\/wp\/v2\/posts"}],"about":[{"href":"https:\/\/grandepremio.com\/br\/wp-json\/wp\/v2\/types\/post"}],"replies":[{"embeddable":true,"href":"https:\/\/grandepremio.com\/br\/wp-json\/wp\/v2\/comments?post=98455"}],"version-history":[{"count":0,"href":"https:\/\/grandepremio.com\/br\/wp-json\/wp\/v2\/posts\/98455\/revisions"}],"wp:featuredmedia":[{"embeddable":true,"href":"https:\/\/grandepremio.com\/br\/wp-json\/wp\/v2\/media\/1000737012"}],"wp:attachment":[{"href":"https:\/\/grandepremio.com\/br\/wp-json\/wp\/v2\/media?parent=98455"}],"wp:term":[{"taxonomy":"category","embeddable":true,"href":"https:\/\/grandepremio.com\/br\/wp-json\/wp\/v2\/categories?post=98455"},{"taxonomy":"post_tag","embeddable":true,"href":"https:\/\/grandepremio.com\/br\/wp-json\/wp\/v2\/tags?post=98455"},{"taxonomy":"42wp_author","embeddable":true,"href":"https:\/\/grandepremio.com\/br\/wp-json\/wp\/v2\/42wp_author?post=98455"}],"curies":[{"name":"wp","href":"https:\/\/api.w.org\/{rel}","templated":true}]}}