{"id":98471,"date":"2023-10-09T04:45:00","date_gmt":"2023-10-09T07:45:00","guid":{"rendered":"https:\/\/grandepremio.com\/br\/noticias\/speed-trap-confira-velocidades-maximas-do-gp-do-catar-de-f1-2023\/"},"modified":"2023-10-08T21:09:31","modified_gmt":"2023-10-09T00:09:31","slug":"speed-trap-confira-velocidades-maximas-do-gp-do-catar-de-f1-2023","status":"publish","type":"post","link":"https:\/\/grandepremio.com\/br\/f1\/speed-trap-confira-velocidades-maximas-do-gp-do-catar-de-f1-2023\/","title":{"rendered":"Speed Trap: confira velocidades m\u00e1ximas do GP do Catar de F1 2023"},"content":{"rendered":"\n<p class=\"wp-block-paragraph\">Embora tenha cruzado a linha de chegada apenas na sexta posi\u00e7\u00e3o depois de sofrer um pouco com o ritmo da <strong>Aston Martin<\/strong>,<strong> Fernando Alonso<\/strong> foi o piloto que atingiu a velocidade mais alta <a href=\"https:\/\/www.grandepremio.com\/br\/f1\/noticias\/max-verstappen-passa-ileso-bagunca-pneus-vence-gp-catar-mclaren-completa-podio\/\" class=\"ek-link\">durante o <strong>GP do Catar<\/strong><\/a>, que aconteceu no \u00faltimo domingo (8). O bicampe\u00e3o liderou a tabela no quesito velocidade ao alcan\u00e7ar os 342,6 km\/h.<\/p>\n\n\n\n<p class=\"wp-block-paragraph\">A velocidade final de Alonso, inclusive, foi consideravelmente melhor que a dos rivais. Embora o segundo mais r\u00e1pido <strong>Sergio P\u00e9rez<\/strong> tenha cravado 340 km\/h, <strong>Lance Stroll<\/strong>, terceiro colocado, n\u00e3o conseguiu ir al\u00e9m dos 335 km\/h.<\/p>\n\n\n\n<p class=\"wp-block-paragraph\"><strong>\u25b6\ufe0f&nbsp;Inscreva-se nos dois canais do GRANDE PR\u00caMIO no YouTube:&nbsp;<a href=\"https:\/\/www.youtube.com\/channel\/UC9OlHEgxoaY6QY6nWPoiqQg?sub_confirmation=1\" target=\"_blank\" rel=\"noreferrer noopener\">GP<\/a>&nbsp;|&nbsp;<a href=\"https:\/\/www.youtube.com\/channel\/UC9csiS6q_C3C0FYhyr1rnFA?sub_confirmation=1\" target=\"_blank\" rel=\"noreferrer noopener\">GP2<\/a><\/strong><br><strong>\u25b6\ufe0f&nbsp;<a href=\"https:\/\/www.twitch.tv\/grandepremio\" target=\"_blank\" rel=\"noreferrer noopener\">Conhe\u00e7a o canal do GRANDE PR\u00caMIO na Twitch clicando aqui!<\/a><\/strong><\/p>\n\n\n\n<p class=\"wp-block-paragraph\"><strong>Max Verstappen<\/strong>, que foi soberano durante o GP do Catar, n\u00e3o conseguiu uma marca impressionante e foi apenas o 15\u00ba com 327,5 km\/h. <strong>Lewis Hamilton<\/strong>, que <a href=\"https:\/\/www.grandepremio.com\/br\/f1\/noticias\/lewis-hamilton-leva-pior-toque-george-russell-largada-gp-catar-abandona\/\" class=\"ek-link\">abandonou a corrida na primeira curva<\/a>, ficou na lanterna: 240,1 km\/h. <strong>Carlos Sainz<\/strong>, que teve<a href=\"https:\/\/www.grandepremio.com\/br\/f1\/noticias\/carlos-sainz-sofre-vazamento-combustivel-ferrari-fica-fora-gp-catar\/\" class=\"ek-link\"> problemas de vazamento de combust\u00edvel<\/a> e sequer alinhou o carro no grid, n\u00e3o entrou na lista.<\/p>\n\n\n\n<p class=\"wp-block-paragraph\">A&nbsp;<a href=\"https:\/\/www.grandepremio.com\/formula-1\/\" target=\"_blank\" rel=\"noreferrer noopener\"><\/a><a href=\"https:\/\/www.grandepremio.com\/formula-1\/\" target=\"_blank\" rel=\"noreferrer noopener\">F\u00f3rmula 1<\/a>&nbsp;volta daqui a duas semanas, entre os dias 20 e 22 de outubro, em&nbsp;<strong>Austin<\/strong>, com o&nbsp;<strong>GP dos Estados<\/strong>&nbsp;<strong>Unidos<\/strong>, o primeiro da \u00faltima perna tripla da temporada. E o&nbsp;<strong>GRANDE PR\u00caMIO<\/strong>&nbsp;acompanha tudo.<\/p>\n\n\n\n<h3 class=\"wp-block-heading\" id=\"h-confira-as-velocidades-maximas-do-gp-do-catar\">Confira as velocidades m\u00e1ximas do GP do Catar:<\/h3>\n\n\n\n<figure class=\"wp-block-table\"><table><tbody><tr><td>1<\/td><td>F ALONSO<\/td><td>342.6<\/td><\/tr><tr><td>2<\/td><td>S P\u00c9REZ<\/td><td>340<\/td><\/tr><tr><td>3<\/td><td>L STROLL<\/td><td>335<\/td><\/tr><tr><td>4<\/td><td>C LECLERC<\/td><td>334<\/td><\/tr><tr><td>5<\/td><td>N H\u00dcLKENBERG<\/td><td>333.4<\/td><\/tr><tr><td>6<\/td><td>O PIASTRI<\/td><td>333.2<\/td><\/tr><tr><td>7<\/td><td>A ALBON<\/td><td>332.9<\/td><\/tr><tr><td>8<\/td><td>L NORRIS<\/td><td>332.4<\/td><\/tr><tr><td>9<\/td><td>E OCON<\/td><td>331.4<\/td><\/tr><tr><td>10<\/td><td>G RUSSELL<\/td><td>330.9<\/td><\/tr><tr><td>11<\/td><td>P GASLY<\/td><td>330.9<\/td><\/tr><tr><td>12<\/td><td>L SARGEANT<\/td><td>330.5<\/td><\/tr><tr><td>13<\/td><td>G ZHOU<\/td><td>329<\/td><\/tr><tr><td>14<\/td><td>L LAWSON<\/td><td>329<\/td><\/tr><tr><td>15<\/td><td>M VERSTAPPEN<\/td><td>327.5<\/td><\/tr><tr><td>16<\/td><td>V BOTTAS<\/td><td>327.1<\/td><\/tr><tr><td>17<\/td><td>Y TSUNODA<\/td><td>325.7<\/td><\/tr><tr><td>18<\/td><td>K MAGNUSSEN<\/td><td>323.4<\/td><\/tr><tr><td>19<\/td><td>L HAMILTON<\/td><td>240.1<\/td><\/tr><\/tbody><\/table><\/figure>\n\n\n\n<figure class=\"wp-block-embed is-type-rich is-provider-incorporar-manipulador wp-block-embed-incorporar-manipulador wp-embed-aspect-16-9 wp-has-aspect-ratio\"><div class=\"wp-block-embed__wrapper\">\n<iframe loading=\"lazy\" title=\"VERSTAPPEN vence, McLAREN vai ao P\u00d3DIO da F1 2023 no Catar | Briefing\" width=\"500\" height=\"281\" src=\"https:\/\/www.youtube.com\/embed\/jccR-igX-3c?feature=oembed\" frameborder=\"0\" allow=\"accelerometer; autoplay; clipboard-write; encrypted-media; gyroscope; picture-in-picture; web-share\" referrerpolicy=\"strict-origin-when-cross-origin\" allowfullscreen><\/iframe>\n<\/div><\/figure>\n","protected":false},"excerpt":{"rendered":"<p>Com a marca de 342,6 km\/h, Fernando Alonso alcan\u00e7ou a maior velocidade durante o GP do Catar. Yuki Tsunoda, Kevin Magnussen e Lewis Hamilton amargaram as \u00faltimas posi\u00e7\u00f5es<\/p>\n","protected":false},"author":0,"featured_media":1000738465,"comment_status":"closed","ping_status":"closed","sticky":false,"template":"","format":"standard","meta":{"42wp_featured_image_caption":"","42wp_featured_image_credits":"","42wp_featured_video":"","42wp_featured_image_hidden":false,"42wp_authors_list":[],"footnotes":""},"categories":[2],"tags":[309,546,147,176,207,600,36709,30099,30091,219,28285,485,87,203,82,204,24863],"42wp_author":[47149],"class_list":["post-98471","post","type-post","status-publish","format-standard","has-post-thumbnail","hentry","category-f1","tag-aston-martin","tag-carlos-sainz","tag-f1","tag-fernando-alonso","tag-ferrari","tag-gp-do-catar","tag-gp-do-catar-2023","tag-gp-do-catar-de-f1","tag-gp-do-catar-de-formula-1","tag-grande-prmio","tag-grandepremio","tag-lance-stroll","tag-lewis-hamilton","tag-max-verstappen","tag-mercedes","tag-red-bull","tag-sergio-perez-2","42wp_author-bernardo-castro"],"_links":{"self":[{"href":"https:\/\/grandepremio.com\/br\/wp-json\/wp\/v2\/posts\/98471","targetHints":{"allow":["GET"]}}],"collection":[{"href":"https:\/\/grandepremio.com\/br\/wp-json\/wp\/v2\/posts"}],"about":[{"href":"https:\/\/grandepremio.com\/br\/wp-json\/wp\/v2\/types\/post"}],"replies":[{"embeddable":true,"href":"https:\/\/grandepremio.com\/br\/wp-json\/wp\/v2\/comments?post=98471"}],"version-history":[{"count":0,"href":"https:\/\/grandepremio.com\/br\/wp-json\/wp\/v2\/posts\/98471\/revisions"}],"wp:featuredmedia":[{"embeddable":true,"href":"https:\/\/grandepremio.com\/br\/wp-json\/wp\/v2\/media\/1000738465"}],"wp:attachment":[{"href":"https:\/\/grandepremio.com\/br\/wp-json\/wp\/v2\/media?parent=98471"}],"wp:term":[{"taxonomy":"category","embeddable":true,"href":"https:\/\/grandepremio.com\/br\/wp-json\/wp\/v2\/categories?post=98471"},{"taxonomy":"post_tag","embeddable":true,"href":"https:\/\/grandepremio.com\/br\/wp-json\/wp\/v2\/tags?post=98471"},{"taxonomy":"42wp_author","embeddable":true,"href":"https:\/\/grandepremio.com\/br\/wp-json\/wp\/v2\/42wp_author?post=98471"}],"curies":[{"name":"wp","href":"https:\/\/api.w.org\/{rel}","templated":true}]}}