{"id":98486,"date":"2023-10-08T18:00:58","date_gmt":"2023-10-08T21:00:58","guid":{"rendered":"https:\/\/grandepremio.com\/br\/noticias\/alonso-festeja-pontos-em-corrida-das-mais-duras-no-catar-carro-era-muito-instavel\/"},"modified":"2023-10-08T18:02:07","modified_gmt":"2023-10-08T21:02:07","slug":"alonso-festeja-pontos-em-corrida-das-mais-duras-no-catar-carro-era-muito-instavel","status":"publish","type":"post","link":"https:\/\/grandepremio.com\/br\/f1\/alonso-festeja-pontos-em-corrida-das-mais-duras-no-catar-carro-era-muito-instavel\/","title":{"rendered":"Alonso festeja pontos em &#8220;corrida das mais duras&#8221; no Catar: &#8220;Carro era muito inst\u00e1vel&#8221;"},"content":{"rendered":"\n<p class=\"wp-block-paragraph\"><strong>Fernando Alonso<\/strong> conseguiu levar o carro da <strong>Aston Martin<\/strong> at\u00e9 a bandeirada, mas foi mais um a sofrer bastante com o intenso calor que fez durante o <strong>GP do Catar <\/strong><a href=\"https:\/\/www.grandepremio.com\/br\/f1\/noticias\/max-verstappen-passa-ileso-bagunca-pneus-vence-gp-catar-mclaren-completa-podio\/\" class=\"ek-link\">deste domingo (8)<\/a>. O espanhol explicou ainda que danificou o assoalho logo ap\u00f3s a largada, o que deixou o AMR23 bastante inst\u00e1vel ao longo das 57 voltas da corrida catari.<\/p>\n\n\n\n<p class=\"wp-block-paragraph\">Alonso completou a prova em sexto, garantindo em todo final de semana mais nove pontos para a Aston Martin no Mundial de Construtores. De quebra, ainda viu Lewis Hamilton abandonar ainda na primeira curva da corrida, descontando tentos importantes na classifica\u00e7\u00e3o de Pilotos.<\/p>\n\n\n\n<p class=\"wp-block-paragraph\"><strong>\u25b6\ufe0f\u00a0Inscreva-se nos dois canais do GRANDE PR\u00caMIO no YouTube:\u00a0<a href=\"https:\/\/www.youtube.com\/channel\/UC9OlHEgxoaY6QY6nWPoiqQg?sub_confirmation=1\" target=\"_blank\" rel=\"noreferrer noopener\">GP<\/a>\u00a0|\u00a0<a href=\"https:\/\/www.youtube.com\/channel\/UC9csiS6q_C3C0FYhyr1rnFA?sub_confirmation=1\" target=\"_blank\" rel=\"noreferrer noopener\">GP2<\/a><\/strong><br><strong>\u25b6\ufe0f\u00a0<a href=\"https:\/\/www.twitch.tv\/grandepremio\" target=\"_blank\" rel=\"noreferrer noopener\" class=\"ek-link\">Conhe\u00e7a o canal do GRANDE PR\u00caMIO na Twitch clicando aqui!<\/a><\/strong><\/p>\n\n\n\n<figure class=\"wp-block-image size-large\"><img decoding=\"async\" src=\"https:\/\/www.grandepremio.com\/br\/wp-content\/uploads\/2023\/10\/catar-2023-f1-corrida-aston-martin-fernando-alonso-afp-01-1024x683.jpg\" alt=\"\" class=\"wp-image-738407\"\/><figcaption class=\"wp-element-caption\">Fernando Alonso teve uma corrida das mais desgastantes em Lusail (Foto: AFP)<\/figcaption><\/figure>\n\n\n\n<p class=\"wp-block-paragraph\">Tudo isso, por\u00e9m, ficou em segundo plano, j\u00e1 que o grande desafio no Catar foi lidar com o forte calor, mesmo com a corrida acontecendo \u00e0s 20h locais. Em uma de suas paradas para trocar pneus, Fernando chegou a perguntar <a href=\"https:\/\/www.grandepremio.com\/br\/video\/f1\/fernando-alonso-relata-banco-fervendo-radio-no-catar-pede-podem-jogar-agua\/\" class=\"ek-link\">se poderiam jogar \u00e1gua em seu banco<\/a>, que, nas palavras do veterano de 42 anos, &#8220;pegava fogo&#8221;.<\/p>\n\n\n\n<p class=\"wp-block-paragraph\">&#8220;A verdade \u00e9 que foi uma corrida fisicamente dif\u00edcil, e tamb\u00e9m, na hora de pilotar, tivemos alguns problemas na traseira&#8221;, disse Alonso ao streaming espanhol DAZN. &#8220;O carro estava muito inst\u00e1vel. Foi uma corrida dif\u00edcil de disputar, e com tantas paradas, foi desafiador estar no mesmo n\u00edvel dos outros&#8221;, salientou.<\/p>\n\n\n\n<p class=\"wp-block-paragraph\">&#8220;No final, marcamos bons pontos, mas a corrida foi uma das mais duras. Em Monza, ficamos em nono, Singapura n\u00e3o pontuamos, fomos nonos novamente no Jap\u00e3o e aqui, no entanto, est\u00e1vamos entre os quatro ou cinco primeiros, o que foi uma boa surpresa, mas perdemos alguns pontos na corrida de hoje. Vamos ver como as coisas v\u00e3o se sair Austin&#8221;, continuou, dando mais detalhes do que aconteceu no in\u00edcio da corrida:<\/p>\n\n\n\n<p class=\"wp-block-paragraph\">&#8220;Depois da largada, acho que perdemos um peda\u00e7o do assoalho, e isso custou v\u00e1rias alternativas. Esse erro custou caro, mas n\u00e3o havia nada que pudesse ser feito&#8221;, concluiu Alonso.<\/p>\n\n\n\n<p class=\"wp-block-paragraph\">A\u00a0<a href=\"https:\/\/www.grandepremio.com\/formula-1\/\" target=\"_blank\" rel=\"noreferrer noopener\">F\u00f3rmula 1<\/a>\u00a0volta daqui a duas semanas, entre os dias 20 e 22 de outubro, em\u00a0<strong>Austin<\/strong>, com o\u00a0<strong>GP dos Estados<\/strong>\u00a0<strong>Unidos<\/strong>, o primeiro da \u00faltima perna tripla da temporada. E o\u00a0<strong>GRANDE PR\u00caMIO<\/strong>\u00a0acompanha tudo.<\/p>\n\n\n\n<figure class=\"wp-block-embed is-type-video is-provider-youtube wp-block-embed-youtube wp-embed-aspect-16-9 wp-has-aspect-ratio\"><div class=\"wp-block-embed__wrapper\">\n<iframe loading=\"lazy\" title=\"VERSTAPPEN vence, McLAREN vai ao P\u00d3DIO da F1 2023 no Catar | Briefing\" width=\"500\" height=\"281\" src=\"https:\/\/www.youtube.com\/embed\/jccR-igX-3c?feature=oembed\" frameborder=\"0\" allow=\"accelerometer; autoplay; clipboard-write; encrypted-media; gyroscope; picture-in-picture; web-share\" referrerpolicy=\"strict-origin-when-cross-origin\" allowfullscreen><\/iframe>\n<\/div><\/figure>\n","protected":false},"excerpt":{"rendered":"<p>Fernando Alonso sofreu para chegar ao fim do GP do Catar por conta do forte calor e ainda teve danos no assoalho ap\u00f3s a largada, mas celebrou a conquista do sexto lugar<\/p>\n","protected":false},"author":0,"featured_media":1000738465,"comment_status":"closed","ping_status":"closed","sticky":false,"template":"","format":"standard","meta":{"42wp_featured_image_caption":"","42wp_featured_image_credits":"","42wp_featured_video":"","42wp_featured_image_hidden":false,"42wp_authors_list":[],"footnotes":""},"categories":[2],"tags":[309,26271,1113,5273,147,6533,176,180,30722,600,1491,28285,30840,31014,36669,36668,35129,31447],"42wp_author":[47147],"class_list":["post-98486","post","type-post","status-publish","format-standard","has-post-thumbnail","hentry","category-f1","tag-aston-martin","tag-calendario-f1","tag-catar","tag-classificacao-f1","tag-f1","tag-f1-2023","tag-fernando-alonso","tag-formula-1","tag-formula-1-2023","tag-gp-do-catar","tag-grande-premio","tag-grandepremio","tag-horarios-f1","tag-lusail","tag-lusail-2023","tag-lusail-f1","tag-onde-assistir-f1","tag-temporada-2023-f1","42wp_author-luana-marino"],"_links":{"self":[{"href":"https:\/\/grandepremio.com\/br\/wp-json\/wp\/v2\/posts\/98486","targetHints":{"allow":["GET"]}}],"collection":[{"href":"https:\/\/grandepremio.com\/br\/wp-json\/wp\/v2\/posts"}],"about":[{"href":"https:\/\/grandepremio.com\/br\/wp-json\/wp\/v2\/types\/post"}],"replies":[{"embeddable":true,"href":"https:\/\/grandepremio.com\/br\/wp-json\/wp\/v2\/comments?post=98486"}],"version-history":[{"count":0,"href":"https:\/\/grandepremio.com\/br\/wp-json\/wp\/v2\/posts\/98486\/revisions"}],"wp:featuredmedia":[{"embeddable":true,"href":"https:\/\/grandepremio.com\/br\/wp-json\/wp\/v2\/media\/1000738465"}],"wp:attachment":[{"href":"https:\/\/grandepremio.com\/br\/wp-json\/wp\/v2\/media?parent=98486"}],"wp:term":[{"taxonomy":"category","embeddable":true,"href":"https:\/\/grandepremio.com\/br\/wp-json\/wp\/v2\/categories?post=98486"},{"taxonomy":"post_tag","embeddable":true,"href":"https:\/\/grandepremio.com\/br\/wp-json\/wp\/v2\/tags?post=98486"},{"taxonomy":"42wp_author","embeddable":true,"href":"https:\/\/grandepremio.com\/br\/wp-json\/wp\/v2\/42wp_author?post=98486"}],"curies":[{"name":"wp","href":"https:\/\/api.w.org\/{rel}","templated":true}]}}