{"id":98496,"date":"2023-10-08T16:16:17","date_gmt":"2023-10-08T19:16:17","guid":{"rendered":"https:\/\/grandepremio.com\/br\/noticias\/oscar-piastri-festeja-podio-corrida-mais-dificil-vida-catar-largada-foi-otima\/"},"modified":"2023-10-08T16:16:23","modified_gmt":"2023-10-08T19:16:23","slug":"oscar-piastri-festeja-podio-corrida-mais-dificil-vida-catar-largada-foi-otima","status":"publish","type":"post","link":"https:\/\/grandepremio.com\/br\/f1\/oscar-piastri-festeja-podio-corrida-mais-dificil-vida-catar-largada-foi-otima\/","title":{"rendered":"Piastri festeja p\u00f3dio em &#8220;corrida mais dif\u00edcil da vida&#8221; no Catar: &#8220;Largada foi \u00f3tima&#8221;"},"content":{"rendered":"\n<p class=\"wp-block-paragraph\">Em mais um desempenho muito bom e completando seu melhor final de semana na <strong>F\u00f3rmula 1<\/strong>, <strong>Oscar Piastri<\/strong> garantiu a segunda posi\u00e7\u00e3o no <a href=\"https:\/\/www.grandepremio.com\/br\/f1\/noticias\/max-verstappen-passa-ileso-bagunca-pneus-vence-gp-catar-mclaren-completa-podio\/\" class=\"ek-link\"><strong>GP do Catar<\/strong>, realizado neste domingo (8)<\/a>. O australiano ajudou a garantir um p\u00f3dio duplo para a <strong>McLaren<\/strong>, com <strong>Lando Norris<\/strong> chegando em terceiro com o outro MCL60. Ap\u00f3s a prova, o #81 falou sobre como conseguiu realizar sua estrat\u00e9gia com perfei\u00e7\u00e3o al\u00e9m de comentar o grande cansa\u00e7o dos pilotos devido ao intenso calor.<\/p>\n\n\n\n<p class=\"wp-block-paragraph\">Ap\u00f3s largar em sexto, Piastri contou com a sorte logo na primeira curva da prova em <strong>Lusail<\/strong>. <strong>Lewis Hamilton <\/strong>e <strong>George Russell<\/strong> se tocaram e abriram caminho para o australiano aparecer atr\u00e1s somente de <strong>Max Verstappen<\/strong>, que venceu a prova.<\/p>\n\n\n\n<p class=\"wp-block-paragraph\">&#8220;Estou muito feliz. A largada foi \u00f3tima. Definitivamente, essa era a estrat\u00e9gia que planejamos antes da corrida. E tivemos um ritmo realmente impressionante, o que ajudou&#8221;, afirmou o australiano.<\/p>\n\n\n\n<p class=\"wp-block-paragraph\">O clima foi mais um componente a ser levado em considera\u00e7\u00e3o na prova, com todos os pilotos mostrando um desgaste intenso ap\u00f3s a bandeira quadriculada. Piastri foi um dos que comentou sobre as dificuldades f\u00edsicas no Catar. &#8220;Foi definitivamente a corrida mais dif\u00edcil que j\u00e1 tive na minha vida&#8221;, disse.<\/p>\n\n\n\n<p class=\"wp-block-paragraph\"><strong>\u25b6\ufe0f&nbsp;Inscreva-se nos dois canais do GRANDE PR\u00caMIO no YouTube:&nbsp;<\/strong><a href=\"https:\/\/www.youtube.com\/channel\/UC9OlHEgxoaY6QY6nWPoiqQg?sub_confirmation=1\" target=\"_blank\" rel=\"noreferrer noopener\"><strong>GP&nbsp;|&nbsp;GP2<\/strong><br><strong>\u25b6\ufe0f&nbsp;Conhe\u00e7a o canal do GRANDE PR\u00caMIO na Twitch clicando a<\/strong><\/a><strong><a href=\"https:\/\/www.youtube.com\/channel\/UC9OlHEgxoaY6QY6nWPoiqQg?sub_confirmation=1\" target=\"_blank\" rel=\"noreferrer noopener\">qui!<\/a><\/strong><\/p>\n\n\n\n<figure class=\"wp-block-image size-large\"><img decoding=\"async\" src=\"https:\/\/www.grandepremio.com\/br\/wp-content\/uploads\/2023\/10\/catar-2023-f1-corrida-mclaren-oscar-piastri-afp-04-1024x683.jpg\" alt=\"\" class=\"wp-image-738517\"\/><figcaption class=\"wp-element-caption\">Piastri ainda falou sobre como o calor afetou os pilotos em Lusail (Foto: AFP) <\/figcaption><\/figure>\n\n\n\n<p class=\"wp-block-paragraph\">Durante a entrevista ap\u00f3s a prova, realizada por <strong>David Coulthard<\/strong>, Piastri ainda quase tomou um susto. Na classifica\u00e7\u00e3o de sexta, ele descobriu s\u00f3 neste momento que sua volta havia sido anulada e chegou a pensar que tinha sofrido uma puni\u00e7\u00e3o e perdido a segunda coloca\u00e7\u00e3o na corrida.<\/p>\n\n\n\n<p class=\"wp-block-paragraph\">&#8220;Pensei que voc\u00ea ia dizer que tinha recebido uma puni\u00e7\u00e3o de 5s. Me assustou pra caralho!&#8221;, brincou o australiano.<\/p>\n\n\n\n<p class=\"wp-block-paragraph\">A\u00a0<a href=\"https:\/\/www.grandepremio.com\/formula-1\/\" target=\"_blank\" rel=\"noreferrer noopener\">F\u00f3rmula 1<\/a>\u00a0volta daqui a duas semanas, entre os dias 20 e 22 de outubro, em Austin, com o <strong>GP dos Estados Unidos<\/strong>, o primeiro da \u00faltima perna tripla da temporada. E o\u00a0<strong>GRANDE PR\u00caMIO<\/strong>\u00a0acompanha tudo.<\/p>\n\n\n\n<figure class=\"wp-block-embed is-type-video is-provider-youtube wp-block-embed-youtube wp-embed-aspect-16-9 wp-has-aspect-ratio\"><div class=\"wp-block-embed__wrapper\">\n<iframe loading=\"lazy\" title=\"VERSTAPPEN vence, McLAREN vai ao P\u00d3DIO da F1 2023 no Catar | Briefing\" width=\"500\" height=\"281\" src=\"https:\/\/www.youtube.com\/embed\/jccR-igX-3c?feature=oembed\" frameborder=\"0\" allow=\"accelerometer; autoplay; clipboard-write; encrypted-media; gyroscope; picture-in-picture; web-share\" referrerpolicy=\"strict-origin-when-cross-origin\" allowfullscreen><\/iframe>\n<\/div><\/figure>\n\n\n\n<p class=\"wp-block-paragraph\"><\/p>\n","protected":false},"excerpt":{"rendered":"<p>Oscar Piastri se recuperou ap\u00f3s uma classifica\u00e7\u00e3o ruim da McLaren e garantiu mais um p\u00f3dio na temporada 2023 em corrida complicada no Catar devido ao calor<\/p>\n","protected":false},"author":0,"featured_media":1000738518,"comment_status":"closed","ping_status":"closed","sticky":false,"template":"","format":"standard","meta":{"42wp_featured_image_caption":"","42wp_featured_image_credits":"","42wp_featured_video":"","42wp_featured_image_hidden":false,"42wp_authors_list":[],"footnotes":""},"categories":[2],"tags":[147,6533,600,36709,30099,30091,219,1491,30103,28285,28288,90,2916],"42wp_author":[47157],"class_list":["post-98496","post","type-post","status-publish","format-standard","has-post-thumbnail","hentry","category-f1","tag-f1","tag-f1-2023","tag-gp-do-catar","tag-gp-do-catar-2023","tag-gp-do-catar-de-f1","tag-gp-do-catar-de-formula-1","tag-grande-prmio","tag-grande-premio","tag-grande-premio-f1","tag-grandepremio","tag-grandepremio-2","tag-mclaren","tag-oscar-piastri","42wp_author-jonas-souza"],"_links":{"self":[{"href":"https:\/\/grandepremio.com\/br\/wp-json\/wp\/v2\/posts\/98496","targetHints":{"allow":["GET"]}}],"collection":[{"href":"https:\/\/grandepremio.com\/br\/wp-json\/wp\/v2\/posts"}],"about":[{"href":"https:\/\/grandepremio.com\/br\/wp-json\/wp\/v2\/types\/post"}],"replies":[{"embeddable":true,"href":"https:\/\/grandepremio.com\/br\/wp-json\/wp\/v2\/comments?post=98496"}],"version-history":[{"count":0,"href":"https:\/\/grandepremio.com\/br\/wp-json\/wp\/v2\/posts\/98496\/revisions"}],"wp:featuredmedia":[{"embeddable":true,"href":"https:\/\/grandepremio.com\/br\/wp-json\/wp\/v2\/media\/1000738518"}],"wp:attachment":[{"href":"https:\/\/grandepremio.com\/br\/wp-json\/wp\/v2\/media?parent=98496"}],"wp:term":[{"taxonomy":"category","embeddable":true,"href":"https:\/\/grandepremio.com\/br\/wp-json\/wp\/v2\/categories?post=98496"},{"taxonomy":"post_tag","embeddable":true,"href":"https:\/\/grandepremio.com\/br\/wp-json\/wp\/v2\/tags?post=98496"},{"taxonomy":"42wp_author","embeddable":true,"href":"https:\/\/grandepremio.com\/br\/wp-json\/wp\/v2\/42wp_author?post=98496"}],"curies":[{"name":"wp","href":"https:\/\/api.w.org\/{rel}","templated":true}]}}