{"id":98517,"date":"2023-10-08T03:45:00","date_gmt":"2023-10-08T06:45:00","guid":{"rendered":"https:\/\/grandepremio.com\/br\/noticias\/briefing-previa-gp-catar-traz-ultimas-informacoes-antes-largada\/"},"modified":"2023-10-07T17:34:50","modified_gmt":"2023-10-07T20:34:50","slug":"briefing-previa-gp-catar-traz-ultimas-informacoes-antes-largada","status":"publish","type":"post","link":"https:\/\/grandepremio.com\/br\/f1\/briefing-previa-gp-catar-traz-ultimas-informacoes-antes-largada\/","title":{"rendered":"Briefing faz pr\u00e9via do GP do Catar e traz \u00faltimas informa\u00e7\u00f5es antes da largada"},"content":{"rendered":"\n<p class=\"wp-block-paragraph\">\u00c9 dia de corrida na\u00a0<strong><a href=\"https:\/\/www.grandepremio.com\/formula-1\/\" target=\"_blank\" rel=\"noreferrer noopener\">F\u00f3rmula 1<\/a><\/strong>! O\u00a0<strong>GP do Catar<\/strong>, 17\u00aa etapa da temporada 2023, est\u00e1 marcado para este domingo (8). Antes disso, o\u00a0<strong>GRANDE PR\u00caMIO<\/strong>\u00a0traz todas as informa\u00e7\u00f5es antes da largada no\u00a0<strong>BRIEFING<\/strong>.<\/p>\n\n\n\n<p class=\"wp-block-paragraph\">A\u00a0<a href=\"https:\/\/formula1aovivo.com\/\" target=\"_blank\" rel=\"noreferrer noopener\"><\/a><a href=\"https:\/\/teleguiado.com\/\" target=\"_blank\" rel=\"noreferrer noopener\">transmiss\u00e3o<\/a>\u00a0\u00e9\u00a0<strong>AO VIVO<\/strong>\u00a0na\u00a0<strong>GPTV<\/strong>, o canal do GP no YouTube, a partir das 12h30 (de Bras\u00edlia, GMT-3).\u00a0<strong>Renato Ribeiro<\/strong>\u00a0apresenta, com\u00a0<strong>Jo\u00e3o Pedro Nascimento<\/strong>\u00a0nos coment\u00e1rios.\u00a0<strong>Pedro Prado<\/strong>\u00a0assina a produ\u00e7\u00e3o.<\/p>\n\n\n\n<p class=\"wp-block-paragraph\"><strong>\u25b6\ufe0f\u00a0Inscreva-se nos dois canais do GRANDE PR\u00caMIO no YouTube:\u00a0<a href=\"https:\/\/www.youtube.com\/channel\/UC9OlHEgxoaY6QY6nWPoiqQg?sub_confirmation=1\" target=\"_blank\" rel=\"noreferrer noopener\">GP<\/a>\u00a0|\u00a0<a href=\"https:\/\/www.youtube.com\/channel\/UC9csiS6q_C3C0FYhyr1rnFA?sub_confirmation=1\" target=\"_blank\" rel=\"noreferrer noopener\">GP2<\/a><\/strong><br><strong>\u25b6\ufe0f\u00a0<a href=\"https:\/\/www.twitch.tv\/grandepremio\" target=\"_blank\" rel=\"noreferrer noopener\">Conhe\u00e7a o canal do GRANDE PR\u00caMIO na Twitch clicando aqui!<\/a><\/strong><\/p>\n\n\n\n<p class=\"wp-block-paragraph\">Ap\u00f3s a bandeirada final, o\u00a0<strong>GRANDE PR\u00caMIO<\/strong>\u00a0volta\u00a0<a href=\"https:\/\/formula1aovivo.com\/\" target=\"_blank\" rel=\"noreferrer noopener\">ao vivo<\/a>\u00a0para uma segunda edi\u00e7\u00e3o do Briefing, que vai come\u00e7ar n\u00e3o antes das 3h30. Nesta edi\u00e7\u00e3o, o assunto ser\u00e1 a repercuss\u00e3o da corrida, dos vitoriosos e derrotados. Al\u00e9m, claro, do \u2018Eis as Notas\u2019.<\/p>\n\n\n\n<figure class=\"wp-block-embed is-type-video is-provider-youtube wp-block-embed-youtube wp-embed-aspect-16-9 wp-has-aspect-ratio\"><div class=\"wp-block-embed__wrapper\">\n<iframe loading=\"lazy\" title=\"F1 2023: VEXAME de PIRELLI e FIA antes do GP do Catar | Briefing\" width=\"500\" height=\"281\" src=\"https:\/\/www.youtube.com\/embed\/i9DCCZSytDc?feature=oembed\" frameborder=\"0\" allow=\"accelerometer; autoplay; clipboard-write; encrypted-media; gyroscope; picture-in-picture; web-share\" referrerpolicy=\"strict-origin-when-cross-origin\" allowfullscreen><\/iframe>\n<\/div><\/figure>\n","protected":false},"excerpt":{"rendered":"<p>O GP do Catar tem largada marcada para as 14h (de Bras\u00edlia, GMT-3). Antes, \u00e0s 12h30, o GRANDE PR\u00caMIO traz as \u00faltimas informa\u00e7\u00f5es da corrida em Lusail<\/p>\n","protected":false},"author":0,"featured_media":1000737942,"comment_status":"closed","ping_status":"closed","sticky":false,"template":"","format":"standard","meta":{"42wp_featured_image_caption":"","42wp_featured_image_credits":"","42wp_featured_video":"","42wp_featured_image_hidden":false,"42wp_authors_list":[],"footnotes":""},"categories":[2],"tags":[26271,1113,5273,147,6533,180,30722,600,1491,28285,30840,31014,36669,36668,35129,31447],"42wp_author":[47147],"class_list":["post-98517","post","type-post","status-publish","format-standard","has-post-thumbnail","hentry","category-f1","tag-calendario-f1","tag-catar","tag-classificacao-f1","tag-f1","tag-f1-2023","tag-formula-1","tag-formula-1-2023","tag-gp-do-catar","tag-grande-premio","tag-grandepremio","tag-horarios-f1","tag-lusail","tag-lusail-2023","tag-lusail-f1","tag-onde-assistir-f1","tag-temporada-2023-f1","42wp_author-luana-marino"],"_links":{"self":[{"href":"https:\/\/grandepremio.com\/br\/wp-json\/wp\/v2\/posts\/98517","targetHints":{"allow":["GET"]}}],"collection":[{"href":"https:\/\/grandepremio.com\/br\/wp-json\/wp\/v2\/posts"}],"about":[{"href":"https:\/\/grandepremio.com\/br\/wp-json\/wp\/v2\/types\/post"}],"replies":[{"embeddable":true,"href":"https:\/\/grandepremio.com\/br\/wp-json\/wp\/v2\/comments?post=98517"}],"version-history":[{"count":0,"href":"https:\/\/grandepremio.com\/br\/wp-json\/wp\/v2\/posts\/98517\/revisions"}],"wp:featuredmedia":[{"embeddable":true,"href":"https:\/\/grandepremio.com\/br\/wp-json\/wp\/v2\/media\/1000737942"}],"wp:attachment":[{"href":"https:\/\/grandepremio.com\/br\/wp-json\/wp\/v2\/media?parent=98517"}],"wp:term":[{"taxonomy":"category","embeddable":true,"href":"https:\/\/grandepremio.com\/br\/wp-json\/wp\/v2\/categories?post=98517"},{"taxonomy":"post_tag","embeddable":true,"href":"https:\/\/grandepremio.com\/br\/wp-json\/wp\/v2\/tags?post=98517"},{"taxonomy":"42wp_author","embeddable":true,"href":"https:\/\/grandepremio.com\/br\/wp-json\/wp\/v2\/42wp_author?post=98517"}],"curies":[{"name":"wp","href":"https:\/\/api.w.org\/{rel}","templated":true}]}}