{"id":98527,"date":"2023-10-07T19:14:23","date_gmt":"2023-10-07T22:14:23","guid":{"rendered":"https:\/\/grandepremio.com\/br\/noticias\/ferrari-assume-erro-com-pneus-sprint-mas-toma-como-licao-para-gp-do-catar\/"},"modified":"2023-10-07T19:42:04","modified_gmt":"2023-10-07T22:42:04","slug":"ferrari-assume-erro-com-pneus-sprint-mas-toma-como-licao-para-gp-do-catar","status":"publish","type":"post","link":"https:\/\/grandepremio.com\/br\/f1\/ferrari-assume-erro-com-pneus-sprint-mas-toma-como-licao-para-gp-do-catar\/","title":{"rendered":"Ferrari assume erro com pneus na sprint, mas toma como &#8220;li\u00e7\u00e3o&#8221; para GP do Catar"},"content":{"rendered":"\n<p class=\"wp-block-paragraph\">A decis\u00e3o da <strong>Ferrari<\/strong> pelos pneus macios nos carros de <strong>Carlos Sainz <\/strong>e <strong>Charles Leclerc <\/strong>se mostrou equivocada logo nas primeiras voltas da sprint da <strong>F\u00f3rmula 1<\/strong> no Catar. Neste s\u00e1bado (7), ap\u00f3s mais um erro no plano t\u00e1tico devido ao elevado desgaste dos compostos, o chefe da escuderia, <strong>Fr\u00e9d\u00e9ric Vasseur<\/strong>, lamentou a op\u00e7\u00e3o, mas viu o infort\u00fanio como aprendizado para a equipe se recuperar e acumular pontos na corrida deste domingo. <\/p>\n\n\n\n<p class=\"wp-block-paragraph\">&#8220;A escolha por pneus macios claramente n\u00e3o deu certo. As v\u00e1rias entradas do safety-car nos ajudaram um pouco. Caso contr\u00e1rio, estar\u00edamos em uma situa\u00e7\u00e3o ainda pior. Portanto, foi uma quest\u00e3o de limitar os preju\u00edzos e conseguimos alguns pontos&#8221;, avaliou Vasseur, ap\u00f3s o <strong><a href=\"https:\/\/www.grandepremio.com\/br\/f1\/noticias\/max-verstappen-tricampeao-f1-abandono-sergio-perez-catar-oscar-piastri-vence-corrida-sprint\/\" class=\"ek-link\">sexto lugar de Sainz e o nono lugar de Leclerc<\/a><\/strong>, que cruzou a linha de chegada em oitavo, mas foi <strong><a href=\"https:\/\/www.grandepremio.com\/br\/f1\/noticias\/charles-leclerc-toma-5s-limites-pista-cai-9o-sprint-catar-alexander-albon-fernando-alonso-sobem\/\" class=\"ek-link\">punido em 5s <\/a><\/strong>por exceder os limites de pista no tra\u00e7ado de Lusail. <\/p>\n\n\n\n<figure class=\"wp-block-image size-large\"><img decoding=\"async\" src=\"https:\/\/www.grandepremio.com\/br\/wp-content\/uploads\/2023\/10\/catar-2023-f1-corrida-sprint-ferrari-charles-leclerc-04-1024x683.jpg\" alt=\"\" class=\"wp-image-737804\"\/><figcaption class=\"wp-element-caption\">Charles Leclerc foi punido em 5s e caiu para o novo lugar (Foto: Pirelli)<\/figcaption><\/figure>\n\n\n\n<p class=\"wp-block-paragraph\"><strong>\u25b6\ufe0f&nbsp;Inscreva-se nos dois canais do GRANDE PR\u00caMIO no YouTube:&nbsp;<\/strong><a href=\"https:\/\/www.youtube.com\/channel\/UC9OlHEgxoaY6QY6nWPoiqQg?sub_confirmation=1\" target=\"_blank\" rel=\"noreferrer noopener\"><strong>GP&nbsp;|&nbsp;GP2<\/strong><br><strong>\u25b6\ufe0f&nbsp;Conhe\u00e7a o canal do GRANDE PR\u00caMIO na Twitch clicando a<\/strong><\/a><strong><a href=\"https:\/\/www.youtube.com\/channel\/UC9OlHEgxoaY6QY6nWPoiqQg?sub_confirmation=1\" target=\"_blank\" rel=\"noreferrer noopener\">qui!<\/a><\/strong><\/p>\n\n\n\n<p class=\"wp-block-paragraph\">Mesmo o monegasco largando da quinta coloca\u00e7\u00e3o e o espanhol saltando da sexta fila em 12\u00ba lugar, Vasseur acredita que as informa\u00e7\u00f5es acumuladas na sprint possam ajudar a Ferrari recuperar terreno no GP do Catar. &#8220;Vamos nos concentrar na corrida de amanh\u00e3, quando os principais pontos ser\u00e3o distribu\u00eddos e esperamos fazer melhor do que hoje. Para todas as equipes, as 19 voltas de hoje foram \u00fateis em termos de fornecer informa\u00e7\u00f5es sobre o desgaste dos pneus em simula\u00e7\u00e3o de corrida, e amanh\u00e3 vamos aplicar as li\u00e7\u00f5es aprendidas.&#8221;<\/p>\n\n\n\n<p class=\"wp-block-paragraph\">O chefe da Ferrari aproveitou a entrevista para dar os parab\u00e9ns a Max Verstappen pelo tricampeonato conquistado de maneira antecipada neste s\u00e1bado, em Lusail. &#8220;Damos os nossos parab\u00e9ns ao Max e \u00e0 Red Bull pela conquista do Mundial de Pilotos&#8221;, concluiu.<\/p>\n\n\n\n<p class=\"wp-block-paragraph\">A&nbsp;<a href=\"https:\/\/www.grandepremio.com\/formula-1\/\" target=\"_blank\" rel=\"noreferrer noopener\">F\u00f3rmula 1<\/a>&nbsp;volta \u00e0 pista de&nbsp;<strong><a href=\"https:\/\/www.grandepremio.com\/br\/circuito\/lusail\/\" target=\"_blank\" rel=\"noreferrer noopener\">Lusail<\/a>&nbsp;<\/strong>neste domingo (8), com a largada do GP do Catar programada para as&nbsp;<strong>14h&nbsp;<\/strong>(de Bras\u00edlia, GMT-3). O&nbsp;<strong>GRANDE PR\u00caMIO<\/strong>&nbsp;acompanha todas as atividades&nbsp;<strong>AO VIVO<\/strong>&nbsp;e&nbsp;<strong>EM&nbsp;<a href=\"https:\/\/www.grandepremio.com\/br\/ao-vivo\/\" target=\"_blank\" rel=\"noreferrer noopener\">TEMPO REAL<\/a><\/strong>. H\u00e1 tamb\u00e9m a&nbsp;<a href=\"https:\/\/formula1aovivo.com\/\" target=\"_blank\" rel=\"noreferrer noopener\">transmiss\u00e3o<\/a>&nbsp;da corrida em segunda tela, em parceria com a Voz do Esporte, a partir das 13h40.<\/p>\n\n\n\n<figure class=\"wp-block-embed is-type-video is-provider-youtube wp-block-embed-youtube wp-embed-aspect-16-9 wp-has-aspect-ratio\"><div class=\"wp-block-embed__wrapper\">\n<iframe loading=\"lazy\" title=\"\u2018Sim\u2019 de pilotos \u00e0 Andretti \u00e9 apoio ao que interessa: esportividade | GP \u00e0s 10\" width=\"500\" height=\"281\" src=\"https:\/\/www.youtube.com\/embed\/LYki9h-LXFE?feature=oembed\" frameborder=\"0\" allow=\"accelerometer; autoplay; clipboard-write; encrypted-media; gyroscope; picture-in-picture; web-share\" referrerpolicy=\"strict-origin-when-cross-origin\" allowfullscreen><\/iframe>\n<\/div><figcaption class=\"wp-element-caption\">\u2018Sim\u2019 de pilotos \u00e0 Andretti \u00e9 apoio ao que interessa: esportividade | GP \u00e0s 10<\/figcaption><\/figure>\n","protected":false},"excerpt":{"rendered":"<p>Mesmo insatisfeito com a escolha dos pneus macios para Carlos Sainz e Charles Leclerc, Fr\u00e9d\u00e9ric Vasseur afirmou que Ferrari aprendeu com estrat\u00e9gia malsucedida em Lusail<\/p>\n","protected":false},"author":0,"featured_media":1000737803,"comment_status":"closed","ping_status":"closed","sticky":false,"template":"","format":"standard","meta":{"42wp_featured_image_caption":"","42wp_featured_image_credits":"","42wp_featured_video":"","42wp_featured_image_hidden":false,"42wp_authors_list":[],"footnotes":""},"categories":[2],"tags":[546,209,147,6533,207,1322,28285,2780,31014,7672,33558,9685],"42wp_author":[47145],"class_list":["post-98527","post","type-post","status-publish","format-standard","has-post-thumbnail","hentry","category-f1","tag-carlos-sainz","tag-charles-leclerc","tag-f1","tag-f1-2023","tag-ferrari","tag-frederic-vasseur","tag-grandepremio","tag-leclerc","tag-lusail","tag-sainz","tag-temporada-2023-da-f1","tag-verstappen","42wp_author-alessandro-pinheiro"],"_links":{"self":[{"href":"https:\/\/grandepremio.com\/br\/wp-json\/wp\/v2\/posts\/98527","targetHints":{"allow":["GET"]}}],"collection":[{"href":"https:\/\/grandepremio.com\/br\/wp-json\/wp\/v2\/posts"}],"about":[{"href":"https:\/\/grandepremio.com\/br\/wp-json\/wp\/v2\/types\/post"}],"replies":[{"embeddable":true,"href":"https:\/\/grandepremio.com\/br\/wp-json\/wp\/v2\/comments?post=98527"}],"version-history":[{"count":0,"href":"https:\/\/grandepremio.com\/br\/wp-json\/wp\/v2\/posts\/98527\/revisions"}],"wp:featuredmedia":[{"embeddable":true,"href":"https:\/\/grandepremio.com\/br\/wp-json\/wp\/v2\/media\/1000737803"}],"wp:attachment":[{"href":"https:\/\/grandepremio.com\/br\/wp-json\/wp\/v2\/media?parent=98527"}],"wp:term":[{"taxonomy":"category","embeddable":true,"href":"https:\/\/grandepremio.com\/br\/wp-json\/wp\/v2\/categories?post=98527"},{"taxonomy":"post_tag","embeddable":true,"href":"https:\/\/grandepremio.com\/br\/wp-json\/wp\/v2\/tags?post=98527"},{"taxonomy":"42wp_author","embeddable":true,"href":"https:\/\/grandepremio.com\/br\/wp-json\/wp\/v2\/42wp_author?post=98527"}],"curies":[{"name":"wp","href":"https:\/\/api.w.org\/{rel}","templated":true}]}}