{"id":98528,"date":"2023-10-07T19:03:08","date_gmt":"2023-10-07T22:03:08","guid":{"rendered":"https:\/\/grandepremio.com\/br\/noticias\/band-audiencia-menor-que-14-corridas-f1-2023-sprint-tri-max-verstappen\/"},"modified":"2023-10-07T19:05:51","modified_gmt":"2023-10-07T22:05:51","slug":"band-audiencia-menor-que-14-corridas-f1-2023-sprint-tri-max-verstappen","status":"publish","type":"post","link":"https:\/\/grandepremio.com\/br\/f1\/band-audiencia-menor-que-14-corridas-f1-2023-sprint-tri-max-verstappen\/","title":{"rendered":"Band tem audi\u00eancia menor que de 14 corridas de 2023 em sprint do tri de Verstappen"},"content":{"rendered":"\n<p class=\"wp-block-paragraph\">Nem <a href=\"https:\/\/www.grandepremio.com\/br\/f1\/noticias\/max-verstappen-tricampeao-f1-abandono-sergio-perez-catar-oscar-piastri-vence-corrida-sprint\/\" class=\"ek-link\">mesmo o tricampeonato de <\/a><strong><a href=\"https:\/\/www.grandepremio.com\/br\/f1\/noticias\/max-verstappen-tricampeao-f1-abandono-sergio-perez-catar-oscar-piastri-vence-corrida-sprint\/\" class=\"ek-link\">Max Verstappen<\/a> <\/strong>foi capaz de levantar <a href=\"https:\/\/teleguiado.com\/televisao\/max-verstappen-e-tricampeao-do-mundo-em-sprint-race-de-baixa-audiencia\/\" class=\"ek-link\">muito os n\u00fameros dos s\u00e1bados<\/a> de <strong>F1<\/strong>. Neste s\u00e1bado (7), a corrida sprint que consagrou pela terceira vez o holand\u00eas, marcou s\u00f3 1,7 ponto na audi\u00eancia para a <strong>Band<\/strong>, que seguiu distante das rivais, na quarta coloca\u00e7\u00e3o.<\/p>\n\n\n\n<p class=\"wp-block-paragraph\">Para se ter uma ideia de como a conquista de Max poderia ter sido muito mais vista, a sprint teve audi\u00eancia inferior a de 14 das 16 corridas at\u00e9 aqui disputadas na <strong>F1 2023<\/strong>. S\u00f3 o <strong>GP da Austr\u00e1lia<\/strong> e o <strong>GP do Jap\u00e3o<\/strong>, ambos com 1,5 ponto, no meio da madrugada, ficaram abaixo. Enquanto isso, o <strong>GP do Bahrein<\/strong> e o <strong>GP da Ar\u00e1bia Saudita<\/strong> tiveram quase 4 pontos, por exemplo, mas sempre no domingo.<\/p>\n\n\n\n<p class=\"wp-block-paragraph\">A Band ficou em quarto, bem melhor colocada do que a<strong> TV Cultura, Record News<\/strong> e a <strong>RedeTV!<\/strong>, mas longe das l\u00edderes. A <strong>Globo <\/strong>anotou 10,5 pontos no hor\u00e1rio, com a exibi\u00e7\u00e3o da &#8216;<strong>Sess\u00e3o de S\u00e1bado<\/strong>&#8216;, que apresentou o filme &#8216;<strong>Rocky Balboa<\/strong>&#8216;.<\/p>\n\n\n\n<figure class=\"wp-block-image size-large\"><img decoding=\"async\" src=\"https:\/\/www.grandepremio.com\/br\/wp-content\/uploads\/2023\/10\/catar-2023-f1-corrida-sprint-mclaren-oscar-piastri-afp-03-1024x683.jpg\" alt=\"\" class=\"wp-image-737854\"\/><figcaption class=\"wp-element-caption\">Oscar Piastri venceu a sprint que consagrou Verstappen tri da F1 (Foto: AFP) <\/figcaption><\/figure>\n\n\n\n<p class=\"wp-block-paragraph\">Vice-l\u00edder, a <strong>Record <\/strong>anotou 4,4 pontos, com o &#8216;<strong>Balan\u00e7o Geral<\/strong>&#8216;, um dos recordistas de audi\u00eancia da emissora durante a semana. Em terceiro, o <strong>SBT <\/strong>teve modestos 2,9 pontos, exibindo s\u00e9ries internacionais na faixa &#8216;<strong>S\u00e1bado S\u00e9rie<\/strong>&#8216;.<\/p>\n\n\n\n<p class=\"wp-block-paragraph\">Os n\u00fameros s\u00e3o do site\u00a0<strong><a href=\"https:\/\/teleguiado.com\/televisao\/audiencia-formula-1-tem-pior-desempenho-nas-manhas-e-fica-atras-da-record\/\"><\/a><a href=\"https:\/\/teleguiado.com\/\" target=\"_blank\" rel=\"noreferrer noopener\">Teleguiado<\/a>\u00a0<\/strong>e a medi\u00e7\u00e3o de audi\u00eancia \u00e9 feita pela\u00a0<strong>Kantar Ibope Media<\/strong>. Cada ponto representa 268.083 domic\u00edlios ou 717.088 indiv\u00edduos na Grande\u00a0<a href=\"https:\/\/www.grandepremio.com\/br\/circuito\/sao-paulo\/\" target=\"_blank\" rel=\"noreferrer noopener\"><\/a><a href=\"https:\/\/www.grandepremio.com\/br\/circuito\/sao-paulo\/\" target=\"_blank\" rel=\"noreferrer noopener\"><\/a><a href=\"https:\/\/www.grandepremio.com\/br\/circuito\/sao-paulo\/\" target=\"_blank\" rel=\"noreferrer noopener\"><\/a><a href=\"https:\/\/www.grandepremio.com\/br\/circuito\/sao-paulo\/\" target=\"_blank\" rel=\"noreferrer noopener\"><\/a><a href=\"https:\/\/www.grandepremio.com\/br\/circuito\/sao-paulo\/\" target=\"_blank\" rel=\"noreferrer noopener\">S\u00e3o Paulo<\/a>.<\/p>\n\n\n\n<p class=\"wp-block-paragraph\">A&nbsp;<a href=\"https:\/\/www.grandepremio.com\/formula-1\/\" target=\"_blank\" rel=\"noreferrer noopener\"><\/a><a href=\"https:\/\/www.grandepremio.com\/formula-1\/\" target=\"_blank\" rel=\"noreferrer noopener\">F\u00f3rmula 1<\/a>&nbsp;volta \u00e0 pista de&nbsp;<strong><a href=\"https:\/\/www.grandepremio.com\/br\/circuito\/lusail\/\" target=\"_blank\" rel=\"noreferrer noopener\">Lusail<\/a>&nbsp;<\/strong>neste domingo (8), com a largada do GP do Catar programada para as&nbsp;<strong>14h&nbsp;<\/strong>(de Bras\u00edlia, GMT-3). O&nbsp;<strong>GRANDE PR\u00caMIO<\/strong>&nbsp;acompanha todas as atividades&nbsp;<strong>AO VIVO<\/strong>&nbsp;e&nbsp;<strong>EM&nbsp;<a href=\"https:\/\/www.grandepremio.com\/br\/ao-vivo\/\" target=\"_blank\" rel=\"noreferrer noopener\">TEMPO REAL<\/a><\/strong>. H\u00e1 tamb\u00e9m a&nbsp;<a href=\"https:\/\/formula1aovivo.com\/\" target=\"_blank\" rel=\"noreferrer noopener\">transmiss\u00e3o<\/a>&nbsp;da corrida em segunda tela, em parceria com a Voz do Esporte, a partir das 13h40.<\/p>\n\n\n\n<p class=\"wp-block-paragraph\"><strong>\u25b6\ufe0f\u00a0Inscreva-se nos dois canais do GRANDE PR\u00caMIO no YouTube:\u00a0<a href=\"https:\/\/www.youtube.com\/channel\/UC9OlHEgxoaY6QY6nWPoiqQg?sub_confirmation=1\" target=\"_blank\" rel=\"noreferrer noopener\">GP<\/a>\u00a0|\u00a0<a href=\"https:\/\/www.youtube.com\/channel\/UC9csiS6q_C3C0FYhyr1rnFA?sub_confirmation=1\" target=\"_blank\" rel=\"noreferrer noopener\">GP2<\/a><\/strong><br><strong>\u25b6\ufe0f\u00a0<a href=\"https:\/\/www.twitch.tv\/grandepremio\" target=\"_blank\" rel=\"noreferrer noopener\">Conhe\u00e7a o canal do GRANDE PR\u00caMIO na Twitch clicando aqui!<\/a><\/strong><\/p>\n\n\n\n<figure class=\"wp-block-embed is-type-video is-provider-youtube wp-block-embed-youtube wp-embed-aspect-16-9 wp-has-aspect-ratio\"><div class=\"wp-block-embed__wrapper\">\n<iframe loading=\"lazy\" title=\"VERSTAPPEN CAMPE\u00c3O DA F1 2023. Piastri vence SPRINT no Catar | Briefing\" width=\"500\" height=\"281\" src=\"https:\/\/www.youtube.com\/embed\/7nvmyC4ziv8?feature=oembed\" frameborder=\"0\" allow=\"accelerometer; autoplay; clipboard-write; encrypted-media; gyroscope; picture-in-picture; web-share\" referrerpolicy=\"strict-origin-when-cross-origin\" allowfullscreen><\/iframe>\n<\/div><\/figure>\n","protected":false},"excerpt":{"rendered":"<p>A Band sofreu da esperada baixa audi\u00eancia dos s\u00e1bados de F1 e, assim, marcou apenas 1,7 ponto com a sprint que deu o tricampeonato a Max Verstappen no Catar<\/p>\n","protected":false},"author":0,"featured_media":1000737948,"comment_status":"closed","ping_status":"closed","sticky":false,"template":"","format":"standard","meta":{"42wp_featured_image_caption":"","42wp_featured_image_credits":"","42wp_featured_video":"","42wp_featured_image_hidden":false,"42wp_authors_list":[],"footnotes":""},"categories":[2],"tags":[1189,457,524,20491,309,26000,699,1280,2214,8866,26271,546,209,5273,211,781,302,147,7811,6533,176,207,180,30722,800,1224,1388,1647,24898,1397,600,3023,1491,28285,3746,119,36232,30840,4122,3967,35791,4005,17313,28045,29318,32683,36553,117,485,547,87,595,25553,31014,3395,203,90,82,1737,32394,36356,36187,1521,1556,2916,676,36713,30088,20372,35854,204,3901,3132,3073,3427,32610,608,31447,612,215,35843,1389],"42wp_author":[47117],"class_list":["post-98528","post","type-post","status-publish","format-standard","has-post-thumbnail","hentry","category-f1","tag-alain-prost","tag-alfa-romeo","tag-alphatauri","tag-alpine","tag-aston-martin","tag-audiencia-da-tv","tag-ayrton-senna","tag-band","tag-brendon-hartley","tag-budapeste","tag-calendario-f1","tag-carlos-sainz","tag-charles-leclerc","tag-classificacao-f1","tag-daniel-ricciardo","tag-daniil-kvyat","tag-esteban-ocon","tag-f1","tag-f1-1988","tag-f1-2023","tag-fernando-alonso","tag-ferrari","tag-formula-1","tag-formula-1-2023","tag-george-russell","tag-globo","tag-gp-da-holanda","tag-gp-da-hungria","tag-gp-da-italia","tag-gp-de-singapura","tag-gp-do-catar","tag-gp-do-japao","tag-grande-premio","tag-grandepremio","tag-guanyu-zhou","tag-haas","tag-holanda-gp","tag-horarios-f1","tag-hungaroring","tag-hungria","tag-hungria-2023","tag-hungria-f1","tag-italia","tag-italia-f1","tag-italian-gp","tag-japan-gp","tag-japao-gp","tag-kevin-magnussen","tag-lance-stroll","tag-lando-norris","tag-lewis-hamilton","tag-liam-lawson","tag-logan-sargeant","tag-lusail","tag-marina-bay","tag-max-verstappen","tag-mclaren","tag-mercedes","tag-monza","tag-monza-f1","tag-monza-gp","tag-netherlands-gp","tag-nico-hulkenberg","tag-nyck-de-vries","tag-oscar-piastri","tag-pierre-gasly","tag-qatar-f1","tag-qatar-gp","tag-record","tag-recorde-red-bull","tag-red-bull","tag-sbt","tag-sergio-perez","tag-singapura","tag-singapura-f1","tag-singapura-gp","tag-suzuka","tag-temporada-2023-f1","tag-valtteri-bottas","tag-williams","tag-yuki-tsunoda-nyck-de-vries","tag-zandvoort","42wp_author-gabriel-curty"],"_links":{"self":[{"href":"https:\/\/grandepremio.com\/br\/wp-json\/wp\/v2\/posts\/98528","targetHints":{"allow":["GET"]}}],"collection":[{"href":"https:\/\/grandepremio.com\/br\/wp-json\/wp\/v2\/posts"}],"about":[{"href":"https:\/\/grandepremio.com\/br\/wp-json\/wp\/v2\/types\/post"}],"replies":[{"embeddable":true,"href":"https:\/\/grandepremio.com\/br\/wp-json\/wp\/v2\/comments?post=98528"}],"version-history":[{"count":0,"href":"https:\/\/grandepremio.com\/br\/wp-json\/wp\/v2\/posts\/98528\/revisions"}],"wp:featuredmedia":[{"embeddable":true,"href":"https:\/\/grandepremio.com\/br\/wp-json\/wp\/v2\/media\/1000737948"}],"wp:attachment":[{"href":"https:\/\/grandepremio.com\/br\/wp-json\/wp\/v2\/media?parent=98528"}],"wp:term":[{"taxonomy":"category","embeddable":true,"href":"https:\/\/grandepremio.com\/br\/wp-json\/wp\/v2\/categories?post=98528"},{"taxonomy":"post_tag","embeddable":true,"href":"https:\/\/grandepremio.com\/br\/wp-json\/wp\/v2\/tags?post=98528"},{"taxonomy":"42wp_author","embeddable":true,"href":"https:\/\/grandepremio.com\/br\/wp-json\/wp\/v2\/42wp_author?post=98528"}],"curies":[{"name":"wp","href":"https:\/\/api.w.org\/{rel}","templated":true}]}}