{"id":98531,"date":"2023-10-07T17:50:49","date_gmt":"2023-10-07T20:50:49","guid":{"rendered":"https:\/\/grandepremio.com\/br\/noticias\/sergio-perez-analisa-acidente-nico-hulkenberg-esteban-ocon-catar-lugar-errado-hora-errada\/"},"modified":"2023-10-07T17:50:56","modified_gmt":"2023-10-07T20:50:56","slug":"sergio-perez-analisa-acidente-nico-hulkenberg-esteban-ocon-catar-lugar-errado-hora-errada","status":"publish","type":"post","link":"https:\/\/grandepremio.com\/br\/f1\/sergio-perez-analisa-acidente-nico-hulkenberg-esteban-ocon-catar-lugar-errado-hora-errada\/","title":{"rendered":"P\u00e9rez analisa acidente com H\u00fclkenberg e Ocon no Catar: \u201cLugar errado na hora errada\u201d"},"content":{"rendered":"\n<p class=\"wp-block-paragraph\"><strong>Sergio P\u00e9rez<\/strong> segue em uma mar\u00e9 de azar na <strong>F\u00f3rmula 1<\/strong> e novamente se envolveu em um acidente. Dessa vez sem culpa, a <a href=\"https:\/\/www.grandepremio.com\/br\/f1\/noticias\/max-verstappen-tricampeao-f1-abandono-sergio-perez-catar-oscar-piastri-vence-corrida-sprint\/\" class=\"ek-link\">corrida sprint<\/a> do mexicano acabou mais cedo depois que ele se envolveu em uma batida com <strong>Esteban Ocon<\/strong> e <strong>Nico H\u00fclkenberg<\/strong> na 11\u00aa volta. Ao fazer sua an\u00e1lise sobre o ocorrido, \u2018Checo\u2019 se limitou a dizer que estava no \u201clugar errado na hora errada\u201d.<\/p>\n\n\n\n<p class=\"wp-block-paragraph\">Ocupando a d\u00e9cima posi\u00e7\u00e3o no momento do incidente, P\u00e9rez tentava ganhar posi\u00e7\u00f5es no grid quando encontrou H\u00fclkenberg e Ocon. Ao chegar na curva 2, os tr\u00eas carros estavam lado a lado disputando o oitavo lugar, s\u00f3 que n\u00e3o havia espa\u00e7o para todo mundo. O resultado foi uma batida tripla que tirou os tr\u00eas da prova. O abandono do #11 acabou garantindo o <a href=\"https:\/\/www.grandepremio.com\/br\/f1\/noticias\/red-bull-celebra-2023-outro-mundo-verstappen-tri-f1-fenomenal\/\" class=\"ek-link\">tricampeonato<\/a> de <strong>Max Verstappen<\/strong>.<\/p>\n\n\n\n<p class=\"wp-block-paragraph\"><strong>\u25b6\ufe0f\u00a0Inscreva-se nos dois canais do GRANDE PR\u00caMIO no YouTube:\u00a0<a href=\"https:\/\/www.youtube.com\/channel\/UC9OlHEgxoaY6QY6nWPoiqQg?sub_confirmation=1\" target=\"_blank\" rel=\"noreferrer noopener\">GP<\/a>\u00a0|\u00a0<a href=\"https:\/\/www.youtube.com\/channel\/UC9csiS6q_C3C0FYhyr1rnFA?sub_confirmation=1\" target=\"_blank\" rel=\"noreferrer noopener\">GP2<\/a><\/strong><br><strong>\u25b6\ufe0f\u00a0<a href=\"https:\/\/www.twitch.tv\/grandepremio\" target=\"_blank\" rel=\"noreferrer noopener\">Conhe\u00e7a o canal do GRANDE PR\u00caMIO na Twitch clicando aqui!<\/a><\/strong><\/p>\n\n\n\n<figure class=\"wp-block-video\"><video class=\"video-js vjs-big-play-centered\" data-gp-vjs=\"1\" controls poster=\"https:\/\/www.grandepremio.com\/br\/wp-content\/uploads\/2023\/10\/SkySportsF1_avc1_1710715869444337670-poster.jpeg\" src=\"https:\/\/www.grandepremio.com\/br\/wp-content\/uploads\/2023\/10\/SkySportsF1_avc1_1710715869444337670.mp4\"><\/video><figcaption class=\"wp-element-caption\">Batida de P\u00e9rez sela tri de Max Verstappen na F1 (V\u00eddeo: Sky Sports)<\/figcaption><\/figure>\n\n\n\n<p class=\"wp-block-paragraph\">\u201cFoi uma pena, estava no lugar errado na hora errada no incidente com H\u00fclkenberg e Ocon. Eu estava ali, paguei o pre\u00e7o e tive muitos danos no meu carro\u201d, disse P\u00e9rez.<\/p>\n\n\n\n<p class=\"wp-block-paragraph\">Com duas interven\u00e7\u00f5es do safety-car antes de abandonar a sprint na volta 11, P\u00e9rez acabou n\u00e3o conseguindo fazer muitas voltas em ritmo de corrida e coletou poucos dados para a <strong>Red Bull<\/strong>. Por isso, espera que as informa\u00e7\u00f5es obtidas por Verstappen possam lhe ajudar no domingo.<\/p>\n\n\n\n<p class=\"wp-block-paragraph\">\u201cInfelizmente n\u00e3o tivemos muitas voltas na corrida, mas Max coletou algumas boas informa\u00e7\u00f5es para saber o que vamos enfrentar amanh\u00e3\u201d, finalizou.<\/p>\n\n\n\n<p class=\"wp-block-paragraph\">A\u00a0<a href=\"https:\/\/www.grandepremio.com\/formula-1\/\" target=\"_blank\" rel=\"noreferrer noopener\">F\u00f3rmula 1<\/a>\u00a0volta \u00e0 pista de\u00a0<strong><a href=\"https:\/\/www.grandepremio.com\/br\/circuito\/lusail\/\" target=\"_blank\" rel=\"noreferrer noopener\">Lusail<\/a>\u00a0<\/strong>neste domingo (8), com a largada do GP do Catar programada para as\u00a0<strong>14h\u00a0<\/strong>(de Bras\u00edlia, GMT-3). O\u00a0<strong>GRANDE PR\u00caMIO<\/strong>\u00a0acompanha todas as atividades\u00a0<strong>AO VIVO<\/strong>\u00a0e\u00a0<strong>EM\u00a0<a href=\"https:\/\/www.grandepremio.com\/br\/ao-vivo\/\" target=\"_blank\" rel=\"noreferrer noopener\">TEMPO REAL<\/a><\/strong>. H\u00e1 tamb\u00e9m a\u00a0<a href=\"https:\/\/formula1aovivo.com\/\" target=\"_blank\" rel=\"noreferrer noopener\">transmiss\u00e3o<\/a>\u00a0da corrida em segunda tela, em parceria com a Voz do Esporte, a partir das 13h40.<\/p>\n\n\n\n<figure class=\"wp-block-embed is-type-rich is-provider-incorporar-manipulador wp-block-embed-incorporar-manipulador wp-embed-aspect-16-9 wp-has-aspect-ratio\"><div class=\"wp-block-embed__wrapper\">\nhttps:\/\/youtube.com\/watch?v=7nvmyC4ziv8%3Fsi%3DBcp6kudSXMPa7ALw\n<\/div><\/figure>\n","protected":false},"excerpt":{"rendered":"<p>A tentativa de dividir a curva 2 com Nico H\u00fclkenberg e Esteban Ocon acabou dando errado. Sergio P\u00e9rez foi atingido pelos rivais e precisou abandonar a corrida sprint<\/p>\n","protected":false},"author":0,"featured_media":1000737037,"comment_status":"closed","ping_status":"closed","sticky":false,"template":"","format":"standard","meta":{"42wp_featured_image_caption":"","42wp_featured_image_credits":"","42wp_featured_video":"","42wp_featured_image_hidden":false,"42wp_authors_list":[],"footnotes":""},"categories":[2],"tags":[5921,147,600,36709,30091,219,28285,13814,12829,27382,28012,204,24863],"42wp_author":[47149],"class_list":["post-98531","post","type-post","status-publish","format-standard","has-post-thumbnail","hentry","category-f1","tag-corrida-sprint","tag-f1","tag-gp-do-catar","tag-gp-do-catar-2023","tag-gp-do-catar-de-formula-1","tag-grande-prmio","tag-grandepremio","tag-hulkenberg","tag-ocon","tag-perez","tag-perez-na-red-bull","tag-red-bull","tag-sergio-perez-2","42wp_author-bernardo-castro"],"_links":{"self":[{"href":"https:\/\/grandepremio.com\/br\/wp-json\/wp\/v2\/posts\/98531","targetHints":{"allow":["GET"]}}],"collection":[{"href":"https:\/\/grandepremio.com\/br\/wp-json\/wp\/v2\/posts"}],"about":[{"href":"https:\/\/grandepremio.com\/br\/wp-json\/wp\/v2\/types\/post"}],"replies":[{"embeddable":true,"href":"https:\/\/grandepremio.com\/br\/wp-json\/wp\/v2\/comments?post=98531"}],"version-history":[{"count":0,"href":"https:\/\/grandepremio.com\/br\/wp-json\/wp\/v2\/posts\/98531\/revisions"}],"wp:featuredmedia":[{"embeddable":true,"href":"https:\/\/grandepremio.com\/br\/wp-json\/wp\/v2\/media\/1000737037"}],"wp:attachment":[{"href":"https:\/\/grandepremio.com\/br\/wp-json\/wp\/v2\/media?parent=98531"}],"wp:term":[{"taxonomy":"category","embeddable":true,"href":"https:\/\/grandepremio.com\/br\/wp-json\/wp\/v2\/categories?post=98531"},{"taxonomy":"post_tag","embeddable":true,"href":"https:\/\/grandepremio.com\/br\/wp-json\/wp\/v2\/tags?post=98531"},{"taxonomy":"42wp_author","embeddable":true,"href":"https:\/\/grandepremio.com\/br\/wp-json\/wp\/v2\/42wp_author?post=98531"}],"curies":[{"name":"wp","href":"https:\/\/api.w.org\/{rel}","templated":true}]}}