{"id":98538,"date":"2023-10-07T16:39:00","date_gmt":"2023-10-07T19:39:00","guid":{"rendered":"https:\/\/grandepremio.com\/br\/noticias\/jos-verstappen-exalta-dominio-max-verstappen-tri-formula-1-todo-credito-ele\/"},"modified":"2023-10-07T16:47:35","modified_gmt":"2023-10-07T19:47:35","slug":"jos-verstappen-exalta-dominio-max-verstappen-tri-formula-1-todo-credito-ele","status":"publish","type":"post","link":"https:\/\/grandepremio.com\/br\/f1\/jos-verstappen-exalta-dominio-max-verstappen-tri-formula-1-todo-credito-ele\/","title":{"rendered":"Jos Verstappen exalta dom\u00ednio de Max ap\u00f3s tri na F\u00f3rmula 1: &#8220;Todo cr\u00e9dito a ele&#8221;"},"content":{"rendered":"\n<p class=\"wp-block-paragraph\">Antes mesmo de cruzar a linha de chegada em <strong><a href=\"https:\/\/www.grandepremio.com\/br\/f1\/noticias\/max-verstappen-tricampeao-f1-abandono-sergio-perez-catar-oscar-piastri-vence-corrida-sprint\/\" class=\"ek-link\">segundo lugar na corrida sprint do GP do Catar<\/a><\/strong>, <strong>Max Verstappen <\/strong>j\u00e1 havia sido declarado tricampe\u00e3o mundial de <strong>F\u00f3rmula 1<\/strong>, j\u00e1 que <strong>Sergio P\u00e9rez <\/strong><a aria-label=\" (opens in a new tab)\" href=\"https:\/\/www.grandepremio.com\/br\/f1\/noticias\/sergio-perez-abandona-corrida-sprint-gp-catar-sela-tri-max-verstappen-f1-2023\/\" target=\"_blank\" rel=\"noreferrer noopener\" class=\"ek-link\">abandonou ap\u00f3s acidente<\/a> com <strong>Nico H\u00fclkenberg e Esteban Ocon<\/strong>. A conquista antecipada, que foi confirmada neste s\u00e1bado (7), ratificou o amplo dom\u00ednio do holand\u00eas na temporada 2023. Essa hegemonia do #1 da <strong>Red Bull <\/strong>foi exaltada por seu pai, <strong>Jos Verstappen<\/strong>, que destacou a forma com a qual o filho conquistou o feito.<\/p>\n\n\n\n<p class=\"wp-block-paragraph\">&#8220;Claro que ficamos felizes, mas \u00e9 tamb\u00e9m sobre a maneira como ele tem sido dominante este ano. Ele se saiu muito bem, e estamos muito orgulhosos por isso&#8221;, comemorou Jos, em entrevista ap\u00f3s a corrida sprint no circuito catari.<\/p>\n\n\n\n<p class=\"wp-block-paragraph\"><strong>\u25b6\ufe0f&nbsp;Inscreva-se nos dois canais do GRANDE PR\u00caMIO no YouTube:&nbsp;<\/strong><a href=\"https:\/\/www.youtube.com\/channel\/UC9OlHEgxoaY6QY6nWPoiqQg?sub_confirmation=1\" target=\"_blank\" rel=\"noreferrer noopener\" class=\"ek-link\"><strong>GP&nbsp;|&nbsp;GP2<\/strong><br><strong>\u25b6\ufe0f&nbsp;Conhe\u00e7a o canal do GRANDE PR\u00caMIO na Twitch clicando a<\/strong><\/a><strong><a href=\"https:\/\/www.youtube.com\/channel\/UC9OlHEgxoaY6QY6nWPoiqQg?sub_confirmation=1\" target=\"_blank\" rel=\"noreferrer noopener\" class=\"ek-link\">qui!<\/a><\/strong><\/p>\n\n\n\n<figure class=\"wp-block-image size-large\"><img decoding=\"async\" src=\"https:\/\/www.grandepremio.com\/br\/wp-content\/uploads\/2023\/10\/catar-2023-f1-corrida-sprint-red-bull-max-verstappen-07-1024x683.jpg\" alt=\"\" class=\"wp-image-737950\"\/><figcaption class=\"wp-element-caption\">Max Verstappen conquistou o tricampeonato na sprint do GP do Catar (Foto: Red Bull Content Pool)<\/figcaption><\/figure>\n\n\n\n<p class=\"wp-block-paragraph\">Com uma carreira modesta entre 1994 e 2003 na F1, Jos ficou conhecido por adotar uma postura exigente com o filho na busca por atingir o sucesso na categoria. Influente desde a inf\u00e2ncia de Max, o pai afirmou que os feitos do neerland\u00eas s\u00e3o em decorr\u00eancia de seu pr\u00f3prio talento, e, principalmente, do \u00e1rduo trabalho do novo tricampe\u00e3o.<\/p>\n\n\n\n<p class=\"wp-block-paragraph\">&#8220;Sabia h\u00e1 muito tempo, desde que ele era um kartista&#8221;, afirmou. &#8220;Acho que tomamos as decis\u00f5es certas no in\u00edcio da carreira dele, e devo dizer que cabe a ele decidir o que faz. Como faz isso, o qu\u00e3o forte \u00e9 e a forma como trabalha para isso, todo o cr\u00e9dito \u00e9 definitivamente de Max&#8221;, concluiu.<\/p>\n\n\n\n<p class=\"wp-block-paragraph\">A&nbsp;<a href=\"https:\/\/www.grandepremio.com\/formula-1\/\" target=\"_blank\" rel=\"noreferrer noopener\">F\u00f3rmula 1<\/a>&nbsp;volta \u00e0 pista de&nbsp;<strong><a href=\"https:\/\/www.grandepremio.com\/br\/circuito\/lusail\/\" target=\"_blank\" rel=\"noreferrer noopener\">Lusail<\/a>&nbsp;<\/strong>neste domingo (8), com a largada do GP do Catar programada para as&nbsp;<strong>14h&nbsp;<\/strong>(de Bras\u00edlia, GMT-3). O&nbsp;<strong>GRANDE PR\u00caMIO<\/strong>&nbsp;acompanha todas as atividades&nbsp;<strong>AO VIVO<\/strong>&nbsp;e&nbsp;<strong>EM&nbsp;<a href=\"https:\/\/www.grandepremio.com\/br\/ao-vivo\/\" target=\"_blank\" rel=\"noreferrer noopener\">TEMPO REAL<\/a><\/strong>. H\u00e1 tamb\u00e9m a&nbsp;<a href=\"https:\/\/formula1aovivo.com\/\" target=\"_blank\" rel=\"noreferrer noopener\">transmiss\u00e3o<\/a>&nbsp;da corrida em segunda tela, em parceria com a Voz do Esporte, a partir das 13h40.<\/p>\n\n\n\n<figure class=\"wp-block-embed is-type-video is-provider-youtube wp-block-embed-youtube wp-embed-aspect-16-9 wp-has-aspect-ratio\"><div class=\"wp-block-embed__wrapper\">\n<iframe loading=\"lazy\" title=\"\u2018Sim\u2019 de pilotos \u00e0 Andretti \u00e9 apoio ao que interessa: esportividade | GP \u00e0s 10\" width=\"500\" height=\"281\" src=\"https:\/\/www.youtube.com\/embed\/LYki9h-LXFE?feature=oembed\" frameborder=\"0\" allow=\"accelerometer; autoplay; clipboard-write; encrypted-media; gyroscope; picture-in-picture; web-share\" referrerpolicy=\"strict-origin-when-cross-origin\" allowfullscreen><\/iframe>\n<\/div><figcaption class=\"wp-element-caption\">\u2018Sim\u2019 de pilotos \u00e0 Andretti \u00e9 apoio ao que interessa: esportividade | GP \u00e0s 10<\/figcaption><\/figure>\n","protected":false},"excerpt":{"rendered":"<p>Exigente no in\u00edcio da carreira de Max Verstappen, Jos afirmou que as pr\u00f3prias decis\u00f5es de seu filho o levaram ao dom\u00ednio absurdo da temporada 2023 da F1<\/p>\n","protected":false},"author":0,"featured_media":1000737948,"comment_status":"closed","ping_status":"closed","sticky":false,"template":"","format":"standard","meta":{"42wp_featured_image_caption":"","42wp_featured_image_credits":"","42wp_featured_video":"","42wp_featured_image_hidden":false,"42wp_authors_list":[],"footnotes":""},"categories":[2],"tags":[147,6533,600,28285,2569,31014,203,204,33558,9685],"42wp_author":[47145],"class_list":["post-98538","post","type-post","status-publish","format-standard","has-post-thumbnail","hentry","category-f1","tag-f1","tag-f1-2023","tag-gp-do-catar","tag-grandepremio","tag-jos-verstappen","tag-lusail","tag-max-verstappen","tag-red-bull","tag-temporada-2023-da-f1","tag-verstappen","42wp_author-alessandro-pinheiro"],"_links":{"self":[{"href":"https:\/\/grandepremio.com\/br\/wp-json\/wp\/v2\/posts\/98538","targetHints":{"allow":["GET"]}}],"collection":[{"href":"https:\/\/grandepremio.com\/br\/wp-json\/wp\/v2\/posts"}],"about":[{"href":"https:\/\/grandepremio.com\/br\/wp-json\/wp\/v2\/types\/post"}],"replies":[{"embeddable":true,"href":"https:\/\/grandepremio.com\/br\/wp-json\/wp\/v2\/comments?post=98538"}],"version-history":[{"count":0,"href":"https:\/\/grandepremio.com\/br\/wp-json\/wp\/v2\/posts\/98538\/revisions"}],"wp:featuredmedia":[{"embeddable":true,"href":"https:\/\/grandepremio.com\/br\/wp-json\/wp\/v2\/media\/1000737948"}],"wp:attachment":[{"href":"https:\/\/grandepremio.com\/br\/wp-json\/wp\/v2\/media?parent=98538"}],"wp:term":[{"taxonomy":"category","embeddable":true,"href":"https:\/\/grandepremio.com\/br\/wp-json\/wp\/v2\/categories?post=98538"},{"taxonomy":"post_tag","embeddable":true,"href":"https:\/\/grandepremio.com\/br\/wp-json\/wp\/v2\/tags?post=98538"},{"taxonomy":"42wp_author","embeddable":true,"href":"https:\/\/grandepremio.com\/br\/wp-json\/wp\/v2\/42wp_author?post=98538"}],"curies":[{"name":"wp","href":"https:\/\/api.w.org\/{rel}","templated":true}]}}