{"id":98542,"date":"2023-10-07T15:52:06","date_gmt":"2023-10-07T18:52:06","guid":{"rendered":"https:\/\/grandepremio.com\/br\/noticias\/oscar-piastri-sorte-safety-car-sprint-catar-brinca-ele-foi-meu-amigo\/"},"modified":"2023-10-07T16:02:54","modified_gmt":"2023-10-07T19:02:54","slug":"oscar-piastri-sorte-safety-car-sprint-catar-brinca-ele-foi-meu-amigo","status":"publish","type":"post","link":"https:\/\/grandepremio.com\/br\/f1\/oscar-piastri-sorte-safety-car-sprint-catar-brinca-ele-foi-meu-amigo\/","title":{"rendered":"Piastri v\u00ea sorte com safety-car na sprint do Catar e brinca: &#8220;Ele foi meu amigo&#8221;"},"content":{"rendered":"\n<p class=\"wp-block-paragraph\">Embora tenha sido na <strong><a href=\"https:\/\/www.grandepremio.com\/br\/f1\/noticias\/max-verstappen-tricampeao-f1-abandono-sergio-perez-catar-oscar-piastri-vence-corrida-sprint\/\" class=\"ek-link\">corrida sprint do GP do Catar<\/a><\/strong>, <strong>Oscar Piastri<\/strong> entrou no grupo seleto de vencedores de provas na <strong>F\u00f3rmula 1<\/strong> logo em seu ano de estreia na categoria. Neste s\u00e1bado (7), o australiano da <strong>McLaren<\/strong> travou uma disputa com <strong>George Russell<\/strong>, mas aproveitou a sequ\u00eancia de entradas do safety-car e o desgaste dos pneus macios do brit\u00e2nico da <strong>Mercedes<\/strong> para faturar a vit\u00f3ria in\u00e9dita em <strong>Lusail<\/strong>. <\/p>\n\n\n\n<p class=\"wp-block-paragraph\">Ao t\u00e9rmino da corrida sprint no circuito catari, Piastri apontou que os acidentes de <strong>Liam Lawson<\/strong>, <strong>Logan Sargent<\/strong> e <a href=\"https:\/\/www.grandepremio.com\/br\/f1\/noticias\/sergio-perez-abandona-corrida-sprint-gp-catar-sela-tri-max-verstappen-f1-2023\/\" class=\"ek-link\"><strong>Sergio P\u00e9rez <\/strong><\/a>\u2014 que causaram as tr\u00eas entradas do safety-car \u2014 foram determinantes para se manter \u00e0 frente de <strong>Max Verstappen<\/strong> na reta final da corrida sprint. &#8220;Os safety-cars foram meus amigos hoje, uma vez que Max ficou atr\u00e1s de mim. Mas o ritmo foi razo\u00e1vel, e na corrida em que era preciso gerenciar muito os pneus, fizemos um bom trabalho&#8221;, avaliou. <\/p>\n\n\n\n<p class=\"wp-block-paragraph\">&#8220;Quando ele [Verstappen] ficou em segundo, pensei que poderia estar em apuros, mas o ritmo estava bom. A primeira vit\u00f3ria na sprint parece bem legal&#8221;, prosseguiu o australiano, que precisou de apenas 17 GPs para vencer pela primeira vez na F1.<\/p>\n\n\n\n<p class=\"wp-block-paragraph\"><strong>\u25b6\ufe0f&nbsp;Inscreva-se nos dois canais do GRANDE PR\u00caMIO no YouTube:&nbsp;<\/strong><a href=\"https:\/\/www.youtube.com\/channel\/UC9OlHEgxoaY6QY6nWPoiqQg?sub_confirmation=1\" target=\"_blank\" rel=\"noreferrer noopener\"><strong>GP&nbsp;|&nbsp;GP2<\/strong><br><strong>\u25b6\ufe0f&nbsp;Conhe\u00e7a o canal do GRANDE PR\u00caMIO na Twitch clicando a<\/strong><\/a><strong><a href=\"https:\/\/www.youtube.com\/channel\/UC9OlHEgxoaY6QY6nWPoiqQg?sub_confirmation=1\" target=\"_blank\" rel=\"noreferrer noopener\" class=\"ek-link\">qui!<\/a><\/strong><\/p>\n\n\n\n<figure class=\"wp-block-image size-large\"><img decoding=\"async\" src=\"https:\/\/www.grandepremio.com\/br\/wp-content\/uploads\/2023\/10\/catar-2023-f1-corrida-sprint-mclaren-oscar-piastri-afp-03-1024x683.jpg\" alt=\"\" class=\"wp-image-737854\"\/><figcaption class=\"wp-element-caption\">Oscar Piastri se manteve na lideran\u00e7a da prova ap\u00f3s largar da pole-position (Foto: AFP) <\/figcaption><\/figure>\n\n\n\n<p class=\"wp-block-paragraph\">Piastri tamb\u00e9m exaltou a decis\u00e3o da McLaren em optar pelos pneus m\u00e9dios em uma disputa que exigiu muito dos compostos durante as 19 voltas. &#8220;Uma corrida muito estressante. Quando vi todos os pilotos com pneus macios na largada, pensei que estar\u00edamos em apuros. Mas os pneus deles ca\u00edram rapidamente, ent\u00e3o isso foi bom&#8221;, encerrou o piloto do #81 da McLaren, que vai largar em sexto no GP do Catar.<\/p>\n\n\n\n<p class=\"wp-block-paragraph\">A&nbsp;<a href=\"https:\/\/www.grandepremio.com\/formula-1\/\" target=\"_blank\" rel=\"noreferrer noopener\">F\u00f3rmula 1<\/a>&nbsp;volta \u00e0 pista de&nbsp;<strong><a href=\"https:\/\/www.grandepremio.com\/br\/circuito\/lusail\/\" target=\"_blank\" rel=\"noreferrer noopener\">Lusail<\/a>&nbsp;<\/strong>neste domingo (8), com a largada do GP do Catar programada para as&nbsp;<strong>14h&nbsp;<\/strong>(de Bras\u00edlia, GMT-3). O&nbsp;<strong>GRANDE PR\u00caMIO<\/strong>&nbsp;acompanha todas as atividades&nbsp;<strong>AO VIVO<\/strong>&nbsp;e&nbsp;<strong>EM&nbsp;<a href=\"https:\/\/www.grandepremio.com\/br\/ao-vivo\/\" target=\"_blank\" rel=\"noreferrer noopener\">TEMPO REAL<\/a><\/strong>. H\u00e1 tamb\u00e9m a&nbsp;<a href=\"https:\/\/formula1aovivo.com\/\" target=\"_blank\" rel=\"noreferrer noopener\">transmiss\u00e3o<\/a>&nbsp;da corrida em segunda tela, em parceria com a Voz do Esporte, a partir das 13h40.<\/p>\n\n\n\n<figure class=\"wp-block-embed is-type-video is-provider-youtube wp-block-embed-youtube wp-embed-aspect-16-9 wp-has-aspect-ratio\"><div class=\"wp-block-embed__wrapper\">\n<iframe loading=\"lazy\" title=\"\u2018Sim\u2019 de pilotos \u00e0 Andretti \u00e9 apoio ao que interessa: esportividade | GP \u00e0s 10\" width=\"500\" height=\"281\" src=\"https:\/\/www.youtube.com\/embed\/LYki9h-LXFE?feature=oembed\" frameborder=\"0\" allow=\"accelerometer; autoplay; clipboard-write; encrypted-media; gyroscope; picture-in-picture; web-share\" referrerpolicy=\"strict-origin-when-cross-origin\" allowfullscreen><\/iframe>\n<\/div><figcaption class=\"wp-element-caption\">\u2018Sim\u2019 de pilotos \u00e0 Andretti \u00e9 apoio ao que interessa: esportividade | GP \u00e0s 10<\/figcaption><\/figure>\n","protected":false},"excerpt":{"rendered":"<p>Ap\u00f3s sua primeira vit\u00f3ria logo em seu ano de estreia na F\u00f3rmula 1, Oscar Piastri destacou a ajuda das tr\u00eas entradas do safety-car e tamb\u00e9m a escolha pelos pneus m\u00e9dios na corrida sprint em Lusail<\/p>\n","protected":false},"author":0,"featured_media":1000737663,"comment_status":"closed","ping_status":"closed","sticky":false,"template":"","format":"standard","meta":{"42wp_featured_image_caption":"","42wp_featured_image_credits":"","42wp_featured_video":"","42wp_featured_image_hidden":false,"42wp_authors_list":[],"footnotes":""},"categories":[2],"tags":[36735,147,6533,600,28285,31014,203,90,2916,30336,204,33558,9685],"42wp_author":[47145],"class_list":["post-98542","post","type-post","status-publish","format-standard","has-post-thumbnail","hentry","category-f1","tag-circuito-de-lusail","tag-f1","tag-f1-2023","tag-gp-do-catar","tag-grandepremio","tag-lusail","tag-max-verstappen","tag-mclaren","tag-oscar-piastri","tag-piastri","tag-red-bull","tag-temporada-2023-da-f1","tag-verstappen","42wp_author-alessandro-pinheiro"],"_links":{"self":[{"href":"https:\/\/grandepremio.com\/br\/wp-json\/wp\/v2\/posts\/98542","targetHints":{"allow":["GET"]}}],"collection":[{"href":"https:\/\/grandepremio.com\/br\/wp-json\/wp\/v2\/posts"}],"about":[{"href":"https:\/\/grandepremio.com\/br\/wp-json\/wp\/v2\/types\/post"}],"replies":[{"embeddable":true,"href":"https:\/\/grandepremio.com\/br\/wp-json\/wp\/v2\/comments?post=98542"}],"version-history":[{"count":0,"href":"https:\/\/grandepremio.com\/br\/wp-json\/wp\/v2\/posts\/98542\/revisions"}],"wp:featuredmedia":[{"embeddable":true,"href":"https:\/\/grandepremio.com\/br\/wp-json\/wp\/v2\/media\/1000737663"}],"wp:attachment":[{"href":"https:\/\/grandepremio.com\/br\/wp-json\/wp\/v2\/media?parent=98542"}],"wp:term":[{"taxonomy":"category","embeddable":true,"href":"https:\/\/grandepremio.com\/br\/wp-json\/wp\/v2\/categories?post=98542"},{"taxonomy":"post_tag","embeddable":true,"href":"https:\/\/grandepremio.com\/br\/wp-json\/wp\/v2\/tags?post=98542"},{"taxonomy":"42wp_author","embeddable":true,"href":"https:\/\/grandepremio.com\/br\/wp-json\/wp\/v2\/42wp_author?post=98542"}],"curies":[{"name":"wp","href":"https:\/\/api.w.org\/{rel}","templated":true}]}}