{"id":98552,"date":"2023-10-07T13:19:33","date_gmt":"2023-10-07T16:19:33","guid":{"rendered":"https:\/\/grandepremio.com\/br\/noticias\/red-bull-pilotos-guiando-instinto-catar-ajustes-nao-da-ver-linhas\/"},"modified":"2023-10-07T13:40:05","modified_gmt":"2023-10-07T16:40:05","slug":"red-bull-pilotos-guiando-instinto-catar-ajustes-nao-da-ver-linhas","status":"publish","type":"post","link":"https:\/\/grandepremio.com\/br\/f1\/red-bull-pilotos-guiando-instinto-catar-ajustes-nao-da-ver-linhas\/","title":{"rendered":"Red Bull v\u00ea pilotos guiando &#8220;por instinto&#8221; no Catar ap\u00f3s ajustes: &#8220;N\u00e3o d\u00e1 para ver as linhas&#8221;"},"content":{"rendered":"\n<p class=\"wp-block-paragraph\">A altera\u00e7\u00e3o promovida pela <strong>Federa\u00e7\u00e3o Internacional de Automobilismo<\/strong> (<strong>FIA<\/strong>) nas curvas 12 e 13 do circuito de <strong>Lusail <\/strong>criaram um fator de dificuldade a mais para os pilotos, na vis\u00e3o de <strong>Christian Horner<\/strong>. Mesmo de acordo com as orienta\u00e7\u00f5es <a href=\"https:\/\/www.grandepremio.com\/br\/f1\/noticias\/formula-1-realiza-treino-emergencia-antes-sprint-catar-seguranca-pneus\/\" class=\"ek-link\">por quest\u00f5es de seguran\u00e7a<\/a>, o chefe da <strong>Red Bull<\/strong> explicou que os competidores &#8220;n\u00e3o conseguem ver as linhas&#8221; que delimitam os limites de pista.<\/p>\n\n\n\n<p class=\"wp-block-paragraph\">A mudan\u00e7a de urg\u00eancia foi feita ap\u00f3s a <strong>Pirelli <\/strong>constatar um desgaste perigoso dos pneus depois do treino livre de sexta-feira. Os compostos de 20 voltas ou mais apresentaram um descolamento acentuado da superf\u00edcie, situa\u00e7\u00e3o que pode provocar um estouro do pneu.<\/p>\n\n\n\n<p class=\"wp-block-paragraph\"><strong>\u25b6\ufe0f\u00a0Inscreva-se nos dois canais do GRANDE PR\u00caMIO no YouTube:\u00a0<a href=\"https:\/\/www.youtube.com\/channel\/UC9OlHEgxoaY6QY6nWPoiqQg?sub_confirmation=1\" target=\"_blank\" rel=\"noreferrer noopener\">GP<\/a>\u00a0|\u00a0<a href=\"https:\/\/www.youtube.com\/channel\/UC9csiS6q_C3C0FYhyr1rnFA?sub_confirmation=1\" target=\"_blank\" rel=\"noreferrer noopener\">GP2<\/a><\/strong><br><strong>\u25b6\ufe0f\u00a0<a href=\"https:\/\/www.twitch.tv\/grandepremio\" target=\"_blank\" rel=\"noreferrer noopener\">Conhe\u00e7a o canal do GRANDE PR\u00caMIO na Twitch clicando aqui!<\/a><\/strong><\/p>\n\n\n\n<figure class=\"wp-block-image size-large\"><img decoding=\"async\" src=\"https:\/\/www.grandepremio.com\/br\/wp-content\/uploads\/2023\/10\/catar-2023-f1-classificacao-sprint-red-bull-max-verstappen-03-1024x643.jpg\" alt=\"\" class=\"wp-image-737574\"\/><figcaption class=\"wp-element-caption\">Max Verstappen vai largar apenas em terceiro na corrida que pode assegurar o seu tri na F1 (Foto: Red Bull Content Pool)<\/figcaption><\/figure>\n\n\n\n<p class=\"wp-block-paragraph\">Para amenizar a quest\u00e3o, a entidade resolveu mexer nos limites de pista das curvas 12 e 13 para evitar que os pilotos atacassem demais as zebras em formato de pir\u00e2mide. \u00c0 Sky Sports, Horner explicou que \u00e9 uma quest\u00e3o importante de seguran\u00e7a, &#8220;portanto voc\u00ea tem de seguir as orienta\u00e7\u00f5es da FIA&#8221;, mas tamb\u00e9m apresentou o ponto de vista dos pilotos.<\/p>\n\n\n\n<p class=\"wp-block-paragraph\">&#8220;Para os pilotos, \u00e9 incrivelmente dif\u00edcil, porque eles n\u00e3o conseguem ver as linhas&#8221;, explicou. &#8220;Eles n\u00e3o conseguem, est\u00e3o pilotando efetivamente com base no instinto e no julgamento. \u00c9 por isso que h\u00e1 tantas infra\u00e7\u00f5es [por track limits] acontecendo, as margens s\u00e3o muito t\u00eanues&#8221;, salientou.<\/p>\n\n\n\n<p class=\"wp-block-paragraph\">Sobre a classifica\u00e7\u00e3o para a corrida sprint, que terminou com a pole-position de <strong>Oscar Piastri<\/strong>, Horner parabenizou a <strong>McLaren<\/strong>, ressaltando que a rival inglesa &#8220;teve um carro forte nas \u00faltimas quatro ou cinco corridas&#8221;. O dirigente dos taurinos ainda amenizou a terceira coloca\u00e7\u00e3o de <strong>Max Verstappen <\/strong>no grid, garantindo que ele &#8220;n\u00e3o est\u00e1 interessado nos tr\u00eas pontos&#8221; \u2014 o necess\u00e1rio para sacramentar o tri no Catar.<\/p>\n\n\n\n<p class=\"wp-block-paragraph\">&#8220;Ele est\u00e1 interessando no m\u00e1ximo de pontos&#8221;, assegurou. &#8220;Ele \u00e9 um piloto, \u00e9 desse jeito que a equipe est\u00e1 encarando este fim de semana. Vamos dar o nosso melhor, e acho que teremos uma corrida interessante&#8221;, concluiu.<\/p>\n\n\n\n<p class=\"wp-block-paragraph\">A\u00a0<a href=\"https:\/\/www.grandepremio.com\/formula-1\/\" target=\"_blank\" rel=\"noreferrer noopener\"><\/a><a href=\"https:\/\/www.grandepremio.com\/formula-1\/\" target=\"_blank\" rel=\"noreferrer noopener\">F\u00f3rmula 1<\/a>\u00a0retorna logo mais, \u00e0s\u00a0<strong>14h30\u00a0<\/strong>deste s\u00e1bado (7), para a largada da\u00a0<strong>corrida sprint<\/strong>\u00a0do Catar. O\u00a0<strong>GRANDE PR\u00caMIO<\/strong>\u00a0acompanha todas as atividades\u00a0<strong>AO VIVO<\/strong>\u00a0e\u00a0<strong>EM\u00a0<a href=\"https:\/\/www.grandepremio.com\/br\/ao-vivo\/\" target=\"_blank\" rel=\"noreferrer noopener\">TEMPO REAL<\/a><\/strong>. H\u00e1 tamb\u00e9m a\u00a0<a href=\"https:\/\/formula1aovivo.com\/\" target=\"_blank\" rel=\"noreferrer noopener\">transmiss\u00e3o<\/a>\u00a0da corrida curta em segunda tela, em parceria com a Voz do Esporte, a partir das 14h15.<\/p>\n\n\n\n<figure class=\"wp-block-embed is-type-video is-provider-youtube wp-block-embed-youtube wp-embed-aspect-16-9 wp-has-aspect-ratio\"><div class=\"wp-block-embed__wrapper\">\n<iframe loading=\"lazy\" title=\"\u2018Sim\u2019 de pilotos \u00e0 Andretti \u00e9 apoio ao que interessa: esportividade | GP \u00e0s 10\" width=\"500\" height=\"281\" src=\"https:\/\/www.youtube.com\/embed\/LYki9h-LXFE?feature=oembed\" frameborder=\"0\" allow=\"accelerometer; autoplay; clipboard-write; encrypted-media; gyroscope; picture-in-picture; web-share\" referrerpolicy=\"strict-origin-when-cross-origin\" allowfullscreen><\/iframe>\n<\/div><\/figure>\n","protected":false},"excerpt":{"rendered":"<p>Christian Horner, chefe da Red Bull, disse que as linhas que delimitam os limites de pista em Lusail s\u00e3o muito t\u00eanues, por isso h\u00e1 tantas infra\u00e7\u00f5es por track limits no Catar<\/p>\n","protected":false},"author":0,"featured_media":1000737634,"comment_status":"closed","ping_status":"closed","sticky":false,"template":"","format":"standard","meta":{"42wp_featured_image_caption":"","42wp_featured_image_credits":"","42wp_featured_video":"","42wp_featured_image_hidden":false,"42wp_authors_list":[],"footnotes":""},"categories":[2],"tags":[26271,1113,36714,30090,655,5273,147,6533,180,30722,600,1491,28285,30840,31014,36669,36668,35129,204,31447],"42wp_author":[47147],"class_list":["post-98552","post","type-post","status-publish","format-standard","has-post-thumbnail","hentry","category-f1","tag-calendario-f1","tag-catar","tag-catar-2023","tag-catar-f1","tag-christian-horner","tag-classificacao-f1","tag-f1","tag-f1-2023","tag-formula-1","tag-formula-1-2023","tag-gp-do-catar","tag-grande-premio","tag-grandepremio","tag-horarios-f1","tag-lusail","tag-lusail-2023","tag-lusail-f1","tag-onde-assistir-f1","tag-red-bull","tag-temporada-2023-f1","42wp_author-luana-marino"],"_links":{"self":[{"href":"https:\/\/grandepremio.com\/br\/wp-json\/wp\/v2\/posts\/98552","targetHints":{"allow":["GET"]}}],"collection":[{"href":"https:\/\/grandepremio.com\/br\/wp-json\/wp\/v2\/posts"}],"about":[{"href":"https:\/\/grandepremio.com\/br\/wp-json\/wp\/v2\/types\/post"}],"replies":[{"embeddable":true,"href":"https:\/\/grandepremio.com\/br\/wp-json\/wp\/v2\/comments?post=98552"}],"version-history":[{"count":0,"href":"https:\/\/grandepremio.com\/br\/wp-json\/wp\/v2\/posts\/98552\/revisions"}],"wp:featuredmedia":[{"embeddable":true,"href":"https:\/\/grandepremio.com\/br\/wp-json\/wp\/v2\/media\/1000737634"}],"wp:attachment":[{"href":"https:\/\/grandepremio.com\/br\/wp-json\/wp\/v2\/media?parent=98552"}],"wp:term":[{"taxonomy":"category","embeddable":true,"href":"https:\/\/grandepremio.com\/br\/wp-json\/wp\/v2\/categories?post=98552"},{"taxonomy":"post_tag","embeddable":true,"href":"https:\/\/grandepremio.com\/br\/wp-json\/wp\/v2\/tags?post=98552"},{"taxonomy":"42wp_author","embeddable":true,"href":"https:\/\/grandepremio.com\/br\/wp-json\/wp\/v2\/42wp_author?post=98552"}],"curies":[{"name":"wp","href":"https:\/\/api.w.org\/{rel}","templated":true}]}}