{"id":98554,"date":"2023-10-07T12:15:20","date_gmt":"2023-10-07T15:15:20","guid":{"rendered":"https:\/\/grandepremio.com\/br\/noticias\/lewis-hamilton-critica-w14-apos-12o-lugar-grid-sprint-catar-equilibrio-nenhum\/"},"modified":"2023-10-07T12:15:28","modified_gmt":"2023-10-07T15:15:28","slug":"lewis-hamilton-critica-w14-apos-12o-lugar-grid-sprint-catar-equilibrio-nenhum","status":"publish","type":"post","link":"https:\/\/grandepremio.com\/br\/f1\/lewis-hamilton-critica-w14-apos-12o-lugar-grid-sprint-catar-equilibrio-nenhum\/","title":{"rendered":"Hamilton critica W14 ap\u00f3s 12\u00ba lugar no grid da sprint do Catar: &#8220;Equil\u00edbrio nenhum&#8221;"},"content":{"rendered":"\n<p class=\"wp-block-paragraph\"><strong>Lewis Hamilton<\/strong> n\u00e3o conseguiu repetir na <a href=\"https:\/\/www.grandepremio.com\/br\/f1\/noticias\/oscar-piastri-dribla-limites-pista-conquista-pole-position-corrida-sprint-catar\/\" class=\"ek-link\">classifica\u00e7\u00e3o para a corrida sprint<\/a> o desempenho que teve na sexta-feira, quando se<a href=\"https:\/\/www.grandepremio.com\/br\/f1\/noticias\/mesmo-beneficiado-grid-lewis-hamilton-ve-limites-pista-desnecessarios-catar\/\" class=\"ek-link\"> colocou na terceira posi\u00e7\u00e3o<\/a> para o <strong>GP do Catar<\/strong>. Na sess\u00e3o que aconteceu na manh\u00e3 deste s\u00e1bado (7), o heptacampe\u00e3o n\u00e3o foi al\u00e9m do 12\u00ba lugar e caiu ainda no Q2. A causa, como ele mesmo afirma, foi a \u201cfalta de equil\u00edbrio\u201d do <strong>W14<\/strong>.<\/p>\n\n\n\n<p class=\"wp-block-paragraph\">A <strong>Mercedes <\/strong>come\u00e7ou o fim de semana no <strong>Catar <\/strong>em p\u00e9 de igualdade com a <strong>McLaren <\/strong>na briga pelo segundo lugar. No entanto, enquanto o time brit\u00e2nico <a href=\"https:\/\/www.grandepremio.com\/br\/f1\/noticias\/oscar-piastri-debocha-punicoes-pole-sprint-catar-melhor-5-minutos-fia\/\" class=\"ek-link\">conseguiu uma dobradinha<\/a> na classifica\u00e7\u00e3o sprint, as flechas de prata n\u00e3o foram al\u00e9m de um quarto e um 12\u00ba lugar com <strong>George Russell<\/strong> e Hamilton, respectivamente.<\/p>\n\n\n\n<p class=\"wp-block-paragraph\"><strong>\u25b6\ufe0f\u00a0Inscreva-se nos dois canais do GRANDE PR\u00caMIO no YouTube:\u00a0<a href=\"https:\/\/www.youtube.com\/channel\/UC9OlHEgxoaY6QY6nWPoiqQg?sub_confirmation=1\" target=\"_blank\" rel=\"noreferrer noopener\">GP<\/a>\u00a0|\u00a0<a href=\"https:\/\/www.youtube.com\/channel\/UC9csiS6q_C3C0FYhyr1rnFA?sub_confirmation=1\" target=\"_blank\" rel=\"noreferrer noopener\">GP2<\/a><\/strong><br><strong>\u25b6\ufe0f\u00a0<a href=\"https:\/\/www.twitch.tv\/grandepremio\" target=\"_blank\" rel=\"noreferrer noopener\">Conhe\u00e7a o canal do GRANDE PR\u00caMIO na Twitch clicando aqui!<\/a><\/strong><\/p>\n\n\n\n<figure class=\"wp-block-image size-large\"><img decoding=\"async\" src=\"https:\/\/www.grandepremio.com\/br\/wp-content\/uploads\/2023\/10\/catar-2023-f1-classificacao-sprint-mercedes-lewis-hamilton-02-1024x683.jpg\" alt=\"\" class=\"wp-image-737561\"\/><figcaption class=\"wp-element-caption\">Lewis Hamilton vai ter de fazer uma corrida sprint de recupera\u00e7\u00e3o no Catar (Foto: Mercedes)<\/figcaption><\/figure>\n\n\n\n<p class=\"wp-block-paragraph\">Embora o desempenho do #63 tenha sido muito similar ao apresentado na sexta-feira, o #44 viveu um cen\u00e1rio diferente. Para Lewis, as <a href=\"https:\/\/www.grandepremio.com\/br\/f1\/noticias\/formula-1-realiza-treino-emergencia-antes-sprint-catar-seguranca-pneus\/\" class=\"ek-link\">mudan\u00e7as realizadas nos limites de pista<\/a> e a falta de equil\u00edbrio do carro foram grandes respons\u00e1veis pela queda precoce na classifica\u00e7\u00e3o.<\/p>\n\n\n\n<p class=\"wp-block-paragraph\">\u201cMuito diferente de ontem. Ontem pareceu bastante decente. N\u00e3o sei se foi o vento ou a temperatura muito mais quente, mas o carro n\u00e3o tinha equil\u00edbrio\u201d, contou o brit\u00e2nico.<\/p>\n\n\n\n<p class=\"wp-block-paragraph\">\u201cLimites de pista, sim. Eu tive esse problema principalmente na curva 13 com as mudan\u00e7as que eles fizeram. Todo mundo est\u00e1 no mesmo barco. Eu apenas lutei mais com o equil\u00edbrio. N\u00e3o consigo identificar o motivo. Mas o carro estava do jeito que estava&#8221;, finalizou.<\/p>\n\n\n\n<p class=\"wp-block-paragraph\">A\u00a0<a href=\"https:\/\/www.grandepremio.com\/formula-1\/\" target=\"_blank\" rel=\"noreferrer noopener\">F\u00f3rmula 1<\/a>\u00a0retorna logo mais, \u00e0s\u00a0<strong>14h30\u00a0<\/strong>deste s\u00e1bado (7), para a largada da\u00a0<strong>corrida sprint<\/strong>\u00a0do Catar. O\u00a0<strong>GRANDE PR\u00caMIO<\/strong>\u00a0acompanha todas as atividades\u00a0<strong>AO VIVO<\/strong>\u00a0e\u00a0<strong>EM\u00a0<a href=\"https:\/\/www.grandepremio.com\/br\/ao-vivo\/\" target=\"_blank\" rel=\"noreferrer noopener\">TEMPO REAL<\/a><\/strong>. H\u00e1 tamb\u00e9m a\u00a0<a href=\"https:\/\/formula1aovivo.com\/\" target=\"_blank\" rel=\"noreferrer noopener\">transmiss\u00e3o<\/a>\u00a0da corrida curta em segunda tela, em parceria com a Voz do Esporte, a partir das 14h15.<\/p>\n\n\n\n<figure class=\"wp-block-embed is-type-rich is-provider-incorporar-manipulador wp-block-embed-incorporar-manipulador wp-embed-aspect-16-9 wp-has-aspect-ratio\"><div class=\"wp-block-embed__wrapper\">\nhttps:\/\/youtube.com\/watch?v=kipXWD2mFVg%3Fsi%3DTTg0vYAcNfCFJLHn\n<\/div><\/figure>\n","protected":false},"excerpt":{"rendered":"<p>Mesmo utilizando a mesma configura\u00e7\u00e3o da sexta-feira, Lewis Hamilton sofreu com o carro da Mercedes no s\u00e1bado e foi eliminado de forma precoce na classifica\u00e7\u00e3o sprint<\/p>\n","protected":false},"author":0,"featured_media":1000736885,"comment_status":"closed","ping_status":"closed","sticky":false,"template":"","format":"standard","meta":{"42wp_featured_image_caption":"","42wp_featured_image_credits":"","42wp_featured_video":"","42wp_featured_image_hidden":false,"42wp_authors_list":[],"footnotes":""},"categories":[2],"tags":[32996,147,600,36709,30099,30091,219,28285,2810,30039,87,82,32317],"42wp_author":[47149],"class_list":["post-98554","post","type-post","status-publish","format-standard","has-post-thumbnail","hentry","category-f1","tag-classificacao-sprint","tag-f1","tag-gp-do-catar","tag-gp-do-catar-2023","tag-gp-do-catar-de-f1","tag-gp-do-catar-de-formula-1","tag-grande-prmio","tag-grandepremio","tag-hamilton","tag-hamilton-f1","tag-lewis-hamilton","tag-mercedes","tag-w14","42wp_author-bernardo-castro"],"_links":{"self":[{"href":"https:\/\/grandepremio.com\/br\/wp-json\/wp\/v2\/posts\/98554","targetHints":{"allow":["GET"]}}],"collection":[{"href":"https:\/\/grandepremio.com\/br\/wp-json\/wp\/v2\/posts"}],"about":[{"href":"https:\/\/grandepremio.com\/br\/wp-json\/wp\/v2\/types\/post"}],"replies":[{"embeddable":true,"href":"https:\/\/grandepremio.com\/br\/wp-json\/wp\/v2\/comments?post=98554"}],"version-history":[{"count":0,"href":"https:\/\/grandepremio.com\/br\/wp-json\/wp\/v2\/posts\/98554\/revisions"}],"wp:featuredmedia":[{"embeddable":true,"href":"https:\/\/grandepremio.com\/br\/wp-json\/wp\/v2\/media\/1000736885"}],"wp:attachment":[{"href":"https:\/\/grandepremio.com\/br\/wp-json\/wp\/v2\/media?parent=98554"}],"wp:term":[{"taxonomy":"category","embeddable":true,"href":"https:\/\/grandepremio.com\/br\/wp-json\/wp\/v2\/categories?post=98554"},{"taxonomy":"post_tag","embeddable":true,"href":"https:\/\/grandepremio.com\/br\/wp-json\/wp\/v2\/tags?post=98554"},{"taxonomy":"42wp_author","embeddable":true,"href":"https:\/\/grandepremio.com\/br\/wp-json\/wp\/v2\/42wp_author?post=98554"}],"curies":[{"name":"wp","href":"https:\/\/api.w.org\/{rel}","templated":true}]}}