{"id":98561,"date":"2023-10-07T09:04:05","date_gmt":"2023-10-07T12:04:05","guid":{"rendered":"https:\/\/grandepremio.com\/br\/noticias\/como-ficam-horarios-sprint-formula-1-catar-adicao-treino-extra\/"},"modified":"2023-10-07T09:08:10","modified_gmt":"2023-10-07T12:08:10","slug":"como-ficam-horarios-sprint-formula-1-catar-adicao-treino-extra","status":"publish","type":"post","link":"https:\/\/grandepremio.com\/br\/f1\/como-ficam-horarios-sprint-formula-1-catar-adicao-treino-extra\/","title":{"rendered":"Como ficam os hor\u00e1rios da sprint da F\u00f3rmula 1 no Catar ap\u00f3s adi\u00e7\u00e3o de treino extra"},"content":{"rendered":"\n<p class=\"wp-block-paragraph\">O s\u00e1bado (7) da <strong>F\u00f3rmula 1<\/strong> no <strong>Catar <\/strong>come\u00e7ou com a <strong>Federa\u00e7\u00e3o Internacional de Automobilismo <\/strong>(<strong>FIA<\/strong>) adicionando um treino emergencial de 10 minutos antes da classifica\u00e7\u00e3o para a sprint por quest\u00f5es de seguran\u00e7a envolvendo os pneus da <strong>Pirelli<\/strong>. O &#8216;warm-up&#8217; mexeu um pouco na programa\u00e7\u00e3o do dia, portanto confira a seguir como ficam os hor\u00e1rios das atividades em <strong>Lusail<\/strong>.<\/p>\n\n\n\n<p class=\"wp-block-paragraph\">A <strong>sess\u00e3o extra<\/strong> acontecer\u00e1 no hor\u00e1rio antes programado para o in\u00edcio da classifica\u00e7\u00e3o da prova curta \u2014 a chamada sprint shootout \u2014, \u00e0s 16h locais (<strong>10h de Bras\u00edlia<\/strong>, GMT-3). Por conta disso, <strong>a defini\u00e7\u00e3o do grid de largada da corrida sprint<\/strong> <strong>foi atrasada em 20 minutos<\/strong>, come\u00e7ando \u00e0s<strong> 10h20<\/strong> (de Bras\u00edlia). F1 TV, streaming da F1, e BandSports transmitem.<\/p>\n\n\n\n<p class=\"wp-block-paragraph\"><strong>\u25b6\ufe0f&nbsp;Inscreva-se nos dois canais do GRANDE PR\u00caMIO no YouTube:&nbsp;<a href=\"https:\/\/www.youtube.com\/channel\/UC9OlHEgxoaY6QY6nWPoiqQg?sub_confirmation=1\" target=\"_blank\" rel=\"noreferrer noopener\">GP<\/a>&nbsp;|&nbsp;<a href=\"https:\/\/www.youtube.com\/channel\/UC9csiS6q_C3C0FYhyr1rnFA?sub_confirmation=1\" target=\"_blank\" rel=\"noreferrer noopener\">GP2<\/a><\/strong><br><strong>\u25b6\ufe0f&nbsp;<a href=\"https:\/\/www.twitch.tv\/grandepremio\" target=\"_blank\" rel=\"noreferrer noopener\">Conhe\u00e7a o canal do GRANDE PR\u00caMIO na Twitch clicando aqui!<\/a><\/strong><\/p>\n\n\n\n<figure class=\"wp-block-image size-large\"><img decoding=\"async\" src=\"https:\/\/www.grandepremio.com\/br\/wp-content\/uploads\/2023\/10\/catar-2023-f1-treinos-livres-alfa-romeo-valtteri-bottas-01-1024x684.jpg\" alt=\"\" class=\"wp-image-737233\"\/><figcaption class=\"wp-element-caption\">Valtteri Bottas em a\u00e7\u00e3o no Catar: GRANDE PR\u00caMIO acompanha sprint (Foto: Alfa Romeo)<\/figcaption><\/figure>\n\n\n\n<p class=\"wp-block-paragraph\">Quanto \u00e0 corrida em si, nada mudou: a <strong>largada <\/strong>continua prevista para as <strong>14h30 <\/strong>(de Bras\u00edlia), com transmiss\u00e3o da Band. No domingo, o <strong>GP do Catar<\/strong> come\u00e7a \u00e0s <strong>14h<\/strong>.<\/p>\n\n\n\n<p class=\"wp-block-paragraph\"><strong><a href=\"https:\/\/www.grandepremio.com\/br\/piloto\/max-verstappen\/\" target=\"_blank\" rel=\"noreferrer noopener\">Max Verstappen<\/a><\/strong>&nbsp;pode conquistar o tricampeonato na corrida sprint. Para isso, ele precisa apenas chegar em sexto lugar para n\u00e3o ser mais alcan\u00e7ado na classifica\u00e7\u00e3o.<\/p>\n\n\n\n<p class=\"wp-block-paragraph\">O&nbsp;<strong>GRANDE PR\u00caMIO<\/strong>&nbsp;acompanha todas as atividades&nbsp;<strong>AO VIVO&nbsp;<\/strong>e&nbsp;<strong>EM&nbsp;<a href=\"https:\/\/www.grandepremio.com\/br\/ao-vivo\/\" target=\"_blank\" rel=\"noreferrer noopener\">TEMPO REAL<\/a><\/strong>. H\u00e1 ainda a&nbsp;<a href=\"https:\/\/formula1aovivo.com\/\" target=\"_blank\" rel=\"noreferrer noopener\">transmiss\u00e3o<\/a>&nbsp;da corrida sprint em segunda tela, em parceria com a&nbsp;<strong>Voz do Esporte<\/strong>, a partir das 14h15.<\/p>\n\n\n\n<figure class=\"wp-block-embed is-type-video is-provider-youtube wp-block-embed-youtube wp-embed-aspect-16-9 wp-has-aspect-ratio\"><div class=\"wp-block-embed__wrapper\">\n<iframe loading=\"lazy\" title=\"BORTOLETO rumo \u00e0 F1: passo CERTEIRO em McLAREN com futuro promissor | GP \u00e0s 10\" width=\"500\" height=\"281\" src=\"https:\/\/www.youtube.com\/embed\/BWXWN--twY8?feature=oembed\" frameborder=\"0\" allow=\"accelerometer; autoplay; clipboard-write; encrypted-media; gyroscope; picture-in-picture; web-share\" referrerpolicy=\"strict-origin-when-cross-origin\" allowfullscreen><\/iframe>\n<\/div><\/figure>\n","protected":false},"excerpt":{"rendered":"<p>Por quest\u00f5es de seguran\u00e7a ap\u00f3s an\u00e1lise da Pirelli, a F\u00f3rmula 1 colocou um treino extra de 10 minutos antes da classifica\u00e7\u00e3o para a corrida sprint. Confira como ficam os hor\u00e1rios das atividades deste s\u00e1bado<\/p>\n","protected":false},"author":0,"featured_media":1000737267,"comment_status":"closed","ping_status":"closed","sticky":false,"template":"","format":"standard","meta":{"42wp_featured_image_caption":"","42wp_featured_image_credits":"","42wp_featured_video":"","42wp_featured_image_hidden":false,"42wp_authors_list":[],"footnotes":""},"categories":[2],"tags":[26271,1113,5273,147,6533,180,30722,600,1491,28285,30840,31014,36669,36668,35129,31447],"42wp_author":[47147],"class_list":["post-98561","post","type-post","status-publish","format-standard","has-post-thumbnail","hentry","category-f1","tag-calendario-f1","tag-catar","tag-classificacao-f1","tag-f1","tag-f1-2023","tag-formula-1","tag-formula-1-2023","tag-gp-do-catar","tag-grande-premio","tag-grandepremio","tag-horarios-f1","tag-lusail","tag-lusail-2023","tag-lusail-f1","tag-onde-assistir-f1","tag-temporada-2023-f1","42wp_author-luana-marino"],"_links":{"self":[{"href":"https:\/\/grandepremio.com\/br\/wp-json\/wp\/v2\/posts\/98561","targetHints":{"allow":["GET"]}}],"collection":[{"href":"https:\/\/grandepremio.com\/br\/wp-json\/wp\/v2\/posts"}],"about":[{"href":"https:\/\/grandepremio.com\/br\/wp-json\/wp\/v2\/types\/post"}],"replies":[{"embeddable":true,"href":"https:\/\/grandepremio.com\/br\/wp-json\/wp\/v2\/comments?post=98561"}],"version-history":[{"count":0,"href":"https:\/\/grandepremio.com\/br\/wp-json\/wp\/v2\/posts\/98561\/revisions"}],"wp:featuredmedia":[{"embeddable":true,"href":"https:\/\/grandepremio.com\/br\/wp-json\/wp\/v2\/media\/1000737267"}],"wp:attachment":[{"href":"https:\/\/grandepremio.com\/br\/wp-json\/wp\/v2\/media?parent=98561"}],"wp:term":[{"taxonomy":"category","embeddable":true,"href":"https:\/\/grandepremio.com\/br\/wp-json\/wp\/v2\/categories?post=98561"},{"taxonomy":"post_tag","embeddable":true,"href":"https:\/\/grandepremio.com\/br\/wp-json\/wp\/v2\/tags?post=98561"},{"taxonomy":"42wp_author","embeddable":true,"href":"https:\/\/grandepremio.com\/br\/wp-json\/wp\/v2\/42wp_author?post=98561"}],"curies":[{"name":"wp","href":"https:\/\/api.w.org\/{rel}","templated":true}]}}