{"id":98567,"date":"2023-10-06T21:14:58","date_gmt":"2023-10-07T00:14:58","guid":{"rendered":"https:\/\/grandepremio.com\/br\/noticias\/confira-declaracoes-pilotos-apos-classificacao-gp-catar-formula-1-2023\/"},"modified":"2023-10-06T21:23:15","modified_gmt":"2023-10-07T00:23:15","slug":"confira-declaracoes-pilotos-apos-classificacao-gp-catar-formula-1-2023","status":"publish","type":"post","link":"https:\/\/grandepremio.com\/br\/f1\/confira-declaracoes-pilotos-apos-classificacao-gp-catar-formula-1-2023\/","title":{"rendered":"Confira declara\u00e7\u00f5es dos pilotos ap\u00f3s classifica\u00e7\u00e3o do GP do Catar de F\u00f3rmula 1 2023"},"content":{"rendered":"\n<p class=\"wp-block-paragraph\"><a href=\"https:\/\/www.grandepremio.com\/br\/f1\/noticias\/max-verstappen-atropela-concorrencia-conquista-10a-pole-position-temporada-2023-catar\/\" class=\"ek-link\"><strong>Max Verstappen <\/strong>n\u00e3o precisou de muito esfor\u00e7o para conquistar sua d\u00e9cima pole-position na <strong>F1 2023<\/strong><\/a>. Na primeira tentativa do Q3, o holand\u00eas anotou <strong>1min23s778 <\/strong>e j\u00e1 foi o bastante para estar na posi\u00e7\u00e3o de honra da prova no domingo (6). <\/p>\n\n\n\n<p class=\"wp-block-paragraph\">Com os dois pilotos da <strong>McLaren <\/strong>punidos por causa dos limites de pista, <strong>George Russell<\/strong> fechou a primeira fila com o bicampe\u00e3o mundial.<strong> Lewis Hamilton<\/strong> terminou com o terceiro lugar. <strong>Fernando Alonso e Charles Leclerc <\/strong>aparecem na quarta e quinta posi\u00e7\u00f5es, respectivamente. <\/p>\n\n\n\n<p class=\"wp-block-paragraph\"><strong><img decoding=\"async\" src=\"https:\/\/a.slack-edge.com\/production-standard-emoji-assets\/14.0\/google-medium\/25b6-fe0f.png\" alt=\":seta_para_frente:\"><\/strong><strong>&nbsp;Inscreva-se nos dois canais do GRANDE PR\u00caMIO no YouTube:&nbsp;<\/strong><strong><a target=\"_blank\" href=\"https:\/\/www.youtube.com\/channel\/UC9OlHEgxoaY6QY6nWPoiqQg?sub_confirmation=1\" rel=\"noreferrer noopener\">GP<\/a><\/strong><strong>&nbsp;|&nbsp;<\/strong><strong><a target=\"_blank\" href=\"https:\/\/www.youtube.com\/channel\/UC9csiS6q_C3C0FYhyr1rnFA?sub_confirmation=1\" rel=\"noreferrer noopener\">GP2<\/a><\/strong><br><strong><img decoding=\"async\" src=\"https:\/\/a.slack-edge.com\/production-standard-emoji-assets\/14.0\/google-medium\/25b6-fe0f.png\" alt=\":seta_para_frente:\"><\/strong><strong><a target=\"_blank\" href=\"https:\/\/www.twitch.tv\/grandepremio\" rel=\"noreferrer noopener\">Conhe\u00e7a o canal do GRANDE PR\u00caMIO na Twitch clicando aqui!<\/a><\/strong><\/p>\n\n\n\n<figure class=\"wp-block-image size-large\"><img decoding=\"async\" src=\"https:\/\/www.grandepremio.com\/br\/wp-content\/uploads\/2023\/10\/000_33XL2DC-1024x683.jpg\" alt=\"F1 2023, GP DO CATAR, LOSAIL, CLASSIFICA\u00c7\u00c3O, SEXTA-FEIRA, RED BULL, MAX VERSTAPPEN, AFP\" class=\"wp-image-737456\"\/><figcaption class=\"wp-element-caption\">Max Verstappen celebra pole com a Red Bull no GP do Catar (Foto: Ben Stansall\/AFP)<\/figcaption><\/figure>\n\n\n\n<p class=\"wp-block-paragraph\"><strong>Oscar Piastri<\/strong> caiu para a sexta posi\u00e7\u00e3o, logo \u00e0 frente de<strong> Pierre Gasly. Esteban Ocon, Valtteri Bottas e Lando Norris <\/strong>completam as dez primeiras coloca\u00e7\u00f5es do grid. <\/p>\n\n\n\n<p class=\"wp-block-paragraph\">A\u00a0<a href=\"https:\/\/www.grandepremio.com\/formula-1\/\" target=\"_blank\" rel=\"noreferrer noopener\">F\u00f3rmula 1<\/a>\u00a0volta neste s\u00e1bado (7), com a classifica\u00e7\u00e3o para a sprint marcada para as 10h (de Bras\u00edlia, GMT-3). O\u00a0<strong>GRANDE PR\u00caMIO<\/strong>\u00a0acompanha todas as atividades\u00a0<strong>AO VIVO\u00a0<\/strong>e\u00a0<strong>EM\u00a0<a href=\"https:\/\/www.grandepremio.com\/br\/ao-vivo\/\" target=\"_blank\" rel=\"noreferrer noopener\">TEMPO REAL<\/a><\/strong>\u00a0e ainda exibe a corrida curta em segunda tela, \u00e0s 14h15, em parceria com a Voz do Esporte.<\/p>\n\n\n\n<h3 class=\"wp-block-heading\" id=\"h-confira-tudo-que-os-pilotos-disseram-apos-a-classificacao-do-gp-do-catar\">Confira tudo que os pilotos disseram ap\u00f3s a classifica\u00e7\u00e3o do GP do Catar:<\/h3>\n\n\n\n<p class=\"wp-block-paragraph\"><strong>Max Verstappen, primeiro: <a href=\"https:\/\/www.grandepremio.com\/br\/f1\/noticias\/max-verstappen-ve-dia-complicado-novo-asfalto-catar-celebra-otima-pole\/\" class=\"ek-link\">Verstappen v\u00ea \u201cdia complicado\u201d com novo asfalto do Catar, mas celebra \u201c\u00f3tima\u201d pole<\/a><\/strong><\/p>\n\n\n\n<p class=\"wp-block-paragraph\"><strong>George Russell, segundo: <a href=\"https:\/\/www.grandepremio.com\/br\/f1\/noticias\/george-russell-surpresa-2o-lugar-grid-gp-do-catar-melhor-do-que-esperavamos\/\" class=\"ek-link\">Russell admite surpresa com 2\u00ba lugar no grid do GP do Catar: \u201cMelhor do que esper\u00e1vamos\u201d<\/a><\/strong><\/p>\n\n\n\n<p class=\"wp-block-paragraph\"><strong>Lewis Hamilton, terceiro: <a href=\"https:\/\/www.grandepremio.com\/br\/f1\/noticias\/mesmo-beneficiado-grid-lewis-hamilton-ve-limites-pista-desnecessarios-catar\/\" class=\"ek-link\">Mesmo beneficiado no grid, Hamilton v\u00ea limites de pista \u201cdesnecess\u00e1rios\u201d no Catar<\/a><\/strong><\/p>\n\n\n\n<p class=\"wp-block-paragraph\"><strong><a href=\"https:\/\/www.grandepremio.com\/br\/f1\/noticias\/fernando-alonso-vibra-aston-martin-catar-alerta-mclaren-vao-ultrapassar\/\" class=\"ek-link\">Fernando Alonso, quarto: Alonso vibra com Aston Martin no Catar, mas alerta sobre McLaren: \u201cV\u00e3o nos ultrapassar\u201d<\/a><\/strong><\/p>\n\n\n\n<p class=\"wp-block-paragraph\"><strong>Charles Leclerc, quinto:<a href=\"https:\/\/www.grandepremio.com\/br\/f1\/noticias\/charles-leclerc-culpa-defeito-marcha-5o-lugar-grid-catar-perdemos-bastante\/\" class=\"ek-link\"> Leclerc culpa defeito na marcha por 5\u00ba lugar no grid do Catar: \u201cPerdemos bastante\u201d<\/a><\/strong><\/p>\n\n\n\n<p class=\"wp-block-paragraph\"><strong>Oscar Piastri, sexto: <a href=\"https:\/\/www.grandepremio.com\/br\/f1\/noticias\/oscar-piastri-reclama-pouca-aderencia-catar-admite-forcou-demais-volta-final\/\" class=\"ek-link\">Piastri reclama de pouca ader\u00eancia no Catar, mas admite que \u201cfor\u00e7ou demais\u201d em volta final<\/a><\/strong><\/p>\n\n\n\n<figure class=\"wp-block-image size-large\"><img decoding=\"async\" src=\"https:\/\/www.grandepremio.com\/br\/wp-content\/uploads\/2023\/10\/000_33XN8EA-1024x683.jpg\" alt=\"F1 2023, GP DO CATAR, LOSAIL, CLASSIFICA\u00c7\u00c3O, SEXTA-FEIRA, McLAREN, LANDO NORRIS, AFP\" class=\"wp-image-737459\"\/><figcaption class=\"wp-element-caption\">Lando Norris foi de segundo para d\u00e9cimo sem a volta (Foto: AFP)<\/figcaption><\/figure>\n\n\n\n<p class=\"wp-block-paragraph\"><strong>Pierre Gasly s\u00e9timo: <a href=\"https:\/\/www.grandepremio.com\/br\/f1\/noticias\/pierre-gasly-celebra-volta-q3-mira-buscar-fernando-alonso-charles-leclerc-gp-catar\/\" class=\"ek-link\">Gasly celebra volta ao Q3 e mira buscar Alonso e Leclerc no GP do Catar<\/a><\/strong><\/p>\n\n\n\n<p class=\"wp-block-paragraph\"><strong>Esteban Ocon, oitavo: <a href=\"https:\/\/www.grandepremio.com\/br\/f1\/noticias\/esteban-ocon-elogia-alpine-celebra-8o-lugar-grid-gp-do-catar-grande-passo\/\" class=\"ek-link\">Ocon elogia Alpine e celebra 8\u00ba lugar no grid do GP do Catar: \u201cGrande passo \u00e0 frente\u201d<\/a><\/strong><\/p>\n\n\n\n<p class=\"wp-block-paragraph\"><strong>Valtteri Bottas, nono: <\/strong>&#8220;Estou feliz por ter voltado ao Q3 depois de um tempo e me senti muito confiante no carro hoje.\u00a0Este resultado \u00e9 uma boa recompensa para toda a equipe, pelo trabalho realizado nas \u00faltimas semanas.\u00a0Foi uma surpresa positiva estar entre os dez primeiros, mas mostra como come\u00e7amos a correr desde a \u00fanica sess\u00e3o de treinos livres \u2013 como pretend\u00edamos \u2013 e tomamos todas as decis\u00f5es certas.\u00a0\u00c9 claro que amanh\u00e3 ser\u00e1 um dia novo com a sprint, mas definitivamente come\u00e7amos as coisas da maneira certa e, o mais importante, estaremos alinhados no grid entre os 10 primeiros no domingo na luta por pontos.&#8221;<\/p>\n\n\n\n<p class=\"wp-block-paragraph\"><strong>Lando Norris, 10\u00ba: <a href=\"https:\/\/www.grandepremio.com\/br\/f1\/noticias\/lando-norris-admite-erro-volta-deletada-catar-nao-foi-bom-dia-para-mim\/\" class=\"ek-link\">Norris admite erro em volta deletada no Catar e lamenta: \u201cN\u00e3o foi um bom dia para mim\u201d<\/a><\/strong><\/p>\n\n\n\n<p class=\"wp-block-paragraph\"><strong>Yuki Tsunoda, 11\u00ba:<\/strong> &#8220;Estou satisfeito com meu desempenho.\u00a0Em uma curva de alta velocidade, \u00e9 f\u00e1cil ultrapassar os limites da pista, mas at\u00e9 agora n\u00e3o o fiz, ent\u00e3o estou feliz.\u00a0Teria sido bom estar no Q3, ent\u00e3o n\u00e3o \u00e9 exatamente a classifica\u00e7\u00e3o que quer\u00edamos, mas ainda estou perto dos pontos, ent\u00e3o est\u00e1 tudo bem.\u00a0H\u00e1 pontos em que posso melhorar, mas as atualiza\u00e7\u00f5es do carro est\u00e3o funcionando, ent\u00e3o estamos otimistas.\u00a0As condi\u00e7\u00f5es estavam complicadas hoje porque o vento no TL1 estava extremo, mas acalmou para a classifica\u00e7\u00e3o e a temperatura caiu, por isso foi um pouco mais f\u00e1cil de pilotar.\u00a0O carro vira diferente em algumas curvas de uma volta para outra por causa do vento.&#8221;<\/p>\n\n\n\n<p class=\"wp-block-paragraph\"><strong>Carlos Sainz, 12\u00ba: <a href=\"https:\/\/www.grandepremio.com\/br\/f1\/noticias\/carlos-sainz-ve-ferrari-perdida-catar-nao-estou-surpreso-ficado-fora-q3\/\" class=\"ek-link\">Sainz v\u00ea Ferrari \u201cperdida\u201d no Catar: \u201cN\u00e3o estou surpreso de ter ficado fora do Q3\u201d<\/a><\/strong><\/p>\n\n\n\n<p class=\"wp-block-paragraph\"><strong>Sergio P\u00e9rez, 13\u00ba: <a href=\"https:\/\/www.grandepremio.com\/br\/f1\/noticias\/sergio-perez-lamenta-diz-lutou-muito-classificacao-catar-nao-tive-equilibrio\/\" class=\"ek-link\">P\u00e9rez lamenta e diz que \u201clutou muito\u201d na classifica\u00e7\u00e3o do Catar: \u201cN\u00e3o tive equil\u00edbrio\u201d<\/a><\/strong><\/p>\n\n\n\n<p class=\"wp-block-paragraph\"><strong>Alexander Albon, 14\u00ba:<\/strong> &#8220;Fizemos apenas uma sess\u00e3o de treinos em que realmente lutamos com o vento e o equil\u00edbrio, apenas achando dif\u00edcil encontrar aquele ponto ideal, ent\u00e3o \u00e9 um pouco frustrante. H\u00e1 algumas pequenas mudan\u00e7as que podemos fazer durante \u00e0 noite, mas nada que v\u00e1 nos ajudar com o vento, o que obviamente \u00e9 ruim para todos, mas afeta mais alguns carros do que outros e n\u00f3s somos um deles, infelizmente. Cada curva parece diferente, por isso \u00e9 uma dire\u00e7\u00e3o instintiva que \u00e9 divertida, mas dif\u00edcil.&#8221;<\/p>\n\n\n\n<figure class=\"wp-block-image size-large\"><img decoding=\"async\" src=\"https:\/\/www.grandepremio.com\/br\/wp-content\/uploads\/2023\/10\/catar-2023-f1-classificacao-mercedes-lewis-hamilton-05-1024x683.jpg\" alt=\"\" class=\"wp-image-737230\"\/><figcaption class=\"wp-element-caption\">Hamilton sai em terceiro no GP do Catar deste domingo (Foto: Mercedes)<\/figcaption><\/figure>\n\n\n\n<p class=\"wp-block-paragraph\"><strong>Nico H\u00fclkenberg, 15\u00ba:<\/strong> &#8220;De certa forma, foi agitado, mas no final das contas n\u00e3o foi bom ou r\u00e1pido o suficiente, faltou-nos um pouco de ritmo e equil\u00edbrio.\u00a0Obviamente, durante a sprint n\u00e3o h\u00e1 muito treino, por isso n\u00e3o pudemos brincar com o carro ou com a configura\u00e7\u00e3o tanto quanto eu ou a equipe gostar\u00edamos.\u00a0Amanh\u00e3 ser\u00e1 uma surpresa, uma mistura do que vamos conseguir, ent\u00e3o s\u00f3 precisamos estar atentos e reagir rapidamente.&#8221;<\/p>\n\n\n\n<p class=\"wp-block-paragraph\"><strong>Logan Sargeant, 16\u00ba: <\/strong>&#8220;Foi um bom dia. \u00c9 um passo na dire\u00e7\u00e3o certa e \u00e9 o que eu precisava fazer neste fim de semana. A melhor parte \u00e9 que temos outra chance de fazer isso amanh\u00e3. A decep\u00e7\u00e3o \u00e9 que sei que tinha alguma margem na alta velocidade que encontrei, mas infelizmente n\u00e3o consegui melhorar. Chegando ao fim de semana sem conhecer o circuito, recuperei-me muito rapidamente, o que \u00e9 importante. Como equipe, estou orgulhoso por progredimos, as mudan\u00e7as que fizemos para a classifica\u00e7\u00e3o, e tivemos o carro em uma boa janela. Tirei quase tudo disso. Havia um pouco mais na mesa, mas tenho certeza de que todos podem dizer o mesmo.&#8221;<\/p>\n\n\n\n<p class=\"wp-block-paragraph\"><strong>Lance Stroll, 17\u00ba<\/strong>: &#8220;Hoje foi uma sess\u00e3o de classifica\u00e7\u00e3o decepcionante. Minha primeira volta foi exclu\u00edda devido aos limites da pista e tive de abortar a segunda devido ao tr\u00e2nsito, ent\u00e3o tive um grande trabalho a fazer na minha \u00faltima volta. O carro parecia bom, mas simplesmente n\u00e3o tivemos ritmo. Temos outra oportunidade de voltar amanh\u00e3 e aprender o que pudermos antes da sprint.&#8221;<\/p>\n\n\n\n<p class=\"wp-block-paragraph\"><strong>Liam Lawson, 18\u00ba:<\/strong> \u201cHoje foi complicado.\u00a0Desde que chegamos \u00e0 pista no TL1, tenho lutado com o carro e sei que todo mundo estava tamb\u00e9m.\u00a0Acho que reduzimos os problemas que enfrentamos no treino, mas n\u00e3o o suficiente, e ainda temos coisas para analisar.\u00a0A pista estava bastante empoeirada no TL1, mas ficou muito limpa para a classifica\u00e7\u00e3o e estava muito melhor.\u00a0As \u00faltimas voltas foram boas, mas tive dificuldades com o comportamento do carro.\u00a0H\u00e1 algumas curvas que precisamos analisar para encontrar mais tempo porque n\u00e3o tive confian\u00e7a para realmente for\u00e7ar e colocar no limite, mas com o formato diferente deste fim de semana, h\u00e1 definitivamente oportunidades.&#8221;<\/p>\n\n\n\n<figure class=\"wp-block-image size-large\"><img decoding=\"async\" src=\"https:\/\/www.grandepremio.com\/br\/wp-content\/uploads\/2023\/10\/catar-2023-f1-classificacao-alpine-esteban-ocon-02-1024x683.jpg\" alt=\"\" class=\"wp-image-737266\"\/><figcaption class=\"wp-element-caption\">Ocon elogiou melhoria no carro da Alpine no Catar (Foto: Alpine)<\/figcaption><\/figure>\n\n\n\n<p class=\"wp-block-paragraph\"><strong>Kevin Magnussen, 19\u00ba<\/strong>:  &#8220;De minha parte, \u00e9 uma pista nova e achei um pouco mais dif\u00edcil de aprender do que esperava.\u00a0Na verdade, \u00e9 um circuito bastante complicado de pilotar e, por n\u00e3o ter estado nele antes, demorei um pouco para super\u00e1-lo.\u00a0Ent\u00e3o, h\u00e1 muito mais tempo de volta para descobrir de mim.\u00a0Ainda temos um longo fim de semana pela frente, mas \u00e9 claro que estamos desapontados com a 19\u00ba posi\u00e7\u00e3o, mas vamos tentar fazer melhor na pr\u00f3xima sess\u00e3o.&#8221;<\/p>\n\n\n\n<p class=\"wp-block-paragraph\"><strong>Guanyu Zhou, 20\u00ba:<\/strong> \u201cDever\u00edamos ter nos classificado muito mais acima, como vimos com Valtteri, mas n\u00e3o tivemos a chance de marcar nossa \u00faltima volta no Q1.\u00a0\u00c9 frustrante, Logan [Sargeant] decidiu me ultrapassar na reta de largada\/chegada e isso destruiu nossas duas voltas.\u00a0A pista melhorava a cada volta e n\u00e3o consegu\u00edamos marcar uma volta quando realmente importava. Foi um movimento completamente desnecess\u00e1rio, mas n\u00e3o importa agora \u2013 o estrago est\u00e1 feito e precisamos seguir em frente e pensar no resto do fim de semana.\u00a0Amanh\u00e3 teremos a oportunidade de explorar o nosso ritmo na classifica\u00e7\u00e3o curta e na sprint: precisaremos de uma primeira sess\u00e3o limpa e maximizar o que podemos alcan\u00e7ar \u00e0 noite.&#8221;<\/p>\n","protected":false},"excerpt":{"rendered":"<p>Max Verstappen comprovou a superioridade da Red Bull na F\u00f3rmula 1 mais uma vez ao conquistar sua d\u00e9cima pole-position com sobras para o GP do Catar<\/p>\n","protected":false},"author":0,"featured_media":1000737297,"comment_status":"closed","ping_status":"closed","sticky":false,"template":"","format":"standard","meta":{"42wp_featured_image_caption":"","42wp_featured_image_credits":"","42wp_featured_video":"","42wp_featured_image_hidden":false,"42wp_authors_list":[],"footnotes":""},"categories":[2],"tags":[27776,34186,27487,309,32017,33847,1113,209,5660,8235,33526,969,147,6533,642,11958,160,33890,25893,176,207,103,30061,180,30722,800,600,36709,1491,30103,28285,2306,26133,159,547,87,31014,203,90,82,2916,204],"42wp_author":[47139],"class_list":["post-98567","post","type-post","status-publish","format-standard","has-post-thumbnail","hentry","category-f1","tag-assistir-f1-ao-vivo","tag-assistir-f1-gratis","tag-assistir-f1-online","tag-aston-martin","tag-calendario-f1-2023","tag-calendario-f1-2023-horarios","tag-catar","tag-charles-leclerc","tag-classificacao","tag-classificacao-da-f1","tag-classificacao-f1-2023","tag-corrida","tag-f1","tag-f1-2023","tag-f1-ao-vivo","tag-f1-live","tag-f1-tv","tag-f1-tv-2023","tag-federacao-internacional-de-automobilismo","tag-fernando-alonso","tag-ferrari","tag-fia","tag-fomula-1","tag-formula-1","tag-formula-1-2023","tag-george-russell","tag-gp-do-catar","tag-gp-do-catar-2023","tag-grande-premio","tag-grande-premio-f1","tag-grandepremio","tag-grid-de-largada","tag-horarios","tag-horarios-da-f1","tag-lando-norris","tag-lewis-hamilton","tag-lusail","tag-max-verstappen","tag-mclaren","tag-mercedes","tag-oscar-piastri","tag-red-bull","42wp_author-ana-cerveira"],"_links":{"self":[{"href":"https:\/\/grandepremio.com\/br\/wp-json\/wp\/v2\/posts\/98567","targetHints":{"allow":["GET"]}}],"collection":[{"href":"https:\/\/grandepremio.com\/br\/wp-json\/wp\/v2\/posts"}],"about":[{"href":"https:\/\/grandepremio.com\/br\/wp-json\/wp\/v2\/types\/post"}],"replies":[{"embeddable":true,"href":"https:\/\/grandepremio.com\/br\/wp-json\/wp\/v2\/comments?post=98567"}],"version-history":[{"count":0,"href":"https:\/\/grandepremio.com\/br\/wp-json\/wp\/v2\/posts\/98567\/revisions"}],"wp:featuredmedia":[{"embeddable":true,"href":"https:\/\/grandepremio.com\/br\/wp-json\/wp\/v2\/media\/1000737297"}],"wp:attachment":[{"href":"https:\/\/grandepremio.com\/br\/wp-json\/wp\/v2\/media?parent=98567"}],"wp:term":[{"taxonomy":"category","embeddable":true,"href":"https:\/\/grandepremio.com\/br\/wp-json\/wp\/v2\/categories?post=98567"},{"taxonomy":"post_tag","embeddable":true,"href":"https:\/\/grandepremio.com\/br\/wp-json\/wp\/v2\/tags?post=98567"},{"taxonomy":"42wp_author","embeddable":true,"href":"https:\/\/grandepremio.com\/br\/wp-json\/wp\/v2\/42wp_author?post=98567"}],"curies":[{"name":"wp","href":"https:\/\/api.w.org\/{rel}","templated":true}]}}