{"id":98578,"date":"2023-10-06T17:11:44","date_gmt":"2023-10-06T20:11:44","guid":{"rendered":"https:\/\/grandepremio.com\/br\/noticias\/esteban-ocon-elogia-alpine-celebra-8o-lugar-grid-gp-do-catar-grande-passo\/"},"modified":"2023-10-06T17:13:46","modified_gmt":"2023-10-06T20:13:46","slug":"esteban-ocon-elogia-alpine-celebra-8o-lugar-grid-gp-do-catar-grande-passo","status":"publish","type":"post","link":"https:\/\/grandepremio.com\/br\/f1\/esteban-ocon-elogia-alpine-celebra-8o-lugar-grid-gp-do-catar-grande-passo\/","title":{"rendered":"Ocon elogia Alpine e celebra 8\u00ba lugar no grid do GP do Catar: &#8220;Grande passo \u00e0 frente&#8221;"},"content":{"rendered":"\n<p class=\"wp-block-paragraph\">Oitavo colocado no grid de largada do <strong>GP do Catar<\/strong>, a ser disputado no pr\u00f3ximo domingo (8), <strong>Esteban Ocon <\/strong>saiu contente com o rendimento da <strong>Alpine <\/strong><a aria-label=\"na classifica\u00e7\u00e3o realizada nesta sexta-feira (opens in a new tab)\" href=\"https:\/\/www.grandepremio.com\/br\/f1\/noticias\/max-verstappen-atropela-concorrencia-conquista-10a-pole-position-temporada-2023-catar\/\" target=\"_blank\" rel=\"noreferrer noopener\" class=\"ek-link\">na classifica\u00e7\u00e3o realizada nesta sexta-feira<\/a>. O franc\u00eas, que terminou uma posi\u00e7\u00e3o atr\u00e1s do companheiro <strong>Pierre<\/strong> <strong>Gasly<\/strong>, destacou a melhora do carro nas entradas de curva e disse que o n\u00edvel superior de ader\u00eancia possibilitou um grande avan\u00e7o na pista.<\/p>\n\n\n\n<p class=\"wp-block-paragraph\">&#8220;Foi muito melhor&#8221;, elogiou Ocon. &#8220;Acho que demos um grande passo \u00e0 frente. O carro estava muito melhor, especialmente nas entradas de curva. T\u00ednhamos muita ader\u00eancia&#8221;, elogiou o piloto franc\u00eas.<\/p>\n\n\n\n<p class=\"wp-block-paragraph\"><strong>\u25b6\ufe0f&nbsp;<a href=\"https:\/\/www.twitch.tv\/grandepremio\" target=\"_blank\" rel=\"noreferrer noopener\">Conhe\u00e7a o canal do GRANDE PR\u00caMIO na Twitch clicando aqui!<\/a><\/strong><\/p>\n\n\n\n<figure class=\"wp-block-image size-large\"><img decoding=\"async\" src=\"https:\/\/www.grandepremio.com\/br\/wp-content\/uploads\/2023\/10\/catar-2023-f1-classificacao-alpine-esteban-ocon-02-1024x683.jpg\" alt=\"\" class=\"wp-image-737266\"\/><figcaption class=\"wp-element-caption\">Ocon disse que a Alpine conseguiu evolu\u00e7\u00f5es importantes para o carro no Catar (Foto: Alpine)<\/figcaption><\/figure>\n\n\n\n<p class=\"wp-block-paragraph\"><strong>\u25b6\ufe0f&nbsp;Inscreva-se nos dois canais do GRANDE PR\u00caMIO no YouTube:&nbsp;<a href=\"https:\/\/www.youtube.com\/channel\/UC9OlHEgxoaY6QY6nWPoiqQg?sub_confirmation=1\" target=\"_blank\" rel=\"noreferrer noopener\">GP<\/a>&nbsp;|&nbsp;<a href=\"https:\/\/www.youtube.com\/channel\/UC9csiS6q_C3C0FYhyr1rnFA?sub_confirmation=1\" target=\"_blank\" rel=\"noreferrer noopener\">GP2<\/a><\/strong><\/p>\n\n\n\n<p class=\"wp-block-paragraph\">Al\u00e9m disso, Ocon afirmou que a equipe conseguiu fazer <a aria-label=\"as atualiza\u00e7\u00f5es levadas ao Catar (opens in a new tab)\" href=\"https:\/\/www.grandepremio.com\/br\/f1\/noticias\/alpine-troca-assoalho-atualizacoes-equipes-gp-do-catar-f1\/\" target=\"_blank\" rel=\"noreferrer noopener\" class=\"ek-link\">as atualiza\u00e7\u00f5es levadas ao Catar<\/a> funcionarem, o que representou mais um ganho para o time em termos de velocidade. Agora, com os dois carros no top-10, o objetivo \u00e9 conseguir ganhar mais posi\u00e7\u00f5es e somar o m\u00e1ximo poss\u00edvel de pontos.<\/p>\n\n\n\n<p class=\"wp-block-paragraph\">&#8220;Acho que, do TL1 para a classifica\u00e7\u00e3o, tamb\u00e9m conseguimos otimizar as atualiza\u00e7\u00f5es&#8221;, destacou. &#8220;\u00c9 uma boa posi\u00e7\u00e3o de largada para domingo, e esperamos progredir para conseguir bons pontos&#8221;, finalizou.<\/p>\n\n\n\n<p class=\"wp-block-paragraph\"><strong>Max<\/strong> <strong>Verstappen <\/strong>larga na primeira coloca\u00e7\u00e3o, seguido por <strong>George<\/strong> <strong>Russell<\/strong> e <strong>Lewis Hamilton<\/strong>. <strong>Fernando Alonso <\/strong>\u00e9 o quarto, logo \u00e0 frente de <strong>Charles Leclerc<\/strong> e <strong>Oscar<\/strong> <strong>Piastri<\/strong>, enquanto os carros da Alpine aparecem em s\u00e9timo e oitavo lugares \u2014 com <strong>Gasly<\/strong> \u00e0 frente de <strong>Ocon<\/strong>. Por fim, <strong>Valtteri<\/strong> <strong>Bottas<\/strong> e <strong>Lando<\/strong> <strong>Norris <\/strong>completam o grupo dos dez primeiros.<\/p>\n\n\n\n<p class=\"wp-block-paragraph\">A\u00a0<a href=\"https:\/\/www.grandepremio.com\/formula-1\/\" target=\"_blank\" rel=\"noreferrer noopener\"><\/a><a href=\"https:\/\/www.grandepremio.com\/formula-1\/\" target=\"_blank\" rel=\"noreferrer noopener\">F\u00f3rmula 1<\/a>\u00a0volta neste s\u00e1bado (7), com a classifica\u00e7\u00e3o para a sprint marcada para as\u00a0<strong>10h\u00a0<\/strong>(de Bras\u00edlia, GMT-3). O\u00a0<strong>GRANDE PR\u00caMIO<\/strong>\u00a0acompanha todas as atividades\u00a0<strong>AO VIVO\u00a0<\/strong>e\u00a0<strong>EM\u00a0<a href=\"https:\/\/www.grandepremio.com\/br\/ao-vivo\/\" target=\"_blank\" rel=\"noreferrer noopener\">TEMPO REAL<\/a><\/strong>\u00a0e ainda exibe a corrida curta em segunda tela, \u00e0s 14h15, em parceria com a Voz do Esporte.<\/p>\n\n\n\n<figure class=\"wp-block-embed is-type-video is-provider-youtube wp-block-embed-youtube wp-embed-aspect-4-3 wp-has-aspect-ratio\"><div class=\"wp-block-embed__wrapper\">\n<iframe loading=\"lazy\" title=\"F1 2023 no Catar: acompanhe a CLASSIFICA\u00c7\u00c3O no GRANDE PR\u00caMIO\" width=\"500\" height=\"281\" src=\"https:\/\/www.youtube.com\/embed\/wdTMd3G7tRM?feature=oembed\" frameborder=\"0\" allow=\"accelerometer; autoplay; clipboard-write; encrypted-media; gyroscope; picture-in-picture; web-share\" referrerpolicy=\"strict-origin-when-cross-origin\" allowfullscreen><\/iframe>\n<\/div><\/figure>\n","protected":false},"excerpt":{"rendered":"<p>Esteban Ocon saiu satisfeito com a oitava posi\u00e7\u00e3o no grid de largada do GP do Catar. Segundo o franc\u00eas, Alpine conseguiu fazer atualiza\u00e7\u00f5es funcionarem e melhorou nas entradas de curva<\/p>\n","protected":false},"author":0,"featured_media":1000737178,"comment_status":"closed","ping_status":"closed","sticky":false,"template":"","format":"standard","meta":{"42wp_featured_image_caption":"","42wp_featured_image_credits":"","42wp_featured_video":"","42wp_featured_image_hidden":false,"42wp_authors_list":[],"footnotes":""},"categories":[2],"tags":[20491,302,147,6533,180,600,1491,30103,28285,31014],"42wp_author":[47142],"class_list":["post-98578","post","type-post","status-publish","format-standard","has-post-thumbnail","hentry","category-f1","tag-alpine","tag-esteban-ocon","tag-f1","tag-f1-2023","tag-formula-1","tag-gp-do-catar","tag-grande-premio","tag-grande-premio-f1","tag-grandepremio","tag-lusail","42wp_author-jp-nascimento"],"_links":{"self":[{"href":"https:\/\/grandepremio.com\/br\/wp-json\/wp\/v2\/posts\/98578","targetHints":{"allow":["GET"]}}],"collection":[{"href":"https:\/\/grandepremio.com\/br\/wp-json\/wp\/v2\/posts"}],"about":[{"href":"https:\/\/grandepremio.com\/br\/wp-json\/wp\/v2\/types\/post"}],"replies":[{"embeddable":true,"href":"https:\/\/grandepremio.com\/br\/wp-json\/wp\/v2\/comments?post=98578"}],"version-history":[{"count":0,"href":"https:\/\/grandepremio.com\/br\/wp-json\/wp\/v2\/posts\/98578\/revisions"}],"wp:featuredmedia":[{"embeddable":true,"href":"https:\/\/grandepremio.com\/br\/wp-json\/wp\/v2\/media\/1000737178"}],"wp:attachment":[{"href":"https:\/\/grandepremio.com\/br\/wp-json\/wp\/v2\/media?parent=98578"}],"wp:term":[{"taxonomy":"category","embeddable":true,"href":"https:\/\/grandepremio.com\/br\/wp-json\/wp\/v2\/categories?post=98578"},{"taxonomy":"post_tag","embeddable":true,"href":"https:\/\/grandepremio.com\/br\/wp-json\/wp\/v2\/tags?post=98578"},{"taxonomy":"42wp_author","embeddable":true,"href":"https:\/\/grandepremio.com\/br\/wp-json\/wp\/v2\/42wp_author?post=98578"}],"curies":[{"name":"wp","href":"https:\/\/api.w.org\/{rel}","templated":true}]}}