{"id":9859,"date":"2026-04-20T11:25:47","date_gmt":"2026-04-20T14:25:47","guid":{"rendered":"https:\/\/grandepremio.com\/br\/noticias\/chefe-ducati-projeta-marc-marquez-100-recuperado-lesao-jerez\/"},"modified":"2026-04-20T11:48:19","modified_gmt":"2026-04-20T14:48:19","slug":"chefe-ducati-projeta-marc-marquez-100-recuperado-lesao-jerez","status":"publish","type":"post","link":"https:\/\/grandepremio.com\/br\/motogp\/chefe-ducati-projeta-marc-marquez-100-recuperado-lesao-jerez\/","title":{"rendered":"Chefe da Ducati projeta Marc M\u00e1rquez &#8220;100% recuperado&#8221; de les\u00e3o em Jerez"},"content":{"rendered":"\n<p class=\"wp-block-paragraph\">Chefe da <strong>Ducati Corse<\/strong>,\u00a0<strong>Gigi Dall&#8217;Igna<\/strong> minimizou d\u00favidas sobre a condi\u00e7\u00e3o f\u00edsica de <strong>Marc M\u00e1rquez<\/strong> e projetou que o espanhol chegar\u00e1 totalmente recuperado para o <strong>GP da Espanha<\/strong> da <strong><a href=\"https:\/\/www.grandepremio.com\/br\/motogp\/\" type=\"link\" id=\"https:\/\/www.grandepremio.com\/br\/motogp\/\">MotoGP<\/a><\/strong>, em <strong>Jerez<\/strong>, marcado para este fim de semana.<\/p>\n\n\n\n<p class=\"wp-block-paragraph\">O dirigente tamb\u00e9m confirmou que a f\u00e1brica de <strong>Borgo Panigale<\/strong> j\u00e1 trabalha em respostas t\u00e9cnicas para reagir ao forte in\u00edcio de temporada da <strong>Aprilia <\/strong>temporada 2026.<\/p>\n\n\n\n<figure class=\"wp-block-embed is-type-video is-provider-youtube wp-block-embed-youtube wp-embed-aspect-16-9 wp-has-aspect-ratio\"><div class=\"wp-block-embed__wrapper\">\n<iframe loading=\"lazy\" title=\"AINDA SEM AN\u00daNCIOS, MERCADO DE PILOTOS FERVILHA NA MOTOGP 2026 | Motoca GP\" width=\"500\" height=\"281\" src=\"https:\/\/www.youtube.com\/embed\/7MjLyw0pRw4?start=2831&amp;feature=oembed\" frameborder=\"0\" allow=\"accelerometer; autoplay; clipboard-write; encrypted-media; gyroscope; picture-in-picture; web-share\" referrerpolicy=\"strict-origin-when-cross-origin\" allowfullscreen><\/iframe>\n<\/div><\/figure>\n\n\n\n<h3 class=\"wp-block-heading has-vivid-red-color has-text-color has-link-color wp-elements-1\" id=\"h-gp-experience-o-novo-produto-do-grande-premio-conecta-voce-aos-maiores-eventos-de-esporte-a-motor-do-mundo-va-para-indianapolis-com-a-gente-saiba-aqui-todos-os-detalhes\"><strong>+ GP EXPERIENCE: o novo produto do GRANDE PR\u00caMIO conecta voc\u00ea aos maiores eventos de esporte a motor do mundo. V\u00e1 para Indian\u00e1polis com a gente:\u00a0<a href=\"https:\/\/gpexperience.tur.br\/\" target=\"_blank\" rel=\"noreferrer noopener\">saiba aqui todos os detalhes<\/a>.<\/strong><\/h3>\n\n\n\n<p class=\"wp-block-paragraph\">&#8220;Est\u00e1 claro que houve uma les\u00e3o bastante s\u00e9ria. Cinco corridas foram perdidas no fim da temporada passada, ent\u00e3o ainda est\u00e1 progredindo na recupera\u00e7\u00e3o. Mas, honestamente, ele est\u00e1 se recuperando bem, e acho que estar\u00e1 100% em forma em Jerez&#8221;, disse o dirigente ao site italiano <em>Moto.it<\/em>.<\/p>\n\n\n\n<p class=\"wp-block-paragraph\">Ap\u00f3s conquistar o nono t\u00edtulo mundial e o s\u00e9timo da MotoGP, Marc M\u00e1rquez ficou fora das etapas finais da temporada 2025 por conta de uma les\u00e3o no ombro direito, sofrida depois de um toque com <strong>Marco Bezzecchi<\/strong> na <strong>Indon\u00e9sia<\/strong>. Mesmo com retorno nos testes de pr\u00e9-temporada, o in\u00edcio de campeonato ainda \u00e9 discreto, com apenas a quinta posi\u00e7\u00e3o no <strong>Mundial de Pilotos <\/strong>e sem p\u00f3dios em corridas principais.<\/p>\n\n\n\n<figure class=\"wp-block-image size-large\"><img decoding=\"async\" src=\"https:\/\/www.grandepremio.com\/br\/wp-content\/uploads\/2026\/04\/DallIgna-1-1200x800.jpg\" alt=\"\" class=\"wp-image-1076402\"\/><figcaption class=\"wp-element-caption\">Gigi Dall&#8217;Igna (Foto: Ducati)<\/figcaption><\/figure>\n\n\n\n<p class=\"wp-block-paragraph\">Quem assumiu o protagonismo em 2026 foi a Aprilia. O time de <strong>Noale<\/strong> venceu quatro das seis primeiras etapas contando as corridas sprint. Bezzecchi lidera o campeonato, seguido por <strong>Jorge Mart\u00edn<\/strong>. <strong>Pedro Acosta<\/strong> aparece em terceiro, seguido por <strong>Fabio Di Giannantonio<\/strong>, enquanto Marc ocupa a quinta posi\u00e7\u00e3o e <strong>Francesco Bagnaia<\/strong> \u00e9 apenas o nono.<\/p>\n\n\n\n<p class=\"wp-block-paragraph\">Dall\u2019Igna tamb\u00e9m comentou o impacto do sistema de concess\u00f5es da MotoGP, que oferece vantagens t\u00e9cnicas a fabricantes com menor desempenho recente.<\/p>\n\n\n\n<p class=\"wp-block-paragraph\">&#8220;O sistema de concess\u00f5es foi claramente pensado para tentar reequilibrar o cen\u00e1rio, penalizando a Ducati, que fez diferen\u00e7a do ponto de vista t\u00e9cnico nos \u00faltimos anos&#8221;, disse. &#8220;Isso n\u00e3o \u00e9 desculpa. O objetivo \u00e9 lutar por vit\u00f3rias, ent\u00e3o \u00e9 necess\u00e1rio trabalhar ao m\u00e1ximo para recolocar a moto como refer\u00eancia&#8221;, completou.<\/p>\n\n\n\n<figure class=\"wp-block-image size-large\"><img decoding=\"async\" src=\"https:\/\/www.grandepremio.com\/br\/wp-content\/uploads\/2026\/04\/Marc_Marquez-1200x800.jpg\" alt=\"\" class=\"wp-image-1076312\"\/><figcaption class=\"wp-element-caption\">Marc M\u00e1rquez (Foto: Ducati)<\/figcaption><\/figure>\n\n\n\n<p class=\"wp-block-paragraph\">&#8220;Haver\u00e1 um teste depois de Jerez, mas algumas solu\u00e7\u00f5es provavelmente tamb\u00e9m ser\u00e3o avaliadas durante o fim de semana. Existem ideias claras, e \u00e9 preciso entender se s\u00e3o as corretas. O teste de segunda-feira, ap\u00f3s a corrida, ser\u00e1 importante&#8221;, conclui o chefe da Ducati.<\/p>\n\n\n\n<p class=\"wp-block-paragraph\">A MotoGP volta a acelerar entre os dias 24 e 26 de abril, para o GP da&nbsp;<strong>Espanha<\/strong>, direto de&nbsp;<strong>Jerez<\/strong>, para a 4\u00aa etapa da temporada 2026. O&nbsp;<strong>GRANDE PR\u00caMIO<\/strong>&nbsp;faz a cobertura completa do evento, assim como das demais classes do&nbsp;<strong>Mundial de Motovelocidade<\/strong>.<\/p>\n\n\n\n<h2 class=\"wp-block-heading\" id=\"h-motogp-hoje-saiba-aqui-as-noticias-mais-importantes-da-motogp\"><strong>MotoGP hoje: saiba aqui as not\u00edcias mais importantes da MotoGP<\/strong><\/h2>\n\n\n\n<p class=\"wp-block-paragraph\">A reda\u00e7\u00e3o do&nbsp;<strong>GRANDE PR\u00caMIO&nbsp;<\/strong>selecionou as not\u00edcias mais importantes das \u00faltimas horas para voc\u00ea ficar por dentro de tudo que acontece na MotoGP.<\/p>\n\n\n\n<p class=\"wp-block-paragraph\">\u25b6\ufe0f<strong><a href=\"https:\/\/www.grandepremio.com\/br\/motogp\/noticias\/tech3-anuncia-ausencia-maverick-vinales-jerez-fica-sem-substituto-gp-espanha\/\" type=\"link\" id=\"https:\/\/www.grandepremio.com\/br\/motogp\/noticias\/tech3-anuncia-ausencia-maverick-vinales-jerez-fica-sem-substituto-gp-espanha\/\">Tech3 anuncia aus\u00eancia de Vi\u00f1ales em Jerez e fica sem substituto no GP da Espanha<\/a><\/strong><br>\u25b6\ufe0f<strong><a href=\"https:\/\/www.grandepremio.com\/br\/motogp\/noticias\/ducati-pior-aproveitamento-6-anos-inicio-temporada-2026-motogp\/\">Ducati tem pior aproveitamento em 6 anos no in\u00edcio da temporada 2026 da MotoGP<\/a><\/strong><br>\u25b6\ufe0f<strong><a href=\"https:\/\/www.grandepremio.com\/br\/motogp\/noticias\/jorge-martin-lembra-conselho-medico-marc-marquez-destaca-serei-eternamente-grato\/\" type=\"link\" id=\"https:\/\/www.grandepremio.com\/br\/motogp\/noticias\/jorge-martin-lembra-conselho-medico-marc-marquez-destaca-serei-eternamente-grato\/\">Mart\u00edn lembra conselho m\u00e9dico de Marc M\u00e1rquez e destaca: \u201cSerei eternamente grato\u201d<\/a><\/strong><br>\u25b6\ufe0f<strong><a href=\"https:\/\/www.grandepremio.com\/br\/motogp\/noticias\/jorge-martin-faz-balanco-positivo-motogp-2026-mas-pensar-titulo-agora-e-utopia\/\" type=\"link\" id=\"https:\/\/www.grandepremio.com\/br\/motogp\/noticias\/jorge-martin-faz-balanco-positivo-motogp-2026-mas-pensar-titulo-agora-e-utopia\/\">Mart\u00edn faz balan\u00e7o positivo da MotoGP 2026, mas diz que pensar em t\u00edtulo agora \u00e9 \u201cutopia\u201d<\/a><\/strong><\/p>\n","protected":false},"excerpt":{"rendered":"<p>Chefe da Ducati Corse,\u00a0Gigi Dall&#8217;Igna disse que Marc M\u00e1rquez est\u00e1 evoluindo bem e deve estar totalmente recuperado no GP da Espanha, marcado para este fim de semana<\/p>\n","protected":false},"author":0,"featured_media":1001076310,"comment_status":"closed","ping_status":"closed","sticky":false,"template":"","format":"standard","meta":{"42wp_featured_image_caption":"","42wp_featured_image_credits":"","42wp_featured_video":"","42wp_featured_image_hidden":false,"42wp_authors_list":[],"footnotes":""},"categories":[8],"tags":[133,24853,5214,131,715,996,1491,28285,5455,1690,25530,1300,78,27236,25819,847,34187,368,44250],"42wp_author":[47161],"class_list":["post-9859","post","type-post","status-publish","format-standard","has-post-thumbnail","hentry","category-motogp","tag-aprilia","tag-calendario-motogp","tag-classificacao-motogp","tag-ducati","tag-gigi-dalligna","tag-gp-da-espanha","tag-grande-premio","tag-grandepremio","tag-horarios-motogp","tag-jerez","tag-jerez-de-la-frontera","tag-marc-marquez","tag-motogp","tag-motogp-2026","tag-motogp-hoje","tag-mundial-de-motovelocidade","tag-onde-assistir-motogp","tag-rs-gp","tag-temporada-2026-da-motogp","42wp_author-kaio-esteves"],"_links":{"self":[{"href":"https:\/\/grandepremio.com\/br\/wp-json\/wp\/v2\/posts\/9859","targetHints":{"allow":["GET"]}}],"collection":[{"href":"https:\/\/grandepremio.com\/br\/wp-json\/wp\/v2\/posts"}],"about":[{"href":"https:\/\/grandepremio.com\/br\/wp-json\/wp\/v2\/types\/post"}],"replies":[{"embeddable":true,"href":"https:\/\/grandepremio.com\/br\/wp-json\/wp\/v2\/comments?post=9859"}],"version-history":[{"count":0,"href":"https:\/\/grandepremio.com\/br\/wp-json\/wp\/v2\/posts\/9859\/revisions"}],"wp:featuredmedia":[{"embeddable":true,"href":"https:\/\/grandepremio.com\/br\/wp-json\/wp\/v2\/media\/1001076310"}],"wp:attachment":[{"href":"https:\/\/grandepremio.com\/br\/wp-json\/wp\/v2\/media?parent=9859"}],"wp:term":[{"taxonomy":"category","embeddable":true,"href":"https:\/\/grandepremio.com\/br\/wp-json\/wp\/v2\/categories?post=9859"},{"taxonomy":"post_tag","embeddable":true,"href":"https:\/\/grandepremio.com\/br\/wp-json\/wp\/v2\/tags?post=9859"},{"taxonomy":"42wp_author","embeddable":true,"href":"https:\/\/grandepremio.com\/br\/wp-json\/wp\/v2\/42wp_author?post=9859"}],"curies":[{"name":"wp","href":"https:\/\/api.w.org\/{rel}","templated":true}]}}