{"id":98618,"date":"2023-10-05T12:34:57","date_gmt":"2023-10-05T15:34:57","guid":{"rendered":"https:\/\/grandepremio.com\/br\/noticias\/gabriel-bortoleto-contratado-mclaren-max-verstappen-perto-tri-f1-wgp\/"},"modified":"2023-10-05T12:35:18","modified_gmt":"2023-10-05T15:35:18","slug":"gabriel-bortoleto-contratado-mclaren-max-verstappen-perto-tri-f1-wgp","status":"publish","type":"post","link":"https:\/\/grandepremio.com\/br\/f1\/gabriel-bortoleto-contratado-mclaren-max-verstappen-perto-tri-f1-wgp\/","title":{"rendered":"Bortoleto contratado pela McLaren e Verstappen perto do tri da F1 | WGP"},"content":{"rendered":"\n<p class=\"wp-block-paragraph\">O fim de semana da <strong>F\u00f3rmula 1<\/strong> promete ser decisivo no <strong>Catar<\/strong>. E a possibilidade de Max Verstappen chegar ao tricampeonato em <strong>Lusail <\/strong>foi um dos assuntos do <strong>WGP <\/strong>desta quinta-feira (5).<\/p>\n\n\n\n<p class=\"wp-block-paragraph\">Al\u00e9m disso, o programa, que \u00e9 feito pelas jornalistas do <strong>GRANDE PR\u00caMIO<\/strong>, abordou a contrata\u00e7\u00e3o de <strong>Gabriel Bortoleto <\/strong>pelo Programa de Desenvolvimentos de Pilotos da <strong>McLaren<\/strong>.<\/p>\n\n\n\n<p class=\"wp-block-paragraph\">O WGP teve apresenta\u00e7\u00e3o de <strong>Juliana Tesser<\/strong>, com coment\u00e1rios de <strong>Ana Paula Cerveira<\/strong> e <strong>Luana Marino<\/strong>. A produ\u00e7\u00e3o \u00e9 de <strong>Carol Vergilio<\/strong>.<\/p>\n\n\n\n<figure class=\"wp-block-embed is-type-video is-provider-youtube wp-block-embed-youtube wp-embed-aspect-16-9 wp-has-aspect-ratio\"><div class=\"wp-block-embed__wrapper\">\n<iframe loading=\"lazy\" title=\"BORTOLETO CONTRATADO pela McLAREN e VERSTAPPEN a um passo do TRI na F1 | WGP\" width=\"500\" height=\"281\" src=\"https:\/\/www.youtube.com\/embed\/IYSoLfpHwv4?feature=oembed\" frameborder=\"0\" allow=\"accelerometer; autoplay; clipboard-write; encrypted-media; gyroscope; picture-in-picture; web-share\" referrerpolicy=\"strict-origin-when-cross-origin\" allowfullscreen><\/iframe>\n<\/div><\/figure>\n","protected":false},"excerpt":{"rendered":"<p>Max Verstappen desembarca no Catar precisando de apenas tr\u00eas pontos para alcan\u00e7ar o tricampeonato da F\u00f3rmula 1. J\u00e1 Gabriel Bortoleto d\u00e1 passo importante na carreira com entrada no Programa de Desenvolvimento de Pilotos da McLaren<\/p>\n","protected":false},"author":0,"featured_media":1000736829,"comment_status":"closed","ping_status":"closed","sticky":false,"template":"","format":"standard","meta":{"42wp_featured_image_caption":"","42wp_featured_image_credits":"","42wp_featured_video":"","42wp_featured_image_hidden":false,"42wp_authors_list":[],"footnotes":""},"categories":[2],"tags":[147,6533,180,30722,33465,28285,33467,27473],"42wp_author":[47113],"class_list":["post-98618","post","type-post","status-publish","format-standard","has-post-thumbnail","hentry","category-f1","tag-f1","tag-f1-2023","tag-formula-1","tag-formula-1-2023","tag-formula-1-classificacao-2023","tag-grandepremio","tag-onde-assistir-f1-2023","tag-wgp","42wp_author-juliana-tesser"],"_links":{"self":[{"href":"https:\/\/grandepremio.com\/br\/wp-json\/wp\/v2\/posts\/98618","targetHints":{"allow":["GET"]}}],"collection":[{"href":"https:\/\/grandepremio.com\/br\/wp-json\/wp\/v2\/posts"}],"about":[{"href":"https:\/\/grandepremio.com\/br\/wp-json\/wp\/v2\/types\/post"}],"replies":[{"embeddable":true,"href":"https:\/\/grandepremio.com\/br\/wp-json\/wp\/v2\/comments?post=98618"}],"version-history":[{"count":0,"href":"https:\/\/grandepremio.com\/br\/wp-json\/wp\/v2\/posts\/98618\/revisions"}],"wp:featuredmedia":[{"embeddable":true,"href":"https:\/\/grandepremio.com\/br\/wp-json\/wp\/v2\/media\/1000736829"}],"wp:attachment":[{"href":"https:\/\/grandepremio.com\/br\/wp-json\/wp\/v2\/media?parent=98618"}],"wp:term":[{"taxonomy":"category","embeddable":true,"href":"https:\/\/grandepremio.com\/br\/wp-json\/wp\/v2\/categories?post=98618"},{"taxonomy":"post_tag","embeddable":true,"href":"https:\/\/grandepremio.com\/br\/wp-json\/wp\/v2\/tags?post=98618"},{"taxonomy":"42wp_author","embeddable":true,"href":"https:\/\/grandepremio.com\/br\/wp-json\/wp\/v2\/42wp_author?post=98618"}],"curies":[{"name":"wp","href":"https:\/\/api.w.org\/{rel}","templated":true}]}}