{"id":98638,"date":"2023-10-04T14:29:14","date_gmt":"2023-10-04T17:29:14","guid":{"rendered":"https:\/\/grandepremio.com\/br\/noticias\/campeao-2019-ott-tanak-acerta-volta-hyundai-temporada-2024-wrc\/"},"modified":"2023-10-04T14:30:30","modified_gmt":"2023-10-04T17:30:30","slug":"campeao-2019-ott-tanak-acerta-volta-hyundai-temporada-2024-wrc","status":"publish","type":"post","link":"https:\/\/grandepremio.com\/br\/rally\/campeao-2019-ott-tanak-acerta-volta-hyundai-temporada-2024-wrc\/","title":{"rendered":"Campe\u00e3o de 2019, T\u00e4nak acerta volta para Hyundai na temporada 2024 do WRC"},"content":{"rendered":"\n<p class=\"wp-block-paragraph\"><strong>Ott T\u00e4nak<\/strong> est\u00e1 de volta \u00e0 <strong>Hyundai<\/strong>. Nesta quarta-feira (4), a marca sul-coreana anunciou o retorno do estoniano para a temporada 2024 do <strong>WRC<\/strong>, reatando uma rela\u00e7\u00e3o que havia durado tr\u00eas anos e que tinha sido interrompida em 2023, <a href=\"https:\/\/www.grandepremio.com\/br\/rally\/noticias\/ott-tanak-confirma-vitoria-rali-do-chile-toyota-conquista-titulo-construtores\/\" class=\"ek-link\">com a ida de Ott<\/a> para a <strong>Ford<\/strong>.<\/p>\n\n\n\n<p class=\"wp-block-paragraph\">Campe\u00e3o de 2019 com as cores da <strong>Toyota<\/strong>, T\u00e4nak teve como melhor resultado no tri\u00eanio de Hyundai o vice-campeonato de 2022, quando acabou derrotado por <strong>Kalle Rovanper\u00e4<\/strong>, que teve ano avassalador.<\/p>\n\n\n\n<p class=\"wp-block-paragraph\">&#8220;Desde que nos separamos ano passado, a equipe trabalhou duro em uma estrutura t\u00e9cnica nova. A Hyundai tem uma vis\u00e3o muito clara do que quer para o futuro, isso ajudou a me convencer de que deveria voltar. Nossa meta para o novo cap\u00edtulo da hist\u00f3ria \u00e9 nada menos do que ganhar todos os t\u00edtulos poss\u00edveis e, com a nova estrutura, temos como fazer isso&#8221;, disse Ott.<\/p>\n\n\n\n<figure class=\"wp-block-image size-large\"><img decoding=\"async\" src=\"https:\/\/www.grandepremio.com\/br\/wp-content\/uploads\/2023\/10\/33d07d15-533f-4c14-ba7f-ae57cff367ae_300923rbcp-ott-tanak-chile01-1024x576.jpeg\" alt=\"\" class=\"wp-image-735937\"\/><figcaption class=\"wp-element-caption\">Ott T\u00e4nak venceu o Rali do Chile, mas est\u00e1 de sa\u00edda da Ford (Foto: WRC)<\/figcaption><\/figure>\n\n\n\n<p class=\"wp-block-paragraph\">T\u00e4nak, que tem como copiloto o compatriota <strong>Martin J\u00e4rveoja<\/strong>, \u00e9 o segundo piloto anunciado no grid do ano que vem no <strong>Mundial de Rali<\/strong>. O outro \u00e9 o belga <strong>Thierry Neuville<\/strong>, mantido na Hyundai e atual terceiro colocado na temporada 2023.<\/p>\n\n\n\n<p class=\"wp-block-paragraph\">&#8220;A gente estava buscando op\u00e7\u00f5es para 2024 e a\u00ed abri conversas com o Ott, que se animou com as nossas renovadas estrutura e ambi\u00e7\u00e3o. Vamos terminar o trabalho que ficou em aberto ano passado&#8221;, comentou <strong>Cyril Abiteboul<\/strong>, chefe da equipe.<\/p>\n\n\n\n<p class=\"wp-block-paragraph\">T\u00e4nak vive uma temporada complicada com uma Ford que est\u00e1 bem longe da excel\u00eancia de Toyota e Hyundai atualmente. O estoniano, apesar disso, aparece na quarta posi\u00e7\u00e3o geral, com 146 pontos anotados e duas vit\u00f3rias conquistadas na Su\u00e9cia e no Chile. T\u00e4nak n\u00e3o tem mais chances matem\u00e1ticas de conquistar o bi em 2023.<\/p>\n\n\n\n<p class=\"wp-block-paragraph\"><strong>\u25b6\ufe0f&nbsp;Inscreva-se nos dois canais do GRANDE PR\u00caMIO no YouTube:&nbsp;<a href=\"https:\/\/www.youtube.com\/channel\/UC9OlHEgxoaY6QY6nWPoiqQg?sub_confirmation=1\" target=\"_blank\" rel=\"noreferrer noopener\">GP<\/a>&nbsp;|&nbsp;<a href=\"https:\/\/www.youtube.com\/channel\/UC9csiS6q_C3C0FYhyr1rnFA?sub_confirmation=1\" target=\"_blank\" rel=\"noreferrer noopener\">GP2<\/a><\/strong><br><strong>\u25b6\ufe0f&nbsp;<a href=\"https:\/\/www.twitch.tv\/grandepremio\" target=\"_blank\" rel=\"noreferrer noopener\">Conhe\u00e7a o canal do GRANDE PR\u00caMIO na Twitch clicando aqui!<\/a><\/strong><\/p>\n\n\n\n<figure class=\"wp-block-embed is-type-video is-provider-youtube wp-block-embed-youtube wp-embed-aspect-16-9 wp-has-aspect-ratio\"><div class=\"wp-block-embed__wrapper\">\n<iframe loading=\"lazy\" title=\"URGENTE! M\u00e1rquez FORA da Honda na MotoGP. E PRECONCEITO com P\u00e9rez na F1? | TT GP #116\" width=\"500\" height=\"281\" src=\"https:\/\/www.youtube.com\/embed\/vX-vcSd9Z-Q?feature=oembed\" frameborder=\"0\" allow=\"accelerometer; autoplay; clipboard-write; encrypted-media; gyroscope; picture-in-picture; web-share\" referrerpolicy=\"strict-origin-when-cross-origin\" allowfullscreen><\/iframe>\n<\/div><\/figure>\n","protected":false},"excerpt":{"rendered":"<p>Um dos grandes nomes do Mundial de Rali, Ott T\u00e4nak est\u00e1 de volta \u00e0 Hyundai. Ap\u00f3s apenas uma temporada com a Ford, o estoniano acertou o retorno para a marca sul-coreana no WRC 2024<\/p>\n","protected":false},"author":0,"featured_media":1000602444,"comment_status":"closed","ping_status":"closed","sticky":false,"template":"","format":"standard","meta":{"42wp_featured_image_caption":"","42wp_featured_image_credits":"","42wp_featured_video":"","42wp_featured_image_hidden":false,"42wp_authors_list":[],"footnotes":""},"categories":[5],"tags":[36700,36648,36699,36702,882,1491,28285,2073,288,33586,36698,5170,233,178,287,33507,35913],"42wp_author":[47117],"class_list":["post-98638","post","type-post","status-publish","format-standard","has-post-thumbnail","hentry","category-rally","tag-calendario-mundial-de-rali","tag-calendario-wrc","tag-classificacao-mundial-de-rali","tag-classificacao-wrc","tag-ford","tag-grande-premio","tag-grandepremio","tag-hyundai","tag-mundial-de-rali","tag-mundial-de-rali-2023","tag-mundial-de-rali-2024","tag-ott-tanak","tag-rali","tag-toyota","tag-wrc","tag-wrc-2023","tag-wrc-2024","42wp_author-gabriel-curty"],"_links":{"self":[{"href":"https:\/\/grandepremio.com\/br\/wp-json\/wp\/v2\/posts\/98638","targetHints":{"allow":["GET"]}}],"collection":[{"href":"https:\/\/grandepremio.com\/br\/wp-json\/wp\/v2\/posts"}],"about":[{"href":"https:\/\/grandepremio.com\/br\/wp-json\/wp\/v2\/types\/post"}],"replies":[{"embeddable":true,"href":"https:\/\/grandepremio.com\/br\/wp-json\/wp\/v2\/comments?post=98638"}],"version-history":[{"count":0,"href":"https:\/\/grandepremio.com\/br\/wp-json\/wp\/v2\/posts\/98638\/revisions"}],"wp:featuredmedia":[{"embeddable":true,"href":"https:\/\/grandepremio.com\/br\/wp-json\/wp\/v2\/media\/1000602444"}],"wp:attachment":[{"href":"https:\/\/grandepremio.com\/br\/wp-json\/wp\/v2\/media?parent=98638"}],"wp:term":[{"taxonomy":"category","embeddable":true,"href":"https:\/\/grandepremio.com\/br\/wp-json\/wp\/v2\/categories?post=98638"},{"taxonomy":"post_tag","embeddable":true,"href":"https:\/\/grandepremio.com\/br\/wp-json\/wp\/v2\/tags?post=98638"},{"taxonomy":"42wp_author","embeddable":true,"href":"https:\/\/grandepremio.com\/br\/wp-json\/wp\/v2\/42wp_author?post=98638"}],"curies":[{"name":"wp","href":"https:\/\/api.w.org\/{rel}","templated":true}]}}