{"id":98669,"date":"2023-10-03T09:55:46","date_gmt":"2023-10-03T12:55:46","guid":{"rendered":"https:\/\/grandepremio.com\/br\/noticias\/formula-e-segundo-golpe-ep-da-cidade-do-cabo-xeque-2024\/"},"modified":"2023-10-16T09:44:05","modified_gmt":"2023-10-16T12:44:05","slug":"formula-e-segundo-golpe-ep-da-cidade-do-cabo-xeque-2024","status":"publish","type":"post","link":"https:\/\/grandepremio.com\/br\/formula-e\/formula-e-segundo-golpe-ep-da-cidade-do-cabo-xeque-2024\/","title":{"rendered":"F\u00f3rmula E sofre segundo golpe e v\u00ea eP da Cidade do Cabo em xeque para 2024"},"content":{"rendered":"\n<p class=\"wp-block-paragraph\">A <strong>F\u00f3rmula E<\/strong> sofre com alguns problemas para fechar o calend\u00e1rio da pr\u00f3xima temporada ao fim deste ano. <a href=\"https:\/\/www.grandepremio.com\/br\/formula-e\/noticias\/formula-e-derrota-calendario-planejado-hyderabad-sair-cena-apos-1-ano\/\" target=\"_blank\" aria-label=\"Depois de ver a perman\u00eancia (opens in a new tab)\" rel=\"noreferrer noopener\" class=\"ek-link\">Depois de ver a perman\u00eancia<\/a> de <strong>Hyderabad<\/strong> se complicar de vez, a categoria vai ter de lidar com uma nova situa\u00e7\u00e3o: a poss\u00edvel perda do <strong>eP da Cidade do Cabo<\/strong>, que, segundo o portal ingl\u00eas<em> The Race<\/em>, tem sua confirma\u00e7\u00e3o seriamente amea\u00e7ada neste momento.<\/p>\n\n\n\n<p class=\"wp-block-paragraph\">Apesar de ter sido considerada um sucesso para o f\u00e3s e em termos de corrida, a verdade \u00e9 que a corrida da \u00c1frica do Sul foi um desastre econ\u00f4mico para a categoria, que saiu no preju\u00edzo com os gastos envolvidos na realiza\u00e7\u00e3o do evento. Assim, neste momento, a perman\u00eancia \u00e9 considerada altamente improv\u00e1vel.<\/p>\n\n\n\n<p class=\"wp-block-paragraph\"><strong>\u25b6\ufe0f&nbsp;<a href=\"https:\/\/www.twitch.tv\/grandepremio\" target=\"_blank\" rel=\"noreferrer noopener\">Conhe\u00e7a o canal do GRANDE PR\u00caMIO na Twitch clicando aqui!<\/a><\/strong><\/p>\n\n\n\n<figure class=\"wp-block-image size-large\"><img decoding=\"async\" src=\"https:\/\/www.grandepremio.com\/br\/wp-content\/uploads\/2023\/03\/EPS905_171304_D9I0507-2048x2048-1-1024x683.jpg\" alt=\"\" class=\"wp-image-656787\"\/><figcaption class=\"wp-element-caption\">O \u00fanico eP da Cidade do Cabo terminou com vit\u00f3ria de Ant\u00f3nio F\u00e9lix da Costa (Foto: F\u00f3rmula E)<\/figcaption><\/figure>\n\n\n\n<p class=\"wp-block-paragraph\"><strong>\u25b6\ufe0f&nbsp;Inscreva-se nos dois canais do GRANDE PR\u00caMIO no YouTube:&nbsp;<a href=\"https:\/\/www.youtube.com\/channel\/UC9OlHEgxoaY6QY6nWPoiqQg?sub_confirmation=1\" target=\"_blank\" rel=\"noreferrer noopener\">GP<\/a>&nbsp;|&nbsp;<a href=\"https:\/\/www.youtube.com\/channel\/UC9csiS6q_C3C0FYhyr1rnFA?sub_confirmation=1\" target=\"_blank\" rel=\"noreferrer noopener\">GP2<\/a><\/strong><\/p>\n\n\n\n<p class=\"wp-block-paragraph\">Por outro lado, ainda \u00e9 poss\u00edvel que a F\u00f3rmula E permane\u00e7a na \u00cdndia no ano que vem. Ainda que a situa\u00e7\u00e3o com Hyderabad n\u00e3o seja simples, a categoria ainda tenta correr no local em 2024 e tamb\u00e9m analisa outras possibilidades, como a cidade de <strong>Chennai<\/strong>.<\/p>\n\n\n\n<p class=\"wp-block-paragraph\">Vale destacar que a corrida da \u00cdndia \u00e9 importante para equipes como <strong>Mahindra<\/strong> e <strong>Jaguar<\/strong>, que possuem suas bases fincadas no local. Enquanto a primeira tem nacionalidade indiana, a equipe brit\u00e2nica pertence ao Grupo Tata, um conglomerado industrial fundado no pa\u00eds.<\/p>\n\n\n\n<p class=\"wp-block-paragraph\">Por fim, a F\u00f3rmula E tenta reduzir os danos e manter, pelo menos, uma das duas provas para o ano que vem \u2014 mesmo que seja necess\u00e1rio correr em outro local da \u00cdndia. Desta forma, <a href=\"https:\/\/www.grandepremio.com\/br\/formula-e\/noticias\/formula-e-retorno-china-2024-adaptacao-tracado-f1\/\" target=\"_blank\" aria-label=\"com o plano de ter a (opens in a new tab)\" rel=\"noreferrer noopener\" class=\"ek-link\">com o plano de ter a<\/a> <strong>China<\/strong> em 25 de maio, a categoria pretende reduzir o total de corridas de <strong>17<\/strong> para <strong>16<\/strong>, mantendo o mesmo n\u00famero da temporada 2022\/23.<\/p>\n\n\n\n<p class=\"wp-block-paragraph\">A\u00a0<a href=\"https:\/\/www.grandepremio.com\/br\/formula-e\/\" target=\"_blank\" rel=\"noreferrer noopener\"><\/a><a href=\"https:\/\/www.grandepremio.com\/br\/formula-e\/\" target=\"_blank\" rel=\"noreferrer noopener\">F\u00f3rmula E<\/a>\u00a0retorna oficialmente no dia\u00a0<strong>13 de janeiro<\/strong>, com a abertura da temporada, na\u00a0<strong>Cidade<\/strong>\u00a0<strong>do\u00a0<a href=\"https:\/\/es.grandepremio.com\/\" target=\"_blank\" rel=\"noreferrer noopener\">M\u00e9xico<\/a><\/strong>. Antes disso, por\u00e9m,\u00a0<a href=\"https:\/\/www.grandepremio.com\/br\/formula-e\/noticias\/formula-e-confirma-pre-temporada-quatro-dias-valencia-outubro\/\" target=\"_blank\" rel=\"noreferrer noopener\">a categoria realiza sua pr\u00e9-temporada<\/a>, em\u00a0<strong><a href=\"https:\/\/es.grandepremio.com\/\" target=\"_blank\" rel=\"noreferrer noopener\">Val\u00eancia<\/a><\/strong>, entre os dias\u00a0<strong>23\u00a0<\/strong>e\u00a0<strong>27 de outubro<\/strong>.<\/p>\n\n\n\n<figure class=\"wp-block-embed is-type-video is-provider-youtube wp-block-embed-youtube wp-embed-aspect-16-9 wp-has-aspect-ratio\"><div class=\"wp-block-embed__wrapper\">\n<iframe loading=\"lazy\" title=\"Apple na F1? Quais os pr\u00f3s e contras de eventual acordo? | GP \u00e0s 10\" width=\"500\" height=\"281\" src=\"https:\/\/www.youtube.com\/embed\/Gu-IxsWLGoc?feature=oembed\" frameborder=\"0\" allow=\"accelerometer; autoplay; clipboard-write; encrypted-media; gyroscope; picture-in-picture; web-share\" referrerpolicy=\"strict-origin-when-cross-origin\" allowfullscreen><\/iframe>\n<\/div><\/figure>\n","protected":false},"excerpt":{"rendered":"<p>Com uma estreia forte em termos esportivos e invi\u00e1vel no aspecto financeiro, eP da Cidade do Cabo v\u00ea perman\u00eancia dif\u00edcil para temporada 2023\/24 e soma mais um problema para o calend\u00e1rio da F\u00f3rmula E no ano que vem<\/p>\n","protected":false},"author":0,"featured_media":1000655942,"comment_status":"closed","ping_status":"closed","sticky":false,"template":"","format":"standard","meta":{"42wp_featured_image_caption":"","42wp_featured_image_credits":"","42wp_featured_video":"","42wp_featured_image_hidden":false,"42wp_authors_list":[],"footnotes":""},"categories":[19],"tags":[33214,28679,6853,31020,33215,19052,31184,379,30779,840,31435,1601,1491,30103,28285],"42wp_author":[47142],"class_list":["post-98669","post","type-post","status-publish","format-standard","has-post-thumbnail","hentry","category-formula-e","tag-calendario-fe","tag-calendario-formula-e","tag-classificacao-formula-e","tag-ep-da-cidade-do-cabo","tag-ep-de-hyderabad","tag-ep-de-londres","tag-excel-arena","tag-fe","tag-fe-2023","tag-formula-e","tag-formula-e-2023","tag-gen3","tag-grande-premio","tag-grande-premio-f1","tag-grandepremio","42wp_author-jp-nascimento"],"_links":{"self":[{"href":"https:\/\/grandepremio.com\/br\/wp-json\/wp\/v2\/posts\/98669","targetHints":{"allow":["GET"]}}],"collection":[{"href":"https:\/\/grandepremio.com\/br\/wp-json\/wp\/v2\/posts"}],"about":[{"href":"https:\/\/grandepremio.com\/br\/wp-json\/wp\/v2\/types\/post"}],"replies":[{"embeddable":true,"href":"https:\/\/grandepremio.com\/br\/wp-json\/wp\/v2\/comments?post=98669"}],"version-history":[{"count":0,"href":"https:\/\/grandepremio.com\/br\/wp-json\/wp\/v2\/posts\/98669\/revisions"}],"wp:featuredmedia":[{"embeddable":true,"href":"https:\/\/grandepremio.com\/br\/wp-json\/wp\/v2\/media\/1000655942"}],"wp:attachment":[{"href":"https:\/\/grandepremio.com\/br\/wp-json\/wp\/v2\/media?parent=98669"}],"wp:term":[{"taxonomy":"category","embeddable":true,"href":"https:\/\/grandepremio.com\/br\/wp-json\/wp\/v2\/categories?post=98669"},{"taxonomy":"post_tag","embeddable":true,"href":"https:\/\/grandepremio.com\/br\/wp-json\/wp\/v2\/tags?post=98669"},{"taxonomy":"42wp_author","embeddable":true,"href":"https:\/\/grandepremio.com\/br\/wp-json\/wp\/v2\/42wp_author?post=98669"}],"curies":[{"name":"wp","href":"https:\/\/api.w.org\/{rel}","templated":true}]}}