{"id":98733,"date":"2023-09-30T10:45:07","date_gmt":"2023-09-30T13:45:07","guid":{"rendered":"https:\/\/grandepremio.com\/br\/noticias\/ceo-renault-faz-discurso-interno-40-minutos-da-chacoalhao-alpine\/"},"modified":"2023-09-30T10:46:12","modified_gmt":"2023-09-30T13:46:12","slug":"ceo-renault-faz-discurso-interno-40-minutos-da-chacoalhao-alpine","status":"publish","type":"post","link":"https:\/\/grandepremio.com\/br\/f1\/ceo-renault-faz-discurso-interno-40-minutos-da-chacoalhao-alpine\/","title":{"rendered":"CEO da Renault faz discurso interno de 40 minutos e d\u00e1 &#8220;chacoalh\u00e3o&#8221; na Alpine"},"content":{"rendered":"\n<p class=\"wp-block-paragraph\">O CEO da Renault, <strong>Luca de Meo<\/strong>, surpreendeu a todos da <strong>Alpine<\/strong> com um discurso emocionante e pulsante. De acordo com a <em>Motorsport-Total.com<\/em>, o franc\u00eas tamb\u00e9m aproveitou o momento para colocar um ponto final nos rumores que apontavam <strong>Mattia Binotto<\/strong> como chefe da equipe na pr\u00f3xima temporada.<\/p>\n\n\n\n<p class=\"wp-block-paragraph\">Por meio de uma videoconfer\u00eancia, Luca reuniu as bases de <strong>Enstone<\/strong> e <strong>Viry<\/strong> nesta quarta-feira (27), junto com os pilotos <strong>Pierre Gasly<\/strong> e <strong>Esteban Ocon<\/strong> e reafirmou o seu apoio e o do grupo ao projeto da <strong>F\u00f3rmula 1<\/strong>. Tamb\u00e9m de acordo com o <em>L&#8217;Equipe<\/em>, o discurso durou cerca de 40 minutos e foi visto como um &#8220;choque el\u00e9trico&#8221; entre os presentes.<\/p>\n\n\n\n<p class=\"wp-block-paragraph\">Na conversa, ficou definido que <strong>Bruno Famin<\/strong>, vice-presidente da Alpine Motorsport, que estava atuando interinamente como chefe de equipe ap\u00f3s a sa\u00edda de <strong>Otmar Szafnauer<\/strong>, ser\u00e1 mantido no cargo. A temporada 2023 da equipe francesa \u00e9 ca\u00f3tica sobre todos os aspectos.<\/p>\n\n\n\n<figure class=\"wp-block-image size-large\"><img decoding=\"async\" src=\"https:\/\/www.grandepremio.com\/br\/wp-content\/uploads\/2023\/09\/luca-de-meo-1024x757.jpg\" alt=\"\" class=\"wp-image-735597\"\/><figcaption class=\"wp-element-caption\">Luca de Meo contagiou a todos na Alpine com seu discurso (Foto: Renault)<\/figcaption><\/figure>\n\n\n\n<p class=\"wp-block-paragraph\">Embora Gasly e Ocon tenham conquistado um p\u00f3dio cada, a Alpine desceu de patamar com a falta de confiabilidade notada no <strong>A523<\/strong> e v\u00ea, de bin\u00f3culos, o crescimento de <strong>Aston Martin<\/strong> e <strong>McLaren<\/strong>, que hoje brigam pelo posto de quarta for\u00e7a no grid.<\/p>\n\n\n\n<p class=\"wp-block-paragraph\"><strong>\u25b6\ufe0f\u00a0Inscreva-se nos dois canais do GRANDE PR\u00caMIO no YouTube:\u00a0<a href=\"https:\/\/www.youtube.com\/channel\/UC9OlHEgxoaY6QY6nWPoiqQg?sub_confirmation=1\" target=\"_blank\" rel=\"noreferrer noopener\">GP<\/a>\u00a0|\u00a0<a href=\"https:\/\/www.youtube.com\/channel\/UC9csiS6q_C3C0FYhyr1rnFA?sub_confirmation=1\" target=\"_blank\" rel=\"noreferrer noopener\">GP2<\/a><\/strong><br><strong>\u25b6\ufe0f\u00a0<a href=\"https:\/\/www.twitch.tv\/grandepremio\" target=\"_blank\" rel=\"noreferrer noopener\">Conhe\u00e7a o canal do GRANDE PR\u00caMIO na Twitch clicando aqui!<\/a><\/strong><\/p>\n\n\n\n<p class=\"wp-block-paragraph\">Fora do paddock, a confus\u00e3o \u00e9 ainda maior. <strong>Laurent Rossi<\/strong> foi afastado do cargo de CEO da equipe de F1, com ele fazendo diversas cr\u00edticas p\u00fablicas contundentes ao time no in\u00edcio da temporada. Antes das f\u00e9rias de ver\u00e3o, no fim de semana em <strong>Spa-Francorchamps<\/strong>, Szafnauer e <strong>Alan Permane<\/strong> foram demitidos, al\u00e9m de <strong>Pat Fry<\/strong> ter assinado com a <strong>Williams<\/strong>.<\/p>\n\n\n\n<p class=\"wp-block-paragraph\">No\u00a0<strong>Mundial de Construtores<\/strong>\u00a0em 2023, os franceses ocupam a sexta posi\u00e7\u00e3o com 84 pontos. A\u00a0<a href=\"https:\/\/www.grandepremio.com\/formula-1\/\" target=\"_blank\" rel=\"noreferrer noopener\"><\/a><a href=\"https:\/\/www.grandepremio.com\/formula-1\/\" target=\"_blank\" rel=\"noreferrer noopener\">F\u00f3rmula 1<\/a>\u00a0retorna na semana que vem, entre os dias 6 e 7 de outubro, com o\u00a0<strong>GP do Catar<\/strong>, em\u00a0<strong><a href=\"https:\/\/www.grandepremio.com\/br\/circuito\/lusail\/\" target=\"_blank\" rel=\"noreferrer noopener\">Lusail<\/a><\/strong>, 17\u00aa etapa da temporada 2023.<\/p>\n\n\n\n<figure class=\"wp-block-embed is-type-video is-provider-youtube wp-block-embed-youtube wp-embed-aspect-16-9 wp-has-aspect-ratio\"><div class=\"wp-block-embed__wrapper\">\n<iframe loading=\"lazy\" title=\"Norris e Piastri s\u00e3o trunfo da McLaren para embaralhar briga por vice na F1 2023 | GP \u00e0s 10\" width=\"500\" height=\"281\" src=\"https:\/\/www.youtube.com\/embed\/e85QA5jPj80?feature=oembed\" frameborder=\"0\" allow=\"accelerometer; autoplay; clipboard-write; encrypted-media; gyroscope; picture-in-picture; web-share\" referrerpolicy=\"strict-origin-when-cross-origin\" allowfullscreen><\/iframe>\n<\/div><\/figure>\n","protected":false},"excerpt":{"rendered":"<p>Luca de Meo reafirmou seu apoio ao projeto da Alpine na F\u00f3rmula 1 e afastou rumores da contrata\u00e7\u00e3o de Mattia Binotto como chefe da equipe na pr\u00f3xima temporada<\/p>\n","protected":false},"author":0,"featured_media":1000729509,"comment_status":"closed","ping_status":"closed","sticky":false,"template":"","format":"standard","meta":{"42wp_featured_image_caption":"","42wp_featured_image_credits":"","42wp_featured_video":"","42wp_featured_image_hidden":false,"42wp_authors_list":[],"footnotes":""},"categories":[2],"tags":[14311,20491,26271,5273,302,147,6533,180,30722,1491,28285,30840,27073,26116,35129,477,780,676,229,31447],"42wp_author":[47128],"class_list":["post-98733","post","type-post","status-publish","format-standard","has-post-thumbnail","hentry","category-f1","tag-alan-permane","tag-alpine","tag-calendario-f1","tag-classificacao-f1","tag-esteban-ocon","tag-f1","tag-f1-2023","tag-formula-1","tag-formula-1-2023","tag-grande-premio","tag-grandepremio","tag-horarios-f1","tag-laurent-rossi","tag-luca-de-meo","tag-onde-assistir-f1","tag-otmar-szafnauer","tag-pat-fry","tag-pierre-gasly","tag-renault","tag-temporada-2023-f1","42wp_author-guilherme-bloisi"],"_links":{"self":[{"href":"https:\/\/grandepremio.com\/br\/wp-json\/wp\/v2\/posts\/98733","targetHints":{"allow":["GET"]}}],"collection":[{"href":"https:\/\/grandepremio.com\/br\/wp-json\/wp\/v2\/posts"}],"about":[{"href":"https:\/\/grandepremio.com\/br\/wp-json\/wp\/v2\/types\/post"}],"replies":[{"embeddable":true,"href":"https:\/\/grandepremio.com\/br\/wp-json\/wp\/v2\/comments?post=98733"}],"version-history":[{"count":0,"href":"https:\/\/grandepremio.com\/br\/wp-json\/wp\/v2\/posts\/98733\/revisions"}],"wp:featuredmedia":[{"embeddable":true,"href":"https:\/\/grandepremio.com\/br\/wp-json\/wp\/v2\/media\/1000729509"}],"wp:attachment":[{"href":"https:\/\/grandepremio.com\/br\/wp-json\/wp\/v2\/media?parent=98733"}],"wp:term":[{"taxonomy":"category","embeddable":true,"href":"https:\/\/grandepremio.com\/br\/wp-json\/wp\/v2\/categories?post=98733"},{"taxonomy":"post_tag","embeddable":true,"href":"https:\/\/grandepremio.com\/br\/wp-json\/wp\/v2\/tags?post=98733"},{"taxonomy":"42wp_author","embeddable":true,"href":"https:\/\/grandepremio.com\/br\/wp-json\/wp\/v2\/42wp_author?post=98733"}],"curies":[{"name":"wp","href":"https:\/\/api.w.org\/{rel}","templated":true}]}}