{"id":98738,"date":"2023-09-30T08:16:25","date_gmt":"2023-09-30T11:16:25","guid":{"rendered":"https:\/\/grandepremio.com\/br\/noticias\/ott-tanak-bate-teemu-suninen-fecha-sexta-feira-rali-chile-lideranca\/"},"modified":"2023-09-30T08:22:58","modified_gmt":"2023-09-30T11:22:58","slug":"ott-tanak-bate-teemu-suninen-fecha-sexta-feira-rali-chile-lideranca","status":"publish","type":"post","link":"https:\/\/grandepremio.com\/br\/rally\/ott-tanak-bate-teemu-suninen-fecha-sexta-feira-rali-chile-lideranca\/","title":{"rendered":"T\u00e4nak bate Suninen e fecha sexta-feira do Rali do Chile na lideran\u00e7a"},"content":{"rendered":"\n<p class=\"wp-block-paragraph\"><strong>Ott T\u00e4nak<\/strong> abriu o <strong>Rali do Chile<\/strong> nesta sexta-feira (29) com uma s\u00f3lida lideran\u00e7a. O piloto da <strong>Ford<\/strong> estabeleceu bom ritmo desde a abertura do evento e contou com uma estrat\u00e9gia inteligente de conserva\u00e7\u00e3o de pneus para se manter \u00e0 frente neste primeiro trecho. Mas quem pensa que foi f\u00e1cil manter a ponta, engana-se. <\/p>\n\n\n\n<p class=\"wp-block-paragraph\">O estoniano chegou a ter problemas em seu carro gra\u00e7as a uma aterrisagem violenta, que causou pequenos danos \u00e0 suspens\u00e3o e perda do impulso h\u00edbrido e o colocou em terceiro, mas logo se recuperou. &#8220;O primeiro e \u00faltimo trechos froram extremamente dif\u00edceis. Mas tivemos uma boa corrida, fluida, ent\u00e3o, n\u00e3o h\u00e1 problemas&#8221;, disse Ott.<\/p>\n\n\n\n<p class=\"wp-block-paragraph\"><strong>\u25b6\ufe0f\u00a0Inscreva-se nos dois canais do GRANDE PR\u00caMIO no YouTube:\u00a0<a href=\"https:\/\/www.youtube.com\/channel\/UC9OlHEgxoaY6QY6nWPoiqQg?sub_confirmation=1\" target=\"_blank\" rel=\"noreferrer noopener\">GP<\/a>\u00a0|\u00a0<a href=\"https:\/\/www.youtube.com\/channel\/UC9csiS6q_C3C0FYhyr1rnFA?sub_confirmation=1\" target=\"_blank\" rel=\"noreferrer noopener\">GP2<\/a><\/strong><br><strong>\u25b6\ufe0f\u00a0<a href=\"https:\/\/www.twitch.tv\/grandepremio\" target=\"_blank\" rel=\"noreferrer noopener\">Conhe\u00e7a o canal do GRANDE PR\u00caMIO na Twitch clicando aqui!<\/a><\/strong><\/p>\n\n\n\n<p class=\"wp-block-paragraph\">O <strong>Chile<\/strong> voltou ao mapa do <strong>Mundial de Rali<\/strong> depois de quatro anos de aus\u00eancia e mostram que o desafio de cumprir os percursos \u00e9 de extrema dificuldade. Em segundo lugar, ficou o finland\u00eas <strong>Teemu Suninen<\/strong>, da <strong>Hyundai<\/strong>, 1.1s atr\u00e1s do l\u00edder.<\/p>\n\n\n\n<figure class=\"wp-block-image size-large\"><img decoding=\"async\" src=\"https:\/\/www.grandepremio.com\/br\/wp-content\/uploads\/2023\/09\/af6198ea-e721-49b6-81d0-09972074a2ad_290923at-teemu-suninen-chile202301-1024x576.jpeg\" alt=\"\" class=\"wp-image-735566\"\/><figcaption class=\"wp-element-caption\">Teemu Suninen ficou 1.1s atr\u00e1s do l\u00edder no Chile (Foto: WRC)<\/figcaption><\/figure>\n\n\n\n<p class=\"wp-block-paragraph\"><strong>Elfyn Evans<\/strong>, da <strong>Toyota Gazoo Racing<\/strong>, completou o primeiro dia na terceira coloca\u00e7\u00e3o, \u00e0 frente do l\u00edder e quase campe\u00e3o da temporada, <strong>Kalle Rovanper\u00e4<\/strong>. Em quinto, o belga <strong>Thierry Neuville<\/strong>, da <strong>Hyundai<\/strong>, completou o top-5 da etapa chilena. <\/p>\n\n\n\n<p class=\"wp-block-paragraph\">Neste s\u00e1bado (30), as equipes viajam para o sul para enfrentar a etapa mais longa do rali. Chivilingo \u00e9 o primeiro a subir, seguido do Rio Lia \u2013 \u00fanica etapa que se mant\u00e9m inalterada em rela\u00e7\u00e3o \u00e0 edi\u00e7\u00e3o de 2019 do Rali. Maria de las Cruces termina \u00e0 vista do Oceano Pac\u00edfico e completa a volta, que se repete mais uma vez.<\/p>\n\n\n\n<figure class=\"wp-block-embed is-type-video is-provider-youtube wp-block-embed-youtube wp-embed-aspect-16-9 wp-has-aspect-ratio\"><div class=\"wp-block-embed__wrapper\">\n<iframe loading=\"lazy\" title=\"MOTOGP, NASCAR E WSBK: saiba ONDE ASSISTIR \u00e0s CORRIDAS neste fim de semana!\" width=\"500\" height=\"281\" src=\"https:\/\/www.youtube.com\/embed\/PfYdMAxMHQs?start=1&amp;feature=oembed\" frameborder=\"0\" allow=\"accelerometer; autoplay; clipboard-write; encrypted-media; gyroscope; picture-in-picture; web-share\" referrerpolicy=\"strict-origin-when-cross-origin\" allowfullscreen><\/iframe>\n<\/div><\/figure>\n","protected":false},"excerpt":{"rendered":"<p>Estoniano da Ford teve problemas na suspens\u00e3o, mas contou com um bom gerenciamento de pneus para se manter na ponta no primeiro dia de provas no Chile<\/p>\n","protected":false},"author":0,"featured_media":1000735565,"comment_status":"closed","ping_status":"closed","sticky":false,"template":"","format":"standard","meta":{"42wp_featured_image_caption":"","42wp_featured_image_credits":"","42wp_featured_video":"","42wp_featured_image_hidden":false,"42wp_authors_list":[],"footnotes":""},"categories":[5],"tags":[842,740,26932,33586,5170,737,33507],"42wp_author":[47128],"class_list":["post-98738","post","type-post","status-publish","format-standard","has-post-thumbnail","hentry","category-rally","tag-chile","tag-elfyn-evans","tag-kalle-rovanpera","tag-mundial-de-rali-2023","tag-ott-tanak","tag-thierry-neuville","tag-wrc-2023","42wp_author-guilherme-bloisi"],"_links":{"self":[{"href":"https:\/\/grandepremio.com\/br\/wp-json\/wp\/v2\/posts\/98738","targetHints":{"allow":["GET"]}}],"collection":[{"href":"https:\/\/grandepremio.com\/br\/wp-json\/wp\/v2\/posts"}],"about":[{"href":"https:\/\/grandepremio.com\/br\/wp-json\/wp\/v2\/types\/post"}],"replies":[{"embeddable":true,"href":"https:\/\/grandepremio.com\/br\/wp-json\/wp\/v2\/comments?post=98738"}],"version-history":[{"count":0,"href":"https:\/\/grandepremio.com\/br\/wp-json\/wp\/v2\/posts\/98738\/revisions"}],"wp:featuredmedia":[{"embeddable":true,"href":"https:\/\/grandepremio.com\/br\/wp-json\/wp\/v2\/media\/1000735565"}],"wp:attachment":[{"href":"https:\/\/grandepremio.com\/br\/wp-json\/wp\/v2\/media?parent=98738"}],"wp:term":[{"taxonomy":"category","embeddable":true,"href":"https:\/\/grandepremio.com\/br\/wp-json\/wp\/v2\/categories?post=98738"},{"taxonomy":"post_tag","embeddable":true,"href":"https:\/\/grandepremio.com\/br\/wp-json\/wp\/v2\/tags?post=98738"},{"taxonomy":"42wp_author","embeddable":true,"href":"https:\/\/grandepremio.com\/br\/wp-json\/wp\/v2\/42wp_author?post=98738"}],"curies":[{"name":"wp","href":"https:\/\/api.w.org\/{rel}","templated":true}]}}