{"id":98773,"date":"2023-09-29T04:30:00","date_gmt":"2023-09-29T07:30:00","guid":{"rendered":"https:\/\/grandepremio.com\/br\/noticias\/red-bull-busca-talentos-internamente-mas-admite-dificil-alguem-bater-max\/"},"modified":"2023-09-28T18:03:59","modified_gmt":"2023-09-28T21:03:59","slug":"red-bull-busca-talentos-internamente-mas-admite-dificil-alguem-bater-max","status":"publish","type":"post","link":"https:\/\/grandepremio.com\/br\/f1\/red-bull-busca-talentos-internamente-mas-admite-dificil-alguem-bater-max\/","title":{"rendered":"Red Bull busca &#8220;talentos internamente&#8221;, mas admite: &#8220;Dif\u00edcil algu\u00e9m bater Max&#8221;"},"content":{"rendered":"\n<p class=\"wp-block-paragraph\">Embora<strong> Sergio P\u00e9rez <\/strong>tenha mais um ano de contrato com a <strong>Red Bull<\/strong>, <strong>Christian Horner<\/strong>, chefe da equipe, admitiu que j\u00e1 olha para o mercado de pilotos visando a forma\u00e7\u00e3o da dupla para a temporada 2025 da <strong>F\u00f3rmula 1<\/strong>. Em meio \u00e0s dificuldades do mexicano de entregar um resultado satisfat\u00f3rio, o dirigente afirmou que, em caso de substitui\u00e7\u00e3o, o objetivo \u00e9 priorizar os pilotos da casa. No entanto, disse que n\u00e3o espera que algu\u00e9m seja capaz de fazer frente a <strong>Max Verstappen<\/strong>.<\/p>\n\n\n\n<p class=\"wp-block-paragraph\">Recentemente o nome de <strong>Lando Norris<\/strong> <a href=\"https:\/\/www.grandepremio.com\/br\/f1\/noticias\/red-bull-sonda-lando-norris-charles-leclerc-dream-team-max-verstappen\/\" class=\"ek-link\">foi ventilado como um poss\u00edvel piloto<\/a> da Red Bull em um futuro pr\u00f3ximo. Horner, que reconheceu as qualidades do piloto da <strong>McLaren<\/strong>, admitiu que o brit\u00e2nico \u00e9 um bom nome a ser considerado. Contudo, afirmou que ainda vai observar as movimenta\u00e7\u00f5es no mercado de pilotos antes de tomar uma decis\u00e3o.<\/p>\n\n\n\n<p class=\"wp-block-paragraph\"><strong>\u25b6\ufe0f\u00a0Inscreva-se nos dois canais do GRANDE PR\u00caMIO no YouTube:\u00a0<a href=\"https:\/\/www.youtube.com\/channel\/UC9OlHEgxoaY6QY6nWPoiqQg?sub_confirmation=1\" target=\"_blank\" rel=\"noreferrer noopener\">GP<\/a>\u00a0|\u00a0<a href=\"https:\/\/www.youtube.com\/channel\/UC9csiS6q_C3C0FYhyr1rnFA?sub_confirmation=1\" target=\"_blank\" rel=\"noreferrer noopener\">GP2<\/a><\/strong><br><strong>\u25b6\ufe0f\u00a0<a href=\"https:\/\/www.twitch.tv\/grandepremio\" target=\"_blank\" rel=\"noreferrer noopener\">Conhe\u00e7a o canal do GRANDE PR\u00caMIO na Twitch clicando aqui!<\/a><\/strong><\/p>\n\n\n\n<figure class=\"wp-block-image size-large\"><img decoding=\"async\" src=\"https:\/\/www.grandepremio.com\/br\/wp-content\/uploads\/2023\/09\/SI202309240180-1024x683.jpg\" alt=\"F1 2023, GP DO JAP\u00c3O, SUZUKA, DOMINGO, MAX VERSTAPPEN, RED BULL CONTENT POOL\" class=\"wp-image-733551\"\/><figcaption class=\"wp-element-caption\">Max Verstappen e Red Bull seguem implac\u00e1veis na F1 2023 (Foto: Red Bull Content Pool)<\/figcaption><\/figure>\n\n\n\n<p class=\"wp-block-paragraph\">\u201cLando \u00e9 um grande piloto que voc\u00ea precisa ficar de olho. Mas h\u00e1 muitos pilotos que voc\u00ea tamb\u00e9m observa. H\u00e1 uma gera\u00e7\u00e3o por a\u00ed com nomes muito talentosos. Agora, ser companheiro de equipe de Max nunca ser\u00e1 f\u00e1cil e alguns pilotos podem estar \u00e0 altura desse desafio, outros n\u00e3o. Mas, \u00e9 claro, assim como os pilotos que temos internamente, estamos de olho em outros dispon\u00edveis no mercado. Como voc\u00ea pode imaginar, h\u00e1 bastante interesse em guiar um carro da Red Bull\u201d, disse o chefe da Red Bull.<\/p>\n\n\n\n<p class=\"wp-block-paragraph\">\u201cMax est\u00e1 operando em tal n\u00edvel que sua confian\u00e7a, seu comprometimento, seu talento s\u00e3o absolutos no momento e \u00e9 dif\u00edcil imaginar algu\u00e9m vencendo-o no mesmo equipamento. Queremos ter os dois melhores pilotos que podemos colocar no grid. Ent\u00e3o, idealmente, isso vir\u00e1 de dentro do programa de talentos que temos, e se n\u00e3o acreditarmos que existe essa capacidade, olharemos fora disso para ver quem est\u00e1 dispon\u00edvel\u201d, finalizou Horner.<\/p>\n\n\n\n<p class=\"wp-block-paragraph\">A\u00a0<a href=\"https:\/\/www.grandepremio.com\/formula-1\/\" target=\"_blank\" rel=\"noreferrer noopener\"><\/a><a href=\"https:\/\/www.grandepremio.com\/formula-1\/\" target=\"_blank\" rel=\"noreferrer noopener\">F\u00f3rmula 1<\/a>\u00a0retorna na semana que vem, entre os dias 6 e 7 de outubro, com o\u00a0<strong>GP do Catar<\/strong>, em\u00a0<strong><a href=\"https:\/\/www.grandepremio.com\/br\/circuito\/lusail\/\" target=\"_blank\" rel=\"noreferrer noopener\">Lusail<\/a><\/strong>, 17\u00aa etapa da temporada 2023.<\/p>\n\n\n\n<figure class=\"wp-block-embed is-type-rich is-provider-incorporar-manipulador wp-block-embed-incorporar-manipulador wp-embed-aspect-16-9 wp-has-aspect-ratio\"><div class=\"wp-block-embed__wrapper\">\n<iframe loading=\"lazy\" title=\"FERRARI chama MERCEDES pro COMBATE + Singapura 2008, 15 ANOS | WGP\" width=\"500\" height=\"281\" src=\"https:\/\/www.youtube.com\/embed\/0UygD6AFxmE?feature=oembed\" frameborder=\"0\" allow=\"accelerometer; autoplay; clipboard-write; encrypted-media; gyroscope; picture-in-picture; web-share\" referrerpolicy=\"strict-origin-when-cross-origin\" allowfullscreen><\/iframe>\n<\/div><\/figure>\n","protected":false},"excerpt":{"rendered":"<p>Christian Horner, chefe da Red Bull, revelou que j\u00e1 olha para o mercado de pilotos pensando em 2025 e espera formar a melhor dupla poss\u00edvel. No entanto, n\u00e3o espera que o novo piloto seja capaz de fazer frente a Max Verstappen<\/p>\n","protected":false},"author":0,"featured_media":1000667470,"comment_status":"closed","ping_status":"closed","sticky":false,"template":"","format":"standard","meta":{"42wp_featured_image_caption":"","42wp_featured_image_credits":"","42wp_featured_video":"","42wp_featured_image_hidden":false,"42wp_authors_list":[],"footnotes":""},"categories":[2],"tags":[655,147,219,28285,13887,547,203,6285,27382,28012,33169,204,24863,9685],"42wp_author":[47149],"class_list":["post-98773","post","type-post","status-publish","format-standard","has-post-thumbnail","hentry","category-f1","tag-christian-horner","tag-f1","tag-grande-prmio","tag-grandepremio","tag-horner","tag-lando-norris","tag-max-verstappen","tag-norris","tag-perez","tag-perez-na-red-bull","tag-rb19","tag-red-bull","tag-sergio-perez-2","tag-verstappen","42wp_author-bernardo-castro"],"_links":{"self":[{"href":"https:\/\/grandepremio.com\/br\/wp-json\/wp\/v2\/posts\/98773","targetHints":{"allow":["GET"]}}],"collection":[{"href":"https:\/\/grandepremio.com\/br\/wp-json\/wp\/v2\/posts"}],"about":[{"href":"https:\/\/grandepremio.com\/br\/wp-json\/wp\/v2\/types\/post"}],"replies":[{"embeddable":true,"href":"https:\/\/grandepremio.com\/br\/wp-json\/wp\/v2\/comments?post=98773"}],"version-history":[{"count":0,"href":"https:\/\/grandepremio.com\/br\/wp-json\/wp\/v2\/posts\/98773\/revisions"}],"wp:featuredmedia":[{"embeddable":true,"href":"https:\/\/grandepremio.com\/br\/wp-json\/wp\/v2\/media\/1000667470"}],"wp:attachment":[{"href":"https:\/\/grandepremio.com\/br\/wp-json\/wp\/v2\/media?parent=98773"}],"wp:term":[{"taxonomy":"category","embeddable":true,"href":"https:\/\/grandepremio.com\/br\/wp-json\/wp\/v2\/categories?post=98773"},{"taxonomy":"post_tag","embeddable":true,"href":"https:\/\/grandepremio.com\/br\/wp-json\/wp\/v2\/tags?post=98773"},{"taxonomy":"42wp_author","embeddable":true,"href":"https:\/\/grandepremio.com\/br\/wp-json\/wp\/v2\/42wp_author?post=98773"}],"curies":[{"name":"wp","href":"https:\/\/api.w.org\/{rel}","templated":true}]}}