{"id":98777,"date":"2023-09-29T04:00:00","date_gmt":"2023-09-29T07:00:00","guid":{"rendered":"https:\/\/grandepremio.com\/br\/noticias\/cba-reforca-apoio-desportivo-a-massa-mas-ve-busca-por-titulo-de-2008-dificil\/"},"modified":"2023-09-28T18:32:54","modified_gmt":"2023-09-28T21:32:54","slug":"cba-reforca-apoio-desportivo-a-massa-mas-ve-busca-por-titulo-de-2008-dificil","status":"publish","type":"post","link":"https:\/\/grandepremio.com\/br\/f1\/cba-reforca-apoio-desportivo-a-massa-mas-ve-busca-por-titulo-de-2008-dificil\/","title":{"rendered":"CBA refor\u00e7a &#8220;apoio desportivo&#8221; a Massa, mas v\u00ea busca por t\u00edtulo de 2008 &#8220;dif\u00edcil&#8221;"},"content":{"rendered":"\n<p class=\"wp-block-paragraph\">A <strong>CBA<\/strong> (<strong>Confedera\u00e7\u00e3o Brasileira de Automobilismo<\/strong>) assegurou o apoio desportivo \u00e0 empreitada que <strong>Felipe Massa <\/strong>conduz para tentar o reconhecimento do t\u00edtulo de <strong>2008<\/strong> na <strong>F\u00f3rmula 1<\/strong>. O brasileiro se<a href=\"https:\/\/www.grandepremio.com\/br\/f1\/noticias\/felipe-massa-se-ve-vitima-de-conspiracao-e-pressiona-fia-e-fom-por-resposta-antes-de-ir-a-justica\/\" class=\"ek-link\"> &#8220;sente v\u00edtima de uma conspira\u00e7\u00e3o&#8221;<\/a> em decorr\u00eancia da manipula\u00e7\u00e3o de resultados do <strong>GP de Singapura<\/strong> de 15 anos atr\u00e1s, particularmente ap\u00f3s saber que o ex-chef\u00e3o do Mundial, <strong>Bernie Ecclestone<\/strong>, tinha conhecimento do caso ainda naquele ano e nada fez. Com base nisso, Massa busca na justi\u00e7a a revis\u00e3o daquele campeonato.<\/p>\n\n\n\n<p class=\"wp-block-paragraph\">No dia 27 de setembro de 2008, <strong>Nelsinho Piquet <\/strong>rodou e bateu forte na volta 14 do <strong>GP de Singapura<\/strong>. O acidente trouxe o safety-car \u00e0 pista e beneficiou diretamente <strong>Fernando Alonso<\/strong>, que ganhou a corrida. Ambos eram companheiros de equipe na Renault. Um ano depois, veio \u00e0 tona a verdade sobre aquele epis\u00f3dio: o filho do tricampe\u00e3o havia batido de prop\u00f3sito, para ajudar o colega espanhol a vencer. Tudo isso em um plano idealizado pelos chefes da esquadra francesa, <strong>Flavio Briatore <\/strong>e <strong>Pat Symonds<\/strong>. A hist\u00f3ria foi investigada \u00e0 \u00e9poca. Os dois dirigentes foram punidos, enquanto os pilotos sa\u00edram ilesos. S\u00f3 que uma declara\u00e7\u00e3o de Ecclestone neste ano reavivou o caso que agora pode parar nos tribunais, uma vez mais.<\/p>\n\n\n\n<p class=\"wp-block-paragraph\">O <strong>GRANDE PR\u00caMIO<\/strong> ouviu o presidente da CBA, <strong>Giovanni Guerra<\/strong>, sobre a a\u00e7\u00e3o de Massa. O dirigente brasileiro refor\u00e7ou o apoio desportivo \u00e0 causa do piloto. &#8220;Ele j\u00e1 havia me falado antes sobre o que pretendia fazer e eu disse que estava no direito dele em fazer isso.&#8221;<\/p>\n\n\n\n<p class=\"wp-block-paragraph\"><strong>LEIA TAMB\u00c9M<\/strong><br><a href=\"https:\/\/www.grandepremio.com\/br\/f1\/noticias\/nao-vejo-chance-busca-felipe-massa-por-titulo-2008-tarefa-judicial-herculea\/\" class=\"ek-link\"><strong>+\u201cN\u00e3o vejo chance\u201d: busca de Massa por t\u00edtulo de 2008 \u00e9 tarefa judicial herc\u00falea<br>+\u201cQuem mais perdeu numa sacanagem fui eu\u201d: Massa reflete sobre 2008 e busca por justi\u00e7a<\/strong><\/a><\/p>\n\n\n\n<figure class=\"wp-block-image size-large\"><img decoding=\"async\" src=\"https:\/\/www.grandepremio.com\/br\/wp-content\/uploads\/2023\/09\/GPF1-4-1024x576.jpg\" alt=\"\" class=\"wp-image-731956\"\/><figcaption class=\"wp-element-caption\">Nelsinho Piquet bateu no maior esc\u00e2ndalo da hist\u00f3ria da F1 (Foto: Reprodu\u00e7\u00e3o\/F1)<\/figcaption><\/figure>\n\n\n\n<p class=\"wp-block-paragraph\">&#8220;Entendo que houve uma manipula\u00e7\u00e3o, e isso \u00e9 p\u00fablico e not\u00f3rio. E eu, como presidente da CBA e amigo de Felipe, estou junto com ele. \u00c9 dif\u00edcil? \u00c9 dif\u00edcil. Mas se ele \u00e9 um piloto brasileiro e est\u00e1 filiado \u00e0 confedera\u00e7\u00e3o, \u00e9 claro que vou apoi\u00e1-lo e torcer para que as provas sejam consistentes a ponto de virar&#8221;, completou em entrevista ao <strong>GP<\/strong>.<\/p>\n\n\n\n<p class=\"wp-block-paragraph\">Ao ser questionado sobre o que poderia fazer no \u00e2mbito da entidade que rege o esporte no Brasil, Guerra falou sobre a liga\u00e7\u00e3o com a<strong> FIA<\/strong> (<strong>Federa\u00e7\u00e3o Internacional de Automobilismo<\/strong>) \u2014 entidade superior e na qual a CBA est\u00e1 filiada \u2014 e se colocou \u00e0 disposi\u00e7\u00e3o para uma conversa, apenas do &#8220;lado esportivo&#8221;.<\/p>\n\n\n\n<p class=\"wp-block-paragraph\">&#8220;O que eu posso fazer, em tese, dentro do meu limite \u00e9: atuar na esfera da FIA. Penso que n\u00e3o seria oportuno o presidente da CBA tratar desse assunto com a F1 ou com a FOM, apesar do nosso bom relacionamento. O que tenho feito, evidentemente, \u00e9 manter contato com a minha entidade superiora, que \u00e9 a FIA. S\u00f3 que a posi\u00e7\u00e3o da FIA agora \u00e9 uma inc\u00f3gnita. Eu tamb\u00e9m n\u00e3o sei. N\u00e3o h\u00e1 como saber o que est\u00e1 sendo feito. Mas o que posso dizer \u2014 e foi o que disse ao Felipe \u2014 \u00e9 que estou ao lado dele do ponto de vista desportivo, sem qualquer participa\u00e7\u00e3o em quest\u00f5es pol\u00edticas e econ\u00f4micas.&#8221;<\/p>\n\n\n\n<p class=\"wp-block-paragraph\">&#8220;Eu sou uma pessoa de conversa, de consenso. Acredito que tudo pode ser resolvido com conversa. Eu n\u00e3o quero trabalhar para tirar t\u00edtulo de ningu\u00e9m, mas eu, Giovanni Guerra, gostaria de conversar entre as partes. A princ\u00edpio, eu estou disposto a ajudar o Felipe a conversar. E seria uma conversa apenas com a FIA. O que posso falar sobre a FIA hoje \u00e9 que n\u00e3o h\u00e1 nada contra e nem a favor do Felipe Massa. O presidente est\u00e1 esperando ver o que vai acontecer. Mas evidente que, se eu tivesse acesso a isso, gostaria de ter uma conversa desportiva&#8221;, completou o presidente da CBA. <\/p>\n\n\n\n<p class=\"wp-block-paragraph\"><strong>LEIA MAIS<\/strong><br><strong><a href=\"https:\/\/www.grandepremio.com\/br\/f1\/noticias\/na-garagem-nelsinho-piquet-bate-singapura-maior-escandalo-historia-f1\/\" class=\"ek-link\">+Piquet provoca acidente no GP de Singapura em maior esc\u00e2ndalo da hist\u00f3ria da F\u00f3rmula 1<\/a><br><a href=\"https:\/\/www.grandepremio.com\/br\/f1\/noticias\/da-declaracao-de-bernie-ecclestone-ao-movimento-por-justica-tudo-sobre-o-caso-felipe-massa-2008\/\" class=\"ek-link\">+Da declara\u00e7\u00e3o de Ecclestone ao movimento por justi\u00e7a: a hist\u00f3ria por tr\u00e1s do caso Massa<\/a><\/strong><\/p>\n\n\n\n<figure class=\"wp-block-image size-large\"><img decoding=\"async\" src=\"https:\/\/www.grandepremio.com\/br\/wp-content\/uploads\/2023\/08\/unnamed-2-1024x730.jpg\" alt=\"\" class=\"wp-image-714527\"\/><figcaption class=\"wp-element-caption\">Mohammed Ben Sulayem, presidente da FIA, ao lado de Giovanni Guerra, presidente da CBA (Foto: Luca Bassani)<\/figcaption><\/figure>\n\n\n\n<p class=\"wp-block-paragraph\">Por fim, Guerra esclareceu tamb\u00e9m que &#8220;neste momento, estamos deixando as coisas acontecerem, para avaliar de que forma eu vou conseguir ajudar. A CBA precisa entender o que, de fato, pode fazer para ajudar o Felipe, do lado desportivo&#8221;.<\/p>\n\n\n\n<p class=\"wp-block-paragraph\">O <strong>GRANDE PR\u00caMIO <\/strong>questionou a FIA sobre o caso de Massa, mas a entidade &#8220;n\u00e3o tinha uma resposta oficial&#8221; no momento que&nbsp;foi&nbsp;procurada.<\/p>\n\n\n\n<p class=\"wp-block-paragraph\"><strong>\u25b6\ufe0f&nbsp;Inscreva-se nos dois canais do GRANDE PR\u00caMIO no YouTube:&nbsp;<a href=\"https:\/\/www.youtube.com\/channel\/UC9OlHEgxoaY6QY6nWPoiqQg?sub_confirmation=1\" target=\"_blank\" rel=\"noreferrer noopener\">GP<\/a>&nbsp;|&nbsp;<a href=\"https:\/\/www.youtube.com\/channel\/UC9csiS6q_C3C0FYhyr1rnFA?sub_confirmation=1\" target=\"_blank\" rel=\"noreferrer noopener\">GP2<\/a><\/strong><br><strong>\u25b6\ufe0f&nbsp;<a href=\"https:\/\/www.twitch.tv\/grandepremio\" target=\"_blank\" rel=\"noreferrer noopener\">Conhe\u00e7a o canal do GRANDE PR\u00caMIO na Twitch clicando aqui!<\/a><\/strong><\/p>\n\n\n\n<p class=\"wp-block-paragraph\"><strong>Confira o comunicado da CBA sobre&nbsp;o&nbsp;caso&nbsp;Massa:<\/strong><\/p>\n\n\n\n<p class=\"wp-block-paragraph\"><em>&#8220;Por princ\u00edpio, tendo em vista que a raz\u00e3o de sua exist\u00eancia \u00e9 o Piloto Brasileiro, \u00e9 dever da Confedera\u00e7\u00e3o Brasileira de Automobilismo (CBA) apoiar incondicionalmente e dar suporte institucional a todo pleito dirigido \u00e0 FIA por seus filiados e, neste caso, h\u00e1 uma motiva\u00e7\u00e3o adicional de car\u00e1ter pessoal [do presidente] em contribuir desportivamente com Felipe Massa&#8221;.<\/em><\/p>\n\n\n\n<p class=\"wp-block-paragraph\"><em>&#8220;Neste sentido, o presidente j\u00e1 manifestou seu apoio no \u00e2mbito da FIA &#8211; e junto ao pr\u00f3prio piloto &#8211; exclusivamente na esfera esportiva. Frise-se &#8216;esportiva&#8217; porque a CBA e seu presidente n\u00e3o t\u00eam qualquer envolvimento, interesse e benef\u00edcios em eventuais pleitos econ\u00f4micos, pol\u00edticos e judiciais&#8221;.<\/em><\/p>\n\n\n\n<p class=\"wp-block-paragraph\"><em>&#8220;O presidente da CBA considera leg\u00edtimo e pertinente o pleito do ex-piloto da Ferrari e, como esportista, o dirigente entende ser o brasileiro o verdadeiro campe\u00e3o mundial de F\u00f3rmula 1 de 2008&#8221;.<\/em><\/p>\n\n\n\n<p class=\"wp-block-paragraph\"><em>&#8220;Destaca, por\u00e9m, que tal posicionamento de forma alguma desmerece o piloto Lewis Hamilton, que exerceu sua atividade de forma competente e longe dos acontecimentos que geraram a discuss\u00e3o que ora se apresenta&#8221;.<\/em><\/p>\n\n\n\n<p class=\"wp-block-paragraph\"><em>&#8220;Apesar de Felipe Massa j\u00e1 ocupar um honroso lugar no p\u00f3dio dos grandes \u00eddolos brasileiros no automobilismo internacional, a hip\u00f3tese de ser considerado oficialmente o campe\u00e3o mundial de 2008 representaria um est\u00edmulo adicional \u00e0s novas gera\u00e7\u00f5es de pilotos brasileiros que est\u00e3o sendo formadas no kartismo e nas categorias-escola de monopostos, notadamente a F\u00f3rmula 4 e, complementarmente, seria auspiciosa manifesta\u00e7\u00e3o de justi\u00e7a&#8221;.<\/em><\/p>\n\n\n\n<p class=\"wp-block-paragraph\"><em>&#8220;Para al\u00e9m do campo esportivo e de cidadania, essa corre\u00e7\u00e3o hist\u00f3rica, mesmo que tardia, representaria outro motivo de honra para a Gest\u00e3o Giovanni Guerra, eleita em 15 de janeiro de 2021, uma vez que, de l\u00e1 para c\u00e1, j\u00e1 pudemos comemorar os t\u00edtulos mundiais de Kart (Matheus Morgatto), F\u00f3rmula 2 (Felipe Drugovich) e F\u00f3rmula 3 (Gabriel&nbsp;Bortoleto)<\/em>.<em>&#8220;<\/em><\/p>\n","protected":false},"excerpt":{"rendered":"<p>Na semana em que o esc\u00e2ndalo do GP de Singapura completa 15 anos, o GRANDE PR\u00caMIO ouviu tamb\u00e9m a posi\u00e7\u00e3o da CBA sobre o caso de Felipe Massa, que busca o reconhecimento do t\u00edtulo, depois que Bernie Ecclestone revelou que j\u00e1 sabia da manipula\u00e7\u00e3o da corrida asi\u00e1tica ainda em 2008. A entidade nacional garantiu o apoio &#8220;na esfera da FIA&#8221; ao brasileiro<\/p>\n","protected":false},"author":0,"featured_media":1000466902,"comment_status":"closed","ping_status":"closed","sticky":false,"template":"","format":"standard","meta":{"42wp_featured_image_caption":"","42wp_featured_image_credits":"","42wp_featured_video":"","42wp_featured_image_hidden":false,"42wp_authors_list":[],"footnotes":""},"categories":[2],"tags":[621,4746,2226,6533,642,504,176,885,30722,1491,26123,30103,28285,1186,1316,32087,717,229,8258],"42wp_author":[47115],"class_list":["post-98777","post","type-post","status-publish","format-standard","has-post-thumbnail","hentry","category-f1","tag-cba","tag-crashgate","tag-f1-2008","tag-f1-2023","tag-f1-ao-vivo","tag-felipe-massa","tag-fernando-alonso","tag-flavio-briatore","tag-formula-1-2023","tag-grande-premio","tag-grande-premio-ao-vivo","tag-grande-premio-f1","tag-grandepremio","tag-nelsinho-piquet","tag-nelson-piquet","tag-onde-assistir","tag-pat-symonds","tag-renault","tag-singapuragate","42wp_author-evelyn-guimaraes"],"_links":{"self":[{"href":"https:\/\/grandepremio.com\/br\/wp-json\/wp\/v2\/posts\/98777","targetHints":{"allow":["GET"]}}],"collection":[{"href":"https:\/\/grandepremio.com\/br\/wp-json\/wp\/v2\/posts"}],"about":[{"href":"https:\/\/grandepremio.com\/br\/wp-json\/wp\/v2\/types\/post"}],"replies":[{"embeddable":true,"href":"https:\/\/grandepremio.com\/br\/wp-json\/wp\/v2\/comments?post=98777"}],"version-history":[{"count":0,"href":"https:\/\/grandepremio.com\/br\/wp-json\/wp\/v2\/posts\/98777\/revisions"}],"wp:featuredmedia":[{"embeddable":true,"href":"https:\/\/grandepremio.com\/br\/wp-json\/wp\/v2\/media\/1000466902"}],"wp:attachment":[{"href":"https:\/\/grandepremio.com\/br\/wp-json\/wp\/v2\/media?parent=98777"}],"wp:term":[{"taxonomy":"category","embeddable":true,"href":"https:\/\/grandepremio.com\/br\/wp-json\/wp\/v2\/categories?post=98777"},{"taxonomy":"post_tag","embeddable":true,"href":"https:\/\/grandepremio.com\/br\/wp-json\/wp\/v2\/tags?post=98777"},{"taxonomy":"42wp_author","embeddable":true,"href":"https:\/\/grandepremio.com\/br\/wp-json\/wp\/v2\/42wp_author?post=98777"}],"curies":[{"name":"wp","href":"https:\/\/api.w.org\/{rel}","templated":true}]}}