{"id":98801,"date":"2023-09-28T09:04:18","date_gmt":"2023-09-28T12:04:18","guid":{"rendered":"https:\/\/grandepremio.com\/br\/noticias\/fabio-quartararo-guarda-sigilo-reuniao-pede-yamaha-correr-muito-mais-riscos\/"},"modified":"2023-09-28T09:10:23","modified_gmt":"2023-09-28T12:10:23","slug":"fabio-quartararo-guarda-sigilo-reuniao-pede-yamaha-correr-muito-mais-riscos","status":"publish","type":"post","link":"https:\/\/grandepremio.com\/br\/motogp\/fabio-quartararo-guarda-sigilo-reuniao-pede-yamaha-correr-muito-mais-riscos\/","title":{"rendered":"Quartararo guarda sigilo de reuni\u00e3o, mas pede para Yamaha \u201ccorrer muito mais riscos\u201d"},"content":{"rendered":"\n<p class=\"wp-block-paragraph\"><strong>Fabio Quartararo<\/strong> pediu para a Yamaha \u201ccorrer muito mais riscos\u201d. O franc\u00eas confirmou que se reuniu com o presidente da <strong>Yamaha <\/strong>na quarta-feira (27), mas considerou que o assunto discutido \u00e9 sigiloso.<\/p>\n\n\n\n<p class=\"wp-block-paragraph\">A Yamaha atravessa um momento dif\u00edcil na <strong>MotoGP<\/strong>. Ainda que Quartararo tenha conseguido o vice-campeonato no ano passado, a <strong>YZR-M1<\/strong> tem perdido terreno em rela\u00e7\u00e3o \u00e0 concorr\u00eancia e <a href=\"https:\/\/www.grandepremio.com\/br\/motogp\/noticias\/francesco-bagnaia-abandona-india-ve-jorge-martin-cortar-distancia-motogp-confira-classificacao\/\" class=\"ek-link\">hoje a marca japonesa ocupa a pen\u00faltima posi\u00e7\u00e3o do <strong>Mundial de Construtores<\/strong><\/a>, s\u00f3 dois pontos \u00e0 frente da <strong>Honda<\/strong>, a \u00faltima colocada.<\/p>\n\n\n\n<figure class=\"wp-block-image size-large\"><img decoding=\"async\" src=\"https:\/\/www.grandepremio.com\/br\/wp-content\/uploads\/2023\/09\/MotoGP-2023-Japao-Motegi-Quinta-Yamaha-Fabio-Quartararo-1024x682.jpg\" alt=\"\" class=\"wp-image-734674\"\/><figcaption class=\"wp-element-caption\">Fabio Quartararo quer mais a\u00e7\u00e3o do lado da Yamaha (Foto: Divulga\u00e7\u00e3o\/MotoGP)<\/figcaption><\/figure>\n\n\n\n<p class=\"wp-block-paragraph\"><strong>\u25b6\ufe0f\u00a0Inscreva-se nos dois canais do GRANDE PR\u00caMIO no YouTube:\u00a0<a href=\"https:\/\/www.youtube.com\/channel\/UC9OlHEgxoaY6QY6nWPoiqQg?sub_confirmation=1\" target=\"_blank\" rel=\"noreferrer noopener\">GP<\/a>\u00a0|\u00a0<a href=\"https:\/\/www.youtube.com\/channel\/UC9csiS6q_C3C0FYhyr1rnFA?sub_confirmation=1\" target=\"_blank\" rel=\"noreferrer noopener\">GP2<\/a><\/strong><br><strong>\u25b6\ufe0f\u00a0<a href=\"https:\/\/www.twitch.tv\/grandepremio\" target=\"_blank\" rel=\"noreferrer noopener\">Conhe\u00e7a o canal do GRANDE PR\u00caMIO na Twitch clicando aqui!<\/a><\/strong><\/p>\n\n\n\n<p class=\"wp-block-paragraph\">Sem vencer desde o GP da <strong>Alemanha <\/strong>do ano passado, Quartararo tem pressionado por melhora, mas ainda n\u00e3o est\u00e1 satisfeito com a evolu\u00e7\u00e3o da moto. Aproveitando a ocasi\u00e3o do GP do <strong>Jap\u00e3o<\/strong>, <strong>\u2018El Diablo\u2019<\/strong> conversou frente a frente com a c\u00fapula da construtora.<\/p>\n\n\n\n<p class=\"wp-block-paragraph\">\u201cEssa \u00e9 a minha conversa todo fim de semana! Tive a chance de conversar ontem com o presidente da Yamaha e com a alta administra\u00e7\u00e3o da engenharia\u201d, disse Quartararo. \u201c\u00c9 muito importante para eles, no futuro, correr muito mais riscos. Para um pr\u00f3ximo ano melhor. Isso \u00e9 importante para 2024\u201d, defendeu.<\/p>\n\n\n\n<p class=\"wp-block-paragraph\">\u201cO que n\u00f3s conversamos \u00e9 confidencial\u201d, falou. \u201cTivemos uma reuni\u00e3o realmente boa, mas s\u00e3o s\u00f3 palavras. Agora, \u00e9 hora de rea\u00e7\u00e3o. A maneira como me sinto na moto \u00e9 o mais importante. Precisamos sentir a melhora e ser mais r\u00e1pido\u201d, encerrou.<\/p>\n\n\n\n<p class=\"wp-block-paragraph\">A\u00a0<strong><a href=\"https:\/\/grandepremio.com\/motovelocidade\/\" target=\"_blank\" rel=\"noreferrer noopener\"><\/a><a href=\"https:\/\/grandepremio.com\/motovelocidade\/\" target=\"_blank\" rel=\"noreferrer noopener\">MotoGP<\/a>\u00a0<\/strong>2023 retoma as atividades no fim de semana do dia 1\u00ba de outubro, com o<strong>\u00a0GP\u00a0do Jap\u00e3o<\/strong>, a ser disputado em\u00a0<strong><a href=\"https:\/\/www.grandepremio.com\/br\/circuito\/motegi\/\" target=\"_blank\" rel=\"noreferrer noopener\">Motegi<\/a><\/strong>. O\u00a0<strong>GRANDE PR\u00caMIO\u00a0<\/strong>faz a cobertura completa do evento, assim como das outras classes do\u00a0<strong>Mundial de Motovelocidade<\/strong>.<a href=\"https:\/\/cres.ws\/motogp\"><\/a><\/p>\n\n\n\n<figure class=\"wp-block-embed is-type-video is-provider-youtube wp-block-embed-youtube wp-embed-aspect-16-9 wp-has-aspect-ratio\"><div class=\"wp-block-embed__wrapper\">\n<iframe loading=\"lazy\" title=\"GP da \u00cdndia estreia e P\u00d5E FOGO na temporada 2023 da MOTOGP | GP \u00e0s 10\" width=\"500\" height=\"281\" src=\"https:\/\/www.youtube.com\/embed\/AGEJBoXMWLY?feature=oembed\" frameborder=\"0\" allow=\"accelerometer; autoplay; clipboard-write; encrypted-media; gyroscope; picture-in-picture; web-share\" referrerpolicy=\"strict-origin-when-cross-origin\" allowfullscreen><\/iframe>\n<\/div><figcaption class=\"wp-element-caption\">GP da \u00cdndia estreia e p\u00f5e fogo na temporada 2023 da MotoGP<\/figcaption><\/figure>\n","protected":false},"excerpt":{"rendered":"<p>Fabio Quartararo assumiu que teve uma reuni\u00e3o com o presidente da Yamaha na quarta-feira, mas manteve sigilo do assunto conversado. O franc\u00eas defendeu, por\u00e9m, que a casa de Iwata precisa correr mais riscos<\/p>\n","protected":false},"author":0,"featured_media":1000732544,"comment_status":"closed","ping_status":"closed","sticky":false,"template":"","format":"standard","meta":{"42wp_featured_image_caption":"","42wp_featured_image_credits":"","42wp_featured_video":"","42wp_featured_image_hidden":false,"42wp_authors_list":[],"footnotes":""},"categories":[8],"tags":[5214,110,28285,24855,2869,79,78,27538,33202,33200,33201,25819,29345,28766,33203,26690,172],"42wp_author":[47113],"class_list":["post-98801","post","type-post","status-publish","format-standard","has-post-thumbnail","hentry","category-motogp","tag-classificacao-motogp","tag-fabio-quartararo","tag-grandepremio","tag-japao","tag-motegi","tag-moto-gp","tag-motogp","tag-motogp-2023","tag-motogp-2023-calendario","tag-motogp-calendario-2023","tag-motogp-classificacao-2023","tag-motogp-hoje","tag-motogp-horario","tag-motogp-standings","tag-onde-assistir-motogp-2023","tag-pilotos-motogp","tag-yamaha","42wp_author-juliana-tesser"],"_links":{"self":[{"href":"https:\/\/grandepremio.com\/br\/wp-json\/wp\/v2\/posts\/98801","targetHints":{"allow":["GET"]}}],"collection":[{"href":"https:\/\/grandepremio.com\/br\/wp-json\/wp\/v2\/posts"}],"about":[{"href":"https:\/\/grandepremio.com\/br\/wp-json\/wp\/v2\/types\/post"}],"replies":[{"embeddable":true,"href":"https:\/\/grandepremio.com\/br\/wp-json\/wp\/v2\/comments?post=98801"}],"version-history":[{"count":0,"href":"https:\/\/grandepremio.com\/br\/wp-json\/wp\/v2\/posts\/98801\/revisions"}],"wp:featuredmedia":[{"embeddable":true,"href":"https:\/\/grandepremio.com\/br\/wp-json\/wp\/v2\/media\/1000732544"}],"wp:attachment":[{"href":"https:\/\/grandepremio.com\/br\/wp-json\/wp\/v2\/media?parent=98801"}],"wp:term":[{"taxonomy":"category","embeddable":true,"href":"https:\/\/grandepremio.com\/br\/wp-json\/wp\/v2\/categories?post=98801"},{"taxonomy":"post_tag","embeddable":true,"href":"https:\/\/grandepremio.com\/br\/wp-json\/wp\/v2\/tags?post=98801"},{"taxonomy":"42wp_author","embeddable":true,"href":"https:\/\/grandepremio.com\/br\/wp-json\/wp\/v2\/42wp_author?post=98801"}],"curies":[{"name":"wp","href":"https:\/\/api.w.org\/{rel}","templated":true}]}}