{"id":98833,"date":"2023-09-27T08:22:50","date_gmt":"2023-09-27T11:22:50","guid":{"rendered":"https:\/\/grandepremio.com\/br\/noticias\/maserati-anuncia-jehan-daruvala-dupla-maximilian-gunther-formula-e-2023-24\/"},"modified":"2023-10-16T09:46:19","modified_gmt":"2023-10-16T12:46:19","slug":"maserati-anuncia-jehan-daruvala-dupla-maximilian-gunther-formula-e-2023-24","status":"publish","type":"post","link":"https:\/\/grandepremio.com\/br\/formula-e\/maserati-anuncia-jehan-daruvala-dupla-maximilian-gunther-formula-e-2023-24\/","title":{"rendered":"Maserati anuncia Daruvala e forma dupla com G\u00fcnther para F\u00f3rmula E 2023\/24"},"content":{"rendered":"\n<p class=\"wp-block-paragraph\">Depois de muita especula\u00e7\u00e3o sobre a dupla da equipe para 2024, a <strong>Maserati <\/strong>confirmou a contrata\u00e7\u00e3o do indiano <strong>Jehan Daruvala<\/strong>, ex-F\u00f3rmula 2, para dividir a garagem com o alem\u00e3o <strong>Maximilian G\u00fcnther <\/strong>a partir do ano que vem. A escuderia, que teve <strong>Felipe<\/strong> <strong>Drugovich<\/strong> como titular nos dois testes de novatos realizados pela <strong>F\u00f3rmula E<\/strong> este ano, optou pela chegada do indiano logo ap\u00f3s a rescis\u00e3o com <strong>Edoardo<\/strong> <strong>Mortara<\/strong>, que foi para a <strong>Mahindra<\/strong>.<\/p>\n\n\n\n<p class=\"wp-block-paragraph\">Daruvala era, inclusive, o sonho de consumo da Mahindra na F\u00f3rmula E. No entanto, a falta de competitividade do conjunto indiano dificultou as negocia\u00e7\u00f5es, e um acordo com a Maserati come\u00e7ou a ser costurado em meio \u00e0 indefini\u00e7\u00e3o do futuro de Drugovich.<\/p>\n\n\n\n<p class=\"wp-block-paragraph\"><strong>\u25b6\ufe0f&nbsp;<a href=\"https:\/\/www.twitch.tv\/grandepremio\" target=\"_blank\" rel=\"noreferrer noopener\">Conhe\u00e7a o canal do GRANDE PR\u00caMIO na Twitch clicando aqui!<\/a><\/strong><\/p>\n\n\n\n<figure class=\"wp-block-image size-large\"><img decoding=\"async\" src=\"https:\/\/www.grandepremio.com\/br\/wp-content\/uploads\/2023\/06\/EPS911_161953SB3_7073-2048x2048-1-1024x683.jpg\" alt=\"\" class=\"wp-image-691845\"\/><figcaption class=\"wp-element-caption\">G\u00fcnther venceu a primeira da Maserati em Jacarta (Foto: F\u00f3rmula E)<\/figcaption><\/figure>\n\n\n\n<p class=\"wp-block-paragraph\"><strong>\u25b6\ufe0f&nbsp;Inscreva-se nos dois canais do GRANDE PR\u00caMIO no YouTube:&nbsp;<a href=\"https:\/\/www.youtube.com\/channel\/UC9OlHEgxoaY6QY6nWPoiqQg?sub_confirmation=1\" target=\"_blank\" rel=\"noreferrer noopener\">GP<\/a>&nbsp;|&nbsp;<a href=\"https:\/\/www.youtube.com\/channel\/UC9csiS6q_C3C0FYhyr1rnFA?sub_confirmation=1\" target=\"_blank\" rel=\"noreferrer noopener\">GP2<\/a><\/strong><\/p>\n\n\n\n<p class=\"wp-block-paragraph\">Assim, a equipe italiana fecha com o ex-reserva do time indiano, enquanto a Mahindra recebe o ex-Maserati a partir da pr\u00f3xima temporada \u2014 <a href=\"https:\/\/www.grandepremio.com\/br\/formula-e\/noticias\/mahindra-fecha-dupla-nyck-de-vries-edoardo-mortara-temporada-2023-24-formula-e\/\" target=\"_blank\" aria-label=\"em dupla j\u00e1 confirmada oficialmente (opens in a new tab)\" rel=\"noreferrer noopener\" class=\"ek-link\">em dupla j\u00e1 confirmada oficialmente<\/a> com <strong>Nyck de<\/strong> <strong>Vries<\/strong>.<\/p>\n\n\n\n<p class=\"wp-block-paragraph\">Ser\u00e1 a primeira oportunidade de Daruvala na F\u00f3rmula E, com exce\u00e7\u00e3o dos testes de novatos de <strong>Berlim <\/strong>e <strong>Roma<\/strong>. Na capital italiana, por\u00e9m, o piloto nem conseguiu ir \u00e0 pista ap\u00f3s um problema encontrado no carro indiano.<\/p>\n\n\n\n<p class=\"wp-block-paragraph\">Em 2023, o novo titular da Maserati disputa sua quarta temporada na F\u00f3rmula 2, com tr\u00eas p\u00f3dios conquistados at\u00e9 o momento \u2014 a categoria encerra o ano com apenas mais uma corrida, em <strong>Abu Dhabi<\/strong>, no fim de semana do dia 26 de novembro.<\/p>\n\n\n\n<p class=\"wp-block-paragraph\">G\u00fcnther, por sua vez, entra em 2024 cheio de moral ap\u00f3s uma temporada surpreendentemente forte em 2022\/23. Dono de <strong>quatro<\/strong> p\u00f3dios, <strong>duas<\/strong> poles e a primeira vit\u00f3ria da Maserati em monopostos desde <strong>Juan<\/strong> <strong>Manuel<\/strong> <strong>Fangio<\/strong>, na d\u00e9cada de 1950, o alem\u00e3o se tornou o &#8216;dono&#8217; do time e desbancou at\u00e9 Mortara, que estava na equipe h\u00e1 6 anos \u2014 desde a \u00e9poca de Venturi.<\/p>\n\n\n\n<p class=\"wp-block-paragraph\">A\u00a0<a href=\"https:\/\/www.grandepremio.com\/br\/formula-e\/\" target=\"_blank\" rel=\"noreferrer noopener\"><\/a><a href=\"https:\/\/www.grandepremio.com\/br\/formula-e\/\" target=\"_blank\" rel=\"noreferrer noopener\">F\u00f3rmula E<\/a>\u00a0retorna oficialmente no dia\u00a0<strong>13 de janeiro<\/strong>, com a abertura da temporada, na\u00a0<strong>Cidade<\/strong>\u00a0<strong>do\u00a0<a href=\"https:\/\/es.grandepremio.com\/\" target=\"_blank\" rel=\"noreferrer noopener\">M\u00e9xico<\/a><\/strong>. Antes disso, por\u00e9m,\u00a0<a href=\"https:\/\/www.grandepremio.com\/br\/formula-e\/noticias\/formula-e-confirma-pre-temporada-quatro-dias-valencia-outubro\/\" target=\"_blank\" rel=\"noreferrer noopener\">a categoria realiza sua pr\u00e9-temporada<\/a>, em\u00a0<strong><a href=\"https:\/\/es.grandepremio.com\/\" target=\"_blank\" rel=\"noreferrer noopener\">Val\u00eancia<\/a><\/strong>, entre os dias\u00a0<strong>23\u00a0<\/strong>e\u00a0<strong>27 de outubro<\/strong>.<\/p>\n\n\n\n<figure class=\"wp-block-embed is-type-video is-provider-youtube wp-block-embed-youtube wp-embed-aspect-16-9 wp-has-aspect-ratio\"><div class=\"wp-block-embed__wrapper\">\n<iframe loading=\"lazy\" title=\"Por que SARGEANT N\u00c3O MERECE continuar na F1 2024? GP do JAP\u00c3O deixa claro | GP \u00e0s 10\" width=\"500\" height=\"281\" src=\"https:\/\/www.youtube.com\/embed\/yf8gcKqFgLc?feature=oembed\" frameborder=\"0\" allow=\"accelerometer; autoplay; clipboard-write; encrypted-media; gyroscope; picture-in-picture; web-share\" referrerpolicy=\"strict-origin-when-cross-origin\" allowfullscreen><\/iframe>\n<\/div><\/figure>\n","protected":false},"excerpt":{"rendered":"<p>A Maserati confirmou que ter\u00e1 Jehan Daruvala e Maximilian G\u00fcnther como titulares da F\u00f3rmula E a partir da temporada 2023\/24<\/p>\n","protected":false},"author":0,"featured_media":1000734361,"comment_status":"closed","ping_status":"closed","sticky":false,"template":"","format":"standard","meta":{"42wp_featured_image_caption":"","42wp_featured_image_credits":"","42wp_featured_video":"","42wp_featured_image_hidden":false,"42wp_authors_list":[],"footnotes":""},"categories":[19],"tags":[28679,6853,19052,31184,379,30779,840,31435,1601,1491,30103,28285,2971,8870,912],"42wp_author":[47142],"class_list":["post-98833","post","type-post","status-publish","format-standard","has-post-thumbnail","hentry","category-formula-e","tag-calendario-formula-e","tag-classificacao-formula-e","tag-ep-de-londres","tag-excel-arena","tag-fe","tag-fe-2023","tag-formula-e","tag-formula-e-2023","tag-gen3","tag-grande-premio","tag-grande-premio-f1","tag-grandepremio","tag-jehan-daruvala","tag-maserati","tag-maximilian-gunther","42wp_author-jp-nascimento"],"_links":{"self":[{"href":"https:\/\/grandepremio.com\/br\/wp-json\/wp\/v2\/posts\/98833","targetHints":{"allow":["GET"]}}],"collection":[{"href":"https:\/\/grandepremio.com\/br\/wp-json\/wp\/v2\/posts"}],"about":[{"href":"https:\/\/grandepremio.com\/br\/wp-json\/wp\/v2\/types\/post"}],"replies":[{"embeddable":true,"href":"https:\/\/grandepremio.com\/br\/wp-json\/wp\/v2\/comments?post=98833"}],"version-history":[{"count":0,"href":"https:\/\/grandepremio.com\/br\/wp-json\/wp\/v2\/posts\/98833\/revisions"}],"wp:featuredmedia":[{"embeddable":true,"href":"https:\/\/grandepremio.com\/br\/wp-json\/wp\/v2\/media\/1000734361"}],"wp:attachment":[{"href":"https:\/\/grandepremio.com\/br\/wp-json\/wp\/v2\/media?parent=98833"}],"wp:term":[{"taxonomy":"category","embeddable":true,"href":"https:\/\/grandepremio.com\/br\/wp-json\/wp\/v2\/categories?post=98833"},{"taxonomy":"post_tag","embeddable":true,"href":"https:\/\/grandepremio.com\/br\/wp-json\/wp\/v2\/tags?post=98833"},{"taxonomy":"42wp_author","embeddable":true,"href":"https:\/\/grandepremio.com\/br\/wp-json\/wp\/v2\/42wp_author?post=98833"}],"curies":[{"name":"wp","href":"https:\/\/api.w.org\/{rel}","templated":true}]}}