{"id":98849,"date":"2023-09-26T11:20:12","date_gmt":"2023-09-26T14:20:12","guid":{"rendered":"https:\/\/grandepremio.com\/br\/noticias\/alpine-afasta-problema-diz-pierre-gasly-esteban-ocon-pagos-resultados-coletivos\/"},"modified":"2023-09-26T11:28:35","modified_gmt":"2023-09-26T14:28:35","slug":"alpine-afasta-problema-diz-pierre-gasly-esteban-ocon-pagos-resultados-coletivos","status":"publish","type":"post","link":"https:\/\/grandepremio.com\/br\/f1\/alpine-afasta-problema-diz-pierre-gasly-esteban-ocon-pagos-resultados-coletivos\/","title":{"rendered":"Alpine afasta problema, mas diz que Gasly e Ocon &#8220;s\u00e3o pagos para resultados coletivos&#8221;"},"content":{"rendered":"\n<p class=\"wp-block-paragraph\">A <strong>Alpine <\/strong>se pronunciou ap\u00f3s a explos\u00e3o de raiva de <strong>Pierre Gasly<\/strong> ao ter de devolver posi\u00e7\u00e3o para <strong>Esteban Ocon<\/strong> antes da linha de chegada do <strong>GP do Jap\u00e3o<\/strong>. O chefe interino da equipe, <strong>Bruno Famin<\/strong>, tratou de apagar o fogo, assumindo que o estresse da corrida gera &#8220;declara\u00e7\u00f5es um pouco fortes&#8221;, mas frisou que os dois &#8220;s\u00e3o pagos para terem os melhores resultados coletivos&#8221;.<\/p>\n\n\n\n<p class=\"wp-block-paragraph\">Perto das voltas finais da corrida em <strong>Suzuka<\/strong>, Ocon foi instru\u00eddo a deixar Gasly passar para que o #10 tentasse ganhar a posi\u00e7\u00e3o de <strong>Fernando Alonso<\/strong>, \u00e0 frente. Como n\u00e3o teve sucesso, ouviu do time que era para devolver o posto ao carro #31.<\/p>\n\n\n\n<p class=\"wp-block-paragraph\"><strong>\u25b6\ufe0f\u00a0Inscreva-se nos dois canais do GRANDE PR\u00caMIO no YouTube:\u00a0<a href=\"https:\/\/www.youtube.com\/channel\/UC9OlHEgxoaY6QY6nWPoiqQg?sub_confirmation=1\" target=\"_blank\" rel=\"noreferrer noopener\">GP<\/a>\u00a0|\u00a0<a href=\"https:\/\/www.youtube.com\/channel\/UC9csiS6q_C3C0FYhyr1rnFA?sub_confirmation=1\" target=\"_blank\" rel=\"noreferrer noopener\">GP2<\/a><\/strong><br><strong>\u25b6\ufe0f\u00a0<a href=\"https:\/\/www.twitch.tv\/grandepremio\" target=\"_blank\" rel=\"noreferrer noopener\">Conhe\u00e7a o canal do GRANDE PR\u00caMIO na Twitch clicando aqui!<\/a><\/strong><\/p>\n\n\n\n<figure class=\"wp-block-video\"><video class=\"video-js vjs-big-play-centered\" data-gp-vjs=\"1\" controls poster=\"https:\/\/www.grandepremio.com\/br\/wp-content\/uploads\/2023\/09\/Gasly-se-enfurece-ao-ceder-posicao-para-Ocon-poster.jpeg\" src=\"https:\/\/www.grandepremio.com\/br\/wp-content\/uploads\/2023\/09\/Gasly-se-enfurece-ao-ceder-posicao-para-Ocon.mp4\"><\/video><figcaption class=\"wp-element-caption\">Pierre Gasly mostrou o dedo do meio ap\u00f3s ser obrigado a ceder a posi\u00e7\u00e3o para Esteban Ocon, companheiro na Alpine (V\u00eddeo: reprodu\u00e7\u00e3o\/F1 TV)<\/figcaption><\/figure>\n\n\n\n<p class=\"wp-block-paragraph\">Gasly assim fez, mas teve um acesso de raiva no carro, com direito a dedo do meio em protesto pela ordem da Alpine. De cara fechada, Pierre ainda foi duro nas entrevistas, <a href=\"https:\/\/www.grandepremio.com\/br\/f1\/noticias\/pierre-gasly-dispara-alpine-inversao-esteban-ocon-japao-nao-foi-discutido\/\" class=\"ek-link\">dizendo que iria &#8220;conversar internamente&#8221;<\/a> com a base em Enstone. <\/p>\n\n\n\n<p class=\"wp-block-paragraph\">Ap\u00f3s a prova, Famin garantiu que &#8220;N\u00e3o h\u00e1 nenhum problema entre os pilotos&#8221;. &#8220;Acho que \u00e9 porque eles lutam para ter os melhores resultados, o que \u00e9 normal, \u00e9 por isso que s\u00e3o pagos. Mas tamb\u00e9m s\u00e3o pagos para terem os melhores resultados coletivos&#8221;, disparou.<\/p>\n\n\n\n<p class=\"wp-block-paragraph\">&#8220;Claro que, com o estresse da corrida, algumas declara\u00e7\u00f5es podem ser um pouco fortes, mas n\u00e3o tenho nenhuma d\u00favida de que os pilotos est\u00e3o alinhados. Para ter o melhor resultado coletivo, deixamos Pierre passar Esteban para ele ter a chance, mesmo que pequena, de tentar ultrapassar Fernando. Isso n\u00e3o foi poss\u00edvel [no final], ent\u00e3o trocar novamente \u00e9 muito normal&#8221;, completou o dirigente.<\/p>\n\n\n\n<p class=\"wp-block-paragraph\">Famin tamb\u00e9m revelou que a conversa cobrada por Gasly aconteceu, mas a quest\u00e3o principal, na vis\u00e3o do chefe interino, \u00e9 entender se houve alguma falha de comunica\u00e7\u00e3o. &#8220;Este \u00e9 o ponto que temos de verificar para sermos totalmente transparentes. N\u00e3o sei quando foi falado, e \u00e9 isso que precisamos esclarecer.&#8221;<\/p>\n\n\n\n<p class=\"wp-block-paragraph\">&#8220;\u00c0s vezes temos problemas de comunica\u00e7\u00e3o porque o sinal [do r\u00e1dio] n\u00e3o \u00e9 t\u00e3o bom&#8221;, continuou Famin. &#8220;Ou \u00e0s vezes, o engenheiro acha que foi claro no que disse, mas talvez o piloto n\u00e3o tenha registrado porque est\u00e1 focado em outra coisa. Precisamos checar se o piloto recebeu bem a informa\u00e7\u00e3o&#8221;, salientou, emendando que a manobra foi feita &#8220;pelo interesse da equipe&#8221;. <\/p>\n\n\n\n<p class=\"wp-block-paragraph\">&#8220;E n\u00e3o tenho d\u00favidas de que ambos concordam com isso. Se for preciso fazer o contr\u00e1rio nas pr\u00f3ximas corridas, eles v\u00e3o fazer. Eles sabem disso e n\u00e3o h\u00e1 tens\u00e3o. \u00c9 a execu\u00e7\u00e3o da corrida&#8221;, enfatizou.<\/p>\n\n\n\n<p class=\"wp-block-paragraph\">Por fim, ao ser questionado sobre o &#8216;desabafo&#8217; p\u00fablico de Gasly, Famin encarou como &#8220;normal&#8221;. &#8220;Eles s\u00e3o lutadores, e est\u00e3o decepcionados logo ap\u00f3s a corrida. Podemos conversar por horas sobre o jeito como ele exp\u00f4s isso. Mas estou convencido de que foi um epifen\u00f4meno&#8221;, encerrou.<\/p>\n\n\n\n<figure class=\"wp-block-embed is-type-video is-provider-youtube wp-block-embed-youtube wp-embed-aspect-16-9 wp-has-aspect-ratio\"><div class=\"wp-block-embed__wrapper\">\n<iframe loading=\"lazy\" title=\"VERSTAPPEN ATROPELA no JAP\u00c3O + Clima TENSO na MERCEDES | Paddock GP #348\" width=\"500\" height=\"281\" src=\"https:\/\/www.youtube.com\/embed\/A9TyAnk1nRY?feature=oembed\" frameborder=\"0\" allow=\"accelerometer; autoplay; clipboard-write; encrypted-media; gyroscope; picture-in-picture; web-share\" referrerpolicy=\"strict-origin-when-cross-origin\" allowfullscreen><\/iframe>\n<\/div><\/figure>\n","protected":false},"excerpt":{"rendered":"<p>O chefe interino da Alpine, Bruno Famin, assumiu que o estresse da corrida &#8220;gera declara\u00e7\u00f5es um pouco fortes&#8221;, mas frisou que os pilotos sabem que o interesse da equipe est\u00e1 acima dos pessoais<\/p>\n","protected":false},"author":0,"featured_media":1000732816,"comment_status":"closed","ping_status":"closed","sticky":false,"template":"","format":"standard","meta":{"42wp_featured_image_caption":"","42wp_featured_image_credits":"","42wp_featured_video":"","42wp_featured_image_hidden":false,"42wp_authors_list":[],"footnotes":""},"categories":[2],"tags":[20491,11858,26271,5273,302,147,6533,180,30722,3023,1491,28285,30840,24855,36566,32659,35129,676,608,36565,32660,31447],"42wp_author":[47147],"class_list":["post-98849","post","type-post","status-publish","format-standard","has-post-thumbnail","hentry","category-f1","tag-alpine","tag-bruno-famin","tag-calendario-f1","tag-classificacao-f1","tag-esteban-ocon","tag-f1","tag-f1-2023","tag-formula-1","tag-formula-1-2023","tag-gp-do-japao","tag-grande-premio","tag-grandepremio","tag-horarios-f1","tag-japao","tag-japao-2023","tag-japao-f1","tag-onde-assistir-f1","tag-pierre-gasly","tag-suzuka","tag-suzuka-2023","tag-suzuka-f1","tag-temporada-2023-f1","42wp_author-luana-marino"],"_links":{"self":[{"href":"https:\/\/grandepremio.com\/br\/wp-json\/wp\/v2\/posts\/98849","targetHints":{"allow":["GET"]}}],"collection":[{"href":"https:\/\/grandepremio.com\/br\/wp-json\/wp\/v2\/posts"}],"about":[{"href":"https:\/\/grandepremio.com\/br\/wp-json\/wp\/v2\/types\/post"}],"replies":[{"embeddable":true,"href":"https:\/\/grandepremio.com\/br\/wp-json\/wp\/v2\/comments?post=98849"}],"version-history":[{"count":0,"href":"https:\/\/grandepremio.com\/br\/wp-json\/wp\/v2\/posts\/98849\/revisions"}],"wp:featuredmedia":[{"embeddable":true,"href":"https:\/\/grandepremio.com\/br\/wp-json\/wp\/v2\/media\/1000732816"}],"wp:attachment":[{"href":"https:\/\/grandepremio.com\/br\/wp-json\/wp\/v2\/media?parent=98849"}],"wp:term":[{"taxonomy":"category","embeddable":true,"href":"https:\/\/grandepremio.com\/br\/wp-json\/wp\/v2\/categories?post=98849"},{"taxonomy":"post_tag","embeddable":true,"href":"https:\/\/grandepremio.com\/br\/wp-json\/wp\/v2\/tags?post=98849"},{"taxonomy":"42wp_author","embeddable":true,"href":"https:\/\/grandepremio.com\/br\/wp-json\/wp\/v2\/42wp_author?post=98849"}],"curies":[{"name":"wp","href":"https:\/\/api.w.org\/{rel}","templated":true}]}}