{"id":98861,"date":"2023-09-26T04:00:00","date_gmt":"2023-09-26T07:00:00","guid":{"rendered":"https:\/\/grandepremio.com\/br\/noticias\/quem-mais-perdeu-sacanagem-eu-felipe-massa-reflete-2008-busca-justica\/"},"modified":"2023-09-26T06:30:36","modified_gmt":"2023-09-26T09:30:36","slug":"quem-mais-perdeu-sacanagem-eu-felipe-massa-reflete-2008-busca-justica","status":"publish","type":"post","link":"https:\/\/grandepremio.com\/br\/f1\/quem-mais-perdeu-sacanagem-eu-felipe-massa-reflete-2008-busca-justica\/","title":{"rendered":"&#8220;Quem mais perdeu numa sacanagem fui eu&#8221;: Massa reflete sobre 2008 e busca por justi\u00e7a"},"content":{"rendered":"\n<p class=\"wp-block-paragraph\">Poucas disputas de t\u00edtulo na <strong>F\u00f3rmula 1<\/strong> foram mais marcantes que a vista na temporada 2008. E quis o destino que o Brasil tivesse novamente um campe\u00e3o da categoria ap\u00f3s 17 anos sendo coroado em seu solo \u2014 bom, pelo menos foi assim naqueles 38s9 que separam a bandeirada que <strong>Felipe Massa<\/strong> recebeu em primeiro da j\u00e1 famosa ultrapassagem de <strong>Lewis Hamilton<\/strong> sobre <strong>Timo Glock <\/strong>na \u00faltima curva de Interlagos e que valeu o quinto lugar necess\u00e1rio para ser o brit\u00e2nico a soltar o grito de campe\u00e3o pela primeira vez na carreira. <\/p>\n\n\n\n<p class=\"wp-block-paragraph\">S\u00f3 que para Massa, o campeonato de 2008 foi decidido, na verdade, em <strong>Singapura<\/strong>, na batida proposital de <strong>Nelsinho Piquet<\/strong> que culminou na vit\u00f3ria de <strong>Fernando Alonso<\/strong>. Foi por esse fato, um dos maiores esc\u00e2ndalos da hist\u00f3ria da F\u00f3rmula 1, que o brasileiro luta hoje para ser reconhecido o verdadeiro campe\u00e3o daquela temporada.<\/p>\n\n\n\n<p class=\"wp-block-paragraph\"><strong>\u25b6\ufe0f&nbsp;Inscreva-se nos dois canais do GRANDE PR\u00caMIO no YouTube:&nbsp;<a href=\"https:\/\/www.youtube.com\/channel\/UC9OlHEgxoaY6QY6nWPoiqQg?sub_confirmation=1\" target=\"_blank\" rel=\"noreferrer noopener\">GP<\/a>&nbsp;|&nbsp;<a href=\"https:\/\/www.youtube.com\/channel\/UC9csiS6q_C3C0FYhyr1rnFA?sub_confirmation=1\" target=\"_blank\" rel=\"noreferrer noopener\">GP2<\/a><\/strong><br><strong>\u25b6\ufe0f&nbsp;<a href=\"https:\/\/www.twitch.tv\/grandepremio\" target=\"_blank\" rel=\"noreferrer noopener\">Conhe\u00e7a o canal do GRANDE PR\u00caMIO na Twitch clicando aqui!<\/a><\/strong><\/p>\n\n\n\n<figure class=\"wp-block-image size-large\"><img decoding=\"async\" src=\"https:\/\/www.grandepremio.com\/br\/wp-content\/uploads\/2023\/09\/20230915_@marcelommm_15425-1024x683.jpg\" alt=\"\" class=\"wp-image-729768\"\/><figcaption class=\"wp-element-caption\">Felipe Massa s\u00f3 quer uma coisa: justi\u00e7a por 2008 (Foto: Marcelo Machado de Melo)<\/figcaption><\/figure>\n\n\n\n<p class=\"wp-block-paragraph\">Felipe resume sua causa, antes de mais nada, a uma \u00fanica palavra: &#8220;Justi\u00e7a&#8221;. N\u00e3o que o &#8216;<strong>Singapuragate<\/strong>&#8216; \u2014 ou &#8216;<strong>crashgate<\/strong>&#8216;, como \u00e9 mais conhecido internacionalmente \u2014 tenha sido de conhecimento apenas agora, em 2023. O pr\u00f3prio Massa deixa claro que &#8220;n\u00e3o acordei depois de 15 anos e pensei: \u2018Ah, acho que a corrida n\u00e3o foi certa'&#8221;, como disse com exclusividade ao <strong>GRANDE PR\u00caMIO<\/strong>, durante a etapa da <strong>Stock Car<\/strong>, em Interlagos. A <a href=\"https:\/\/www.grandepremio.com\/br\/f1\/noticias\/felipe-massa-reage-fala-bernie-ecclestone-estuda-acao-titulo-2008-quero-justica\/\" class=\"ek-link\">inten\u00e7\u00e3o de buscar o reconhecimento daquele campeonato se deu por conta da declara\u00e7\u00e3o feita <\/a>por <strong>Bernie Ecclestone<\/strong>. Ao portal alem\u00e3o F1-Insider, o ex-chef\u00e3o da categoria foi enf\u00e1tico: sabia junto com o ex-presidente da <strong>Federa\u00e7\u00e3o Internacional de Automobilismo<\/strong> (<strong>FIA<\/strong>), <strong>Max Mosley<\/strong>, do que havia acontecido em<strong> Marina Bay <\/strong>ainda em 2008, com o campeonato em andamento. A decis\u00e3o, por\u00e9m, foi &#8220;n\u00e3o fazer nada&#8221;, pois havia algo mais importante, na vis\u00e3o dos ent\u00e3o mandat\u00e1rios: a reputa\u00e7\u00e3o da F1.<\/p>\n\n\n\n<p class=\"wp-block-paragraph\"><em><strong>&#8220;Nunca imaginei que teria sido algo manipulado&#8221;<\/strong><\/em><\/p>\n\n\n\n<p class=\"wp-block-paragraph\">Ecclestone ainda foi al\u00e9m, dizendo que &#8220;tinha informa\u00e7\u00f5es suficientes a tempo de investigar o caso&#8221;, e encerrou declarando que &#8220;<strong>Michael Schumacher<\/strong> \u00e9 o \u00fanico recordista mundial&#8221;, pois Massa era quem &#8220;deveria ter sido campe\u00e3o, e n\u00e3o Hamilton&#8221;.<\/p>\n\n\n\n<p class=\"wp-block-paragraph\">O brasileiro era o l\u00edder em Singapura antes do acidente na volta 14 e o safety-car que mudou a corrida. &#8220;Logicamente \u00e9 uma corrida minha, larguei na pole, 0s6 \u00e0 frente do segundo, corrida praticamente ali no bolso e, de repente, acontece tudo aquilo&#8221;, disse ao <strong>GP<\/strong>. &#8220;Foi muito estranho, logo em seguida, muito estranho ver o Alonso parar antes, encher o tanque e, em seguida, o Nelsinho bater duas voltas depois e tudo mudar, e o Alonso vencer a corrida no final vindo de \u00faltimo por essa situa\u00e7\u00e3o&#8221;, continuou, enfatizando que &#8220;sempre respeitou as pessoas, as equipes, o esporte&#8221;, mas nunca passou pela sua cabe\u00e7a que, ali, naquele momento, era figurante de um teatro. <\/p>\n\n\n\n<p class=\"wp-block-paragraph\">&#8220;Nunca imaginei que teria sido algo manipulado. E a\u00ed depois, no ano seguinte, a gente descobre que tudo isso aconteceu por manipula\u00e7\u00e3o de resultado, de uma ordem que a equipe deu para o Nelsinho renovar o contrato. De repente, eles precisavam de uma vit\u00f3ria, n\u00e3o sei como era o contrato de patroc\u00ednio que eles tinham na \u00e9poca, mas eles precisavam de uma vit\u00f3ria naquele ano por algum motivo e conseguiram em uma sacanagem. Acho que tudo o que aconteceu no final, o resultado, a investiga\u00e7\u00e3o n\u00e3o foi do jeito correto. Quem saiu punido?&#8221;, indagou.<\/p>\n\n\n\n<figure class=\"wp-block-image size-large\"><img decoding=\"async\" src=\"https:\/\/www.grandepremio.com\/br\/wp-content\/uploads\/2023\/09\/GPF1-4-1024x576.jpg\" alt=\"\" class=\"wp-image-731956\"\/><figcaption class=\"wp-element-caption\">O momento da batida de Nelsinho Piquet no muro de Singapura (Foto: Reprodu\u00e7\u00e3o\/F1)<\/figcaption><\/figure>\n\n\n\n<p class=\"wp-block-paragraph\">O crashgate veio \u00e0 tona apenas em <strong>2009<\/strong>, no final de semana do <strong>GP da B\u00e9lgica<\/strong>. Durante a transmiss\u00e3o da corrida para o Brasil, na \u00e9poca feita pela <strong>TV Globo<\/strong>, o jornalista <strong>Reginaldo Leme <\/strong>tornou p\u00fablica as investiga\u00e7\u00f5es que j\u00e1 aconteciam nos bastidores e que indicavam que Nelsinho havia batido em Singapura, no ano anterior, de prop\u00f3sito, ordenado por <strong>Flavio Briatore, <\/strong>chefe da Renault<strong>, <\/strong>para favorecer Alonso. Volta e local da pista haviam sido escolhidos a dedo. O caos nos boxes \u2014 e consequentemente, o erro da <strong>Ferrari <\/strong>\u2014 ajudou ainda mais o espanhol, que j\u00e1 tinha realizado a sua parada obrigat\u00f3ria e assumira a lideran\u00e7a definitivamente no giro 34.<\/p>\n\n\n\n<p class=\"wp-block-paragraph\">Foi uma manipula\u00e7\u00e3o clara e comprovada de uma corrida, mas a \u00fanica puni\u00e7\u00e3o aplicada foi a Briatore, que recebeu um banimento vital\u00edcio (hoje j\u00e1 revogado) e <strong>Pat Symonds<\/strong>, ex-diretor de engenharia do time franc\u00eas, que recebeu cinco anos de suspens\u00e3o (tamb\u00e9m revogada). O filho de <strong>Nelson Piquet <\/strong>nada sofreu por ter colaborado com as investiga\u00e7\u00f5es. A <strong>Renault <\/strong>saiu ilesa, o resultado do GP foi mantido e Hamilton foi campe\u00e3o em 2008 por apenas 1 ponto.<\/p>\n\n\n\n<p class=\"wp-block-paragraph\">&#8220;No ano anterior, a <strong>McLaren <\/strong>\u00e9 desclassificada do campeonato de Construtores (em outro esc\u00e2ndalo, o <strong>Spygate<\/strong>) e paga U$ 100 milh\u00f5es (R$ 496 milh\u00f5es, na cota\u00e7\u00e3o atual). O que aconteceu com a Renault? Nada. [A manipula\u00e7\u00e3o] Mudou o t\u00edtulo, ent\u00e3o \u00e9 uma coisa muito s\u00e9ria&#8221;, frisou.<\/p>\n\n\n\n<p class=\"wp-block-paragraph\">Massa ainda detalhou ao <strong>GP <\/strong>que, quando tomou conhecimento do crashgate, sabia que qualquer a\u00e7\u00e3o para recorrer do resultado esbarraria no pr\u00f3prio regulamento da F1, como ele mesmo explica, mas &#8220;confiou na<strong> Ferrari<\/strong>&#8220;, na esperan\u00e7a de que algo fosse feito. <\/p>\n\n\n\n<p class=\"wp-block-paragraph\">&#8220;No final, teve muitos pontos no meio, e a gente sabia que tinha uma regra que dizia que quando um piloto recebesse um t\u00edtulo, o resultado n\u00e3o poderia ser mais mudado. Eu sabia dessa regra, confiei na Ferrari tamb\u00e9m, nos advogados da Ferrari, e ficou por a\u00ed. A\u00ed de repente, agora, 15 anos depois, a gente ouve uma situa\u00e7\u00e3o completamente diferente, onde os chefes da categoria, como <strong>Bernie Ecclestone<\/strong>, Max Mosley, <strong>Charlie Whiting<\/strong> [ex-diretor de prova] sabiam disso em 2008 e n\u00e3o fizeram nada para n\u00e3o riscar o nome da F\u00f3rmula 1. Ent\u00e3o isso mostra que, no final, a pessoa que mais saiu perdendo com tudo isso, numa manipula\u00e7\u00e3o, numa sacanagem, fui eu. Ent\u00e3o, foi o que aconteceu, e n\u00f3s vamos lutar para que a gente tenha uma justi\u00e7a&#8221;, completou o piloto.<\/p>\n\n\n\n<p class=\"wp-block-paragraph\">S\u00f3 h\u00e1 uma maneira de Massa sair da atual disputa judicial campe\u00e3o: se o GP de Singapura for exclu\u00eddo da temporada 2008. A simples desclassifica\u00e7\u00e3o de Alonso favoreceria, na verdade, Hamilton, que subiria para segundo e fecharia o Mundial com 100 pontos contra 97 de Massa, que n\u00e3o pontuou em Marina Bay. Mas se a famigerada corrida for retirada do campeonato, a\u00ed sim, Hamilton perderia os seis pontos adquiridos com o terceiro lugar, encerrando a temporada com 92 tentos contra os 97 de Massa conquistados at\u00e9 aquela bandeirada em primeiro em Interlagos.<\/p>\n\n\n\n<figure class=\"wp-block-image size-large\"><img decoding=\"async\" src=\"https:\/\/www.grandepremio.com\/br\/wp-content\/uploads\/2023\/04\/attachment_41762-1024x683.jpg\" alt=\"\" class=\"wp-image-669928\"\/><figcaption class=\"wp-element-caption\">Felipe Massa venceu o GP do Brasil em 2008, mas n\u00e3o ficou com o t\u00edtulo (Foto: Ferrari Media)<\/figcaption><\/figure>\n\n\n\n<p class=\"wp-block-paragraph\"><strong><em>&#8220;Um t\u00edtulo serve para o desenvolvimento do automobilismo&#8221;<\/em><\/strong><\/p>\n\n\n\n<p class=\"wp-block-paragraph\">Sobre <strong>Brasil 2008<\/strong>, ali\u00e1s, o brasileiro s\u00f3 tem mem\u00f3rias positivas. Em um &#8220;fim de semana perfeito&#8221;, ele contou ao <strong>GP <\/strong>que estava se sentindo muito motivado, tanto que fez exatamente a parte dele na briga contra Lewis: pole-position e vit\u00f3ria quase de ponta a ponta.<\/p>\n\n\n\n<p class=\"wp-block-paragraph\">Massa j\u00e1 declarou em entrevista recente &#8220;n\u00e3o ter nada contra Hamilton&#8221;, de quem at\u00e9 espera &#8220;apoio&#8221; em sua epopeia por justi\u00e7a. O piloto reconhece, no entanto, que fez parte de uma das maiores finais de campeonato da hist\u00f3ria e tamb\u00e9m entende que essa \u00e9 &#8220;a final que todo mundo quer ver&#8221;: na pista, na \u00faltima curva da \u00faltima volta, nos momentos finais.<\/p>\n\n\n\n<p class=\"wp-block-paragraph\">&#8220;Independente se eu gostaria de estar l\u00e1, acabando campe\u00e3o em Interlagos \u2014 que, na minha opini\u00e3o, com tantas coisas que aconteceram, sinto que mereci esse t\u00edtulo \u2014, isso \u00e9 o que todos os pilotos querem ver, isso \u00e9 o que a gente quer ver na F\u00f3rmula 1 a todo momento. Ningu\u00e9m quer ver um campeonato, com todo respeito ao [<strong>Max<\/strong>] <strong>Verstappen<\/strong>, \u00e0 <strong>Red Bull<\/strong>, ningu\u00e9m quer ver o campeonato acabar no <strong>Jap\u00e3o<\/strong>, em Singapura, com uma anteced\u00eancia t\u00e3o grande assim, ent\u00e3o esse \u00e9 um final que todo f\u00e3 quer ver&#8221;, opinou.<\/p>\n\n\n\n<p class=\"wp-block-paragraph\">O <strong>GP<\/strong>, ent\u00e3o, indagou Massa sobre o que poderia ter mudado em sua carreira se o t\u00edtulo de 2008 tivesse sido conquistado naquele momento, no Brasil. Felipe acredita que al\u00e9m da realiza\u00e7\u00e3o pessoal, ter novamente um piloto campe\u00e3o da F\u00f3rmula 1 seria importante para fomentar o automobilismo nacional \u2014 o \u00faltimo brasileiro a competir na categoria foi o pr\u00f3prio Massa, que deixou a F1 ao final de 2017.<\/p>\n\n\n\n<p class=\"wp-block-paragraph\">&#8220;Acho que um t\u00edtulo serve muito para a realiza\u00e7\u00e3o do sonho de um piloto, de um pa\u00eds, do desenvolvimento do automobilismo, realiza\u00e7\u00e3o da torcida. A gente n\u00e3o pode esquecer que al\u00e9m de eu ser brasileiro, ter o meu pa\u00eds em volta, est\u00e1vamos numa equipe como a Ferrari, que tem o maior n\u00famero de torcedores no mundo. \u00c9 a torcida, os <em>tifosi<\/em>. Acho que tem muita coisa no meio de um t\u00edtulo, n\u00e3o s\u00f3 a alegria, a celebra\u00e7\u00e3o, e isso, sem d\u00favida, teria sido diferente&#8221;, salientou, lembrando que tentou fazer uma categoria de base na ocasi\u00e3o \u2014 a F-Future, criada em 2010, mas que durou apenas duas temporadas.<\/p>\n\n\n\n<p class=\"wp-block-paragraph\">&#8220;Acho que o desenvolvimento do automobilismo seria, sem d\u00favida, diferente, at\u00e9 porque o que o [<strong>Ayrton<\/strong>] <strong>Senna <\/strong>fez com automobilismo no Brasil foi muito importante, foi muito bom para o desenvolvimento do pa\u00eds, de pilotos. N\u00e3o s\u00e3o s\u00f3 as categorias, mas sim os pilotos, o sonho daquela criancinha de 3, 5, 6, 8 anos de querer virar piloto, ent\u00e3o tem muita coisa no meio&#8221;, completou.<\/p>\n\n\n\n<figure class=\"wp-block-image size-large\"><img decoding=\"async\" src=\"https:\/\/www.grandepremio.com\/br\/wp-content\/uploads\/2022\/10\/CQABReGUYAEXCsZ-1024x575.jpg\" alt=\"\" class=\"wp-image-620517\"\/><figcaption class=\"wp-element-caption\">Fernando Alonso venceu GP de Singapura em 2008 gra\u00e7as \u00e0 manipula\u00e7\u00e3o da corrida (Foto: F\u00f3rmula 1)<\/figcaption><\/figure>\n\n\n\n<p class=\"wp-block-paragraph\"><strong><em>&#8220;\u2026 eles nunca quiseram levar esse papo \u00e0 frente&#8221;<\/em><\/strong><\/p>\n\n\n\n<p class=\"wp-block-paragraph\">At\u00e9 o fechamento desta edi\u00e7\u00e3o, o \u00faltimo passo dado pela equipe legal que representa Massa foi <a href=\"https:\/\/www.grandepremio.com\/br\/f1\/noticias\/advogados-felipe-massa-notificam-ferrari-renault-flavio-briatore-preservar-provas-2008\/\" class=\"ek-link\">notificar judicialmente as partes envolvidas no crashgate<\/a> \u2014 Ferrari, Renault, o <strong>banco ING<\/strong>, Flavio Briatore, Pat Symonds e <strong>Steve Nielsen<\/strong>&nbsp;\u2014 com finalidade de preservar qualquer prova que ajude na a\u00e7\u00e3o movida pelo brasileiro. O <strong>GP <\/strong>tentou falar novamente com Felipe algumas vezes ap\u00f3s o desdobramento do caso, mas o piloto n\u00e3o retornou, assim como seu advogado, <strong>Bernardo Viana<\/strong>, que tamb\u00e9m n\u00e3o deu mais esclarecimentos.<\/p>\n\n\n\n<p class=\"wp-block-paragraph\">Antes, ao ser questionado sobre o impacto que a reabertura do caso teve no paddock atual da F1, Massa disse que &#8220;a categoria n\u00e3o fala muito&#8221;, mas que est\u00e3o &#8220;esperando a situa\u00e7\u00e3o realmente acontecer&#8221;. Contudo, deixou claro que, no momento, n\u00e3o \u00e9 o que a F1 pensa o que mais interessa. <\/p>\n\n\n\n<p class=\"wp-block-paragraph\">&#8220;O principal agora \u00e9 o que as pessoas na rua falam comigo&#8221;, revelou. &#8220;Os brasileiros me param para falar no aeroporto, na rua, e falam: \u2018Tamo junto e vamos lutar por justi\u00e7a\u2019. Acho que isso \u00e9 o mais importante. As pessoas sabem que a corrida foi manipulada, eu n\u00e3o acordei depois de 15 anos e pensei \u2018Ah, acho que a corrida n\u00e3o foi certa\u2019, a gente ouviu uma situa\u00e7\u00e3o que se tornou diferente do que aconteceu em 2009, ent\u00e3o esse \u00e9 o ponto, e logicamente, tudo aquilo que eu venho fazendo, venho fazendo pensando nas pessoas e no brasileiro, na torcida, nos torcedores da Ferrari e, logicamente, no meu pa\u00eds&#8221;, enfatizou.<\/p>\n\n\n\n<p class=\"wp-block-paragraph\">Por fim, o <strong>GP <\/strong>quis saber se Massa j\u00e1 havia conversado com os envolvidos no crashgate ap\u00f3s o esc\u00e2ndalo ser descoberto. &#8220;J\u00e1 tentei essa conversa antes do caso vir \u00e0 tona, com o pr\u00f3prio Nelsinho, j\u00e1 tentei essa conversa, mas tanto o Briatore quanto o Alonso sempre se acharam\u2026, sempre diziam que n\u00e3o sabiam e nunca quiseram levar esse papo para frente, mas sim, j\u00e1 conversei&#8221;, finalizou.<\/p>\n\n\n\n<p class=\"wp-block-paragraph\">Nesta semana, o <strong>GP de Singapura de 2008<\/strong> completa 15 anos. E o <strong>GRANDE PR\u00caMIO <\/strong>p\u00fablica uma s\u00e9rie especial sobre a corrida que mudou os rumos daquele campeonato e seus desdobramentos. Essa \u00e9 a primeira parte.<\/p>\n\n\n\n<figure class=\"wp-block-embed is-type-video is-provider-youtube wp-block-embed-youtube wp-embed-aspect-16-9 wp-has-aspect-ratio\"><div class=\"wp-block-embed__wrapper\">\n<iframe loading=\"lazy\" title=\"VERSTAPPEN ATROPELA no JAP\u00c3O + Clima TENSO na MERCEDES | Paddock GP #348\" width=\"500\" height=\"281\" src=\"https:\/\/www.youtube.com\/embed\/A9TyAnk1nRY?feature=oembed\" frameborder=\"0\" allow=\"accelerometer; autoplay; clipboard-write; encrypted-media; gyroscope; picture-in-picture; web-share\" referrerpolicy=\"strict-origin-when-cross-origin\" allowfullscreen><\/iframe>\n<\/div><\/figure>\n","protected":false},"excerpt":{"rendered":"<p>Felipe Massa falou com exclusividade ao GRANDE PR\u00caMIO sobre a decis\u00e3o de entrar na justi\u00e7a 15 anos depois para ser reconhecido campe\u00e3o de 2008 ap\u00f3s declara\u00e7\u00e3o de Bernie Ecclestone sobre o crashgate e indaga: &#8220;O que aconteceu com a Renault?&#8221;<\/p>\n","protected":false},"author":0,"featured_media":1000490829,"comment_status":"closed","ping_status":"closed","sticky":false,"template":"","format":"standard","meta":{"42wp_featured_image_caption":"","42wp_featured_image_credits":"","42wp_featured_video":"","42wp_featured_image_hidden":false,"42wp_authors_list":[],"footnotes":""},"categories":[2],"tags":[4746,2226,6533,642,504,176,885,30722,1491,26123,30103,28285,1186,1316,32087,717,229,8258],"42wp_author":[47128,47147],"class_list":["post-98861","post","type-post","status-publish","format-standard","has-post-thumbnail","hentry","category-f1","tag-crashgate","tag-f1-2008","tag-f1-2023","tag-f1-ao-vivo","tag-felipe-massa","tag-fernando-alonso","tag-flavio-briatore","tag-formula-1-2023","tag-grande-premio","tag-grande-premio-ao-vivo","tag-grande-premio-f1","tag-grandepremio","tag-nelsinho-piquet","tag-nelson-piquet","tag-onde-assistir","tag-pat-symonds","tag-renault","tag-singapuragate","42wp_author-guilherme-bloisi","42wp_author-luana-marino"],"_links":{"self":[{"href":"https:\/\/grandepremio.com\/br\/wp-json\/wp\/v2\/posts\/98861","targetHints":{"allow":["GET"]}}],"collection":[{"href":"https:\/\/grandepremio.com\/br\/wp-json\/wp\/v2\/posts"}],"about":[{"href":"https:\/\/grandepremio.com\/br\/wp-json\/wp\/v2\/types\/post"}],"replies":[{"embeddable":true,"href":"https:\/\/grandepremio.com\/br\/wp-json\/wp\/v2\/comments?post=98861"}],"version-history":[{"count":0,"href":"https:\/\/grandepremio.com\/br\/wp-json\/wp\/v2\/posts\/98861\/revisions"}],"wp:featuredmedia":[{"embeddable":true,"href":"https:\/\/grandepremio.com\/br\/wp-json\/wp\/v2\/media\/1000490829"}],"wp:attachment":[{"href":"https:\/\/grandepremio.com\/br\/wp-json\/wp\/v2\/media?parent=98861"}],"wp:term":[{"taxonomy":"category","embeddable":true,"href":"https:\/\/grandepremio.com\/br\/wp-json\/wp\/v2\/categories?post=98861"},{"taxonomy":"post_tag","embeddable":true,"href":"https:\/\/grandepremio.com\/br\/wp-json\/wp\/v2\/tags?post=98861"},{"taxonomy":"42wp_author","embeddable":true,"href":"https:\/\/grandepremio.com\/br\/wp-json\/wp\/v2\/42wp_author?post=98861"}],"curies":[{"name":"wp","href":"https:\/\/api.w.org\/{rel}","templated":true}]}}