{"id":98882,"date":"2023-09-25T07:35:49","date_gmt":"2023-09-25T10:35:49","guid":{"rendered":"https:\/\/grandepremio.com\/br\/noticias\/marco-bezzecchi-celebra-avanco-tabela-ainda-nao-estou-pensando-campeonato\/"},"modified":"2023-09-25T07:36:21","modified_gmt":"2023-09-25T10:36:21","slug":"marco-bezzecchi-celebra-avanco-tabela-ainda-nao-estou-pensando-campeonato","status":"publish","type":"post","link":"https:\/\/grandepremio.com\/br\/motogp\/marco-bezzecchi-celebra-avanco-tabela-ainda-nao-estou-pensando-campeonato\/","title":{"rendered":"Bezzecchi celebra avan\u00e7o na tabela, mas diz: \u201cAinda n\u00e3o estou pensando no campeonato\u201d"},"content":{"rendered":"\n<p class=\"wp-block-paragraph\"><strong>Marco Bezzecchi<\/strong> aproveitou o <a href=\"https:\/\/www.grandepremio.com\/br\/motogp\/noticias\/marco-bezzecchi-brilha-vence-primeiro-gp-india-motogp-francesco-bagnaia-cai-abandona\/\" class=\"ek-link\">GP da <strong>\u00cdndia <\/strong>de domingo (24)<\/a> para reduzir a vantagem de <strong>Francesco Bagnaia <\/strong>na classifica\u00e7\u00e3o da <strong>MotoGP<\/strong>. Com a vit\u00f3ria em <strong>Buddh <\/strong>e o<a href=\"https:\/\/www.grandepremio.com\/br\/motogp\/noticias\/francesco-bagnaia-cai-sozinho-abandona-india-ve-jorge-martin-se-aproximar-campeonato\/\" class=\"ek-link\"> abandono do titular da <strong>Ducati<\/strong><\/a>, o piloto da <strong>VR46 <\/strong>agora tem 44 pontos de atraso para o l\u00edder do <strong>Mundial de Pilotos<\/strong>.<\/p>\n\n\n\n<p class=\"wp-block-paragraph\">Depois do rev\u00e9s da sprint, quando <a href=\"https:\/\/www.grandepremio.com\/br\/motogp\/noticias\/jorge-martin-sobra-vence-caotica-sprint-gp-india-motogp-marc-marquez-3o\/\" class=\"ek-link\">teve de fazer uma prova de recupera\u00e7\u00e3o ap\u00f3s um toque com <strong>Luca Marini<\/strong><\/a>, Bezzecchi viu Bagnaia aumentar a margem para 69 pontos, mas o abandono do amigo de <strong>Academia de Pilotos VR46<\/strong> deu nova vida ao italiano.<\/p>\n\n\n\n<figure class=\"wp-block-image size-large\"><img decoding=\"async\" src=\"https:\/\/www.grandepremio.com\/br\/wp-content\/uploads\/2023\/09\/53209775571_ff38b25a67_k-1024x682.jpg\" alt=\"\" class=\"wp-image-733815\"\/><figcaption class=\"wp-element-caption\">Marco Bezzecchi destacou a diferen\u00e7a das Ducati na hora da largada (Foto: VR46)<\/figcaption><\/figure>\n\n\n\n<p class=\"wp-block-paragraph\"><strong>\u25b6\ufe0f\u00a0Inscreva-se nos dois canais do GRANDE PR\u00caMIO no YouTube:\u00a0<a href=\"https:\/\/www.youtube.com\/channel\/UC9OlHEgxoaY6QY6nWPoiqQg?sub_confirmation=1\" target=\"_blank\" rel=\"noreferrer noopener\">GP<\/a>\u00a0|\u00a0<a href=\"https:\/\/www.youtube.com\/channel\/UC9csiS6q_C3C0FYhyr1rnFA?sub_confirmation=1\" target=\"_blank\" rel=\"noreferrer noopener\">GP2<\/a><\/strong><br><strong>\u25b6\ufe0f\u00a0<a href=\"https:\/\/www.twitch.tv\/grandepremio\" target=\"_blank\" rel=\"noreferrer noopener\">Conhe\u00e7a o canal do GRANDE PR\u00caMIO na Twitch clicando aqui!<\/a><\/strong><\/p>\n\n\n\n<p class=\"wp-block-paragraph\">Mesmo com os 25 pontos recuperados, Marco segue com os p\u00e9s no ch\u00e3o, tamb\u00e9m por reconhecer a for\u00e7a de Bagnaia, <strong>Jorge Mart\u00edn <\/strong>e <strong>Brad Binder<\/strong>, os componentes do top-4.<\/p>\n\n\n\n<p class=\"wp-block-paragraph\">\u201cAinda n\u00e3o estou pensando no campeonato, pois falta muito tempo. Mas, de qualquer forma, mentiria se dissesse que n\u00e3o gosto de estar mais perto!\u201d, disse Bezzecchi. \u201cPorque poder lutar com Pecco, Jorge e tamb\u00e9m com Brad, que est\u00e1 perto, eles s\u00e3o pilotos incr\u00edveis. Ent\u00e3o \u00e9 um honra para mim\u201d, sublinhou.<\/p>\n\n\n\n<p class=\"wp-block-paragraph\">\u201cMas hoje eu s\u00f3 quero curtir o dia. N\u00e3o foi uma semana f\u00e1cil. Perdi um amigo h\u00e1 alguns dias, ent\u00e3o s\u00f3 quero dedicar isso a ele e a fam\u00edlia dele, e a\u00ed ir para o Jap\u00e3o, que \u00e9 uma pista de que gosto\u201d, seguiu.<\/p>\n\n\n\n<p class=\"wp-block-paragraph\">Embora a primeira fila do grid de Buddh fosse dominada por motos Ducati, Bezzecchi n\u00e3o tem a mesma condi\u00e7\u00e3o de Mart\u00edn e Bagnaia. O piloto de 24 anos usa uma <strong>Desmosedici <\/strong>do ano passado e, assim, n\u00e3o tem a vers\u00e3o mais recente do dispositivo de largada.<\/p>\n\n\n\n<p class=\"wp-block-paragraph\">\u201cDepois de ontem [s\u00e1bado], eu estava realmente motivado para reagir\u201d, explicou o italiano, que teve de fazer uma sprint de recupera\u00e7\u00e3o ap\u00f3s um toque com Luca Marini. \u201cLarguei bem. Sabia que Jorge e Pecco, provavelmente, me ultrapassariam, pois eles t\u00eam algo mais na largada\u201d, continuou.<\/p>\n\n\n\n<p class=\"wp-block-paragraph\">\u201cMantive a calma e s\u00f3 tentei ficar perto deles. Uma vez que tive a chance, tomei a ponta. Fui um pouco agressivo, mas tive de fazer isso. Depois, tentei fazer meu ritmo, controlando os pneus da melhor maneira que podia. Me senti incr\u00edvel na moto, ent\u00e3o estou muito, muito feliz\u201d, comentou. \u201c\u00c9 uma pista que gostei desde a primeira vez que eu pilotei. Gostei de todos os trechos, pois tem algumas freadas fortes e tamb\u00e9m uns trechos r\u00e1pidos. Fisicamente, me senti melhor com a m\u00e3o [lesionada na Catalunha], ent\u00e3o as mudan\u00e7as de dire\u00e7\u00e3o n\u00e3o foram um problema como tinham sido em Misano\u201d, contou.<\/p>\n\n\n\n<p class=\"wp-block-paragraph\">\u201cO setor 3 \u00e9 realmente fant\u00e1stico para pilotar e as realmente gosto das freadas fortes. Tentei ficar focado nessa parte, pois normalmente Pecco e Jorge, especialmente Pecco, fazem mais diferen\u00e7a nesta parte\u201d, assumiu. \u201cRealmente gostei deste lugar e curti celebrar com os f\u00e3s. Na parte asi\u00e1tica do mundo, eles s\u00e3o realmente barulhentos! Gostei muito. Espero que eles tenham curtido. Talvez no pr\u00f3ximo ano tenhamos ainda mais f\u00e3s\u201d, comentou.<\/p>\n\n\n\n<p class=\"wp-block-paragraph\">Por fim, Marco assumiu que gostaria de receber da Ducati a vers\u00e3o mais recente do dispositivo de largada. O titular da VR46 recusou recentemente uma promo\u00e7\u00e3o para a <strong>Pramac <\/strong>em <strong>2024<\/strong>, onde teria a vers\u00e3o mais atual da <strong>Desmosedici<\/strong>, para seguir com o time de <strong>Valentino Rossi<\/strong>.<\/p>\n\n\n\n<p class=\"wp-block-paragraph\">\u201cCom certeza, a largada \u00e9 algo com que tive dificuldade este fim de semana. Eles [os pilotos de f\u00e1brica] t\u00eam um sistema diferente, que eu, infelizmente, n\u00e3o tenho\u201d, destacou. \u201cEm rela\u00e7\u00e3o ao resto, eu n\u00e3o sei, nunca testei [a moto de f\u00e1brica], mas n\u00e3o posso reclamar. Realmente gosto do meu pacote. Talvez pudessem me dar algo para a largada. Com certeza vou pedir\u201d, encerrou.<\/p>\n\n\n\n<p class=\"wp-block-paragraph\">A\u00a0<strong><a href=\"https:\/\/grandepremio.com\/motovelocidade\/\" target=\"_blank\" rel=\"noreferrer noopener\"><\/a><a href=\"https:\/\/grandepremio.com\/motovelocidade\/\" target=\"_blank\" rel=\"noreferrer noopener\">MotoGP<\/a>\u00a0<\/strong>retoma as atividades no fim de semana do dia 1\u00ba de outubro, com o<strong>\u00a0GP\u00a0do Jap\u00e3o<\/strong>, a ser disputado em\u00a0<strong><a href=\"https:\/\/www.grandepremio.com\/br\/circuito\/motegi\/\" target=\"_blank\" rel=\"noreferrer noopener\">Motegi<\/a><\/strong>. O\u00a0<strong>GRANDE PR\u00caMIO\u00a0<\/strong>faz a cobertura completa do evento, assim como das outras classes do\u00a0<strong>Mundial de Motovelocidade<\/strong>.<\/p>\n\n\n\n<figure class=\"wp-block-embed is-type-video is-provider-youtube wp-block-embed-youtube wp-embed-aspect-16-9 wp-has-aspect-ratio\"><div class=\"wp-block-embed__wrapper\">\n<iframe loading=\"lazy\" title=\"Morbidelli CAI PRA CIMA com acerto com Pramac na MotoGP | GP \u00e0s 10\" width=\"500\" height=\"281\" src=\"https:\/\/www.youtube.com\/embed\/rOonci8Od-Q?feature=oembed\" frameborder=\"0\" allow=\"accelerometer; autoplay; clipboard-write; encrypted-media; gyroscope; picture-in-picture; web-share\" referrerpolicy=\"strict-origin-when-cross-origin\" allowfullscreen><\/iframe>\n<\/div><figcaption class=\"wp-element-caption\">Morbidelli cai para cima com acerto com Pramac para temporada 2024 da MotoGP<\/figcaption><\/figure>\n\n\n\n<p class=\"wp-block-paragraph\"><a href=\"https:\/\/cres.ws\/motogp\"><\/a><\/p>\n","protected":false},"excerpt":{"rendered":"<p>Com a vit\u00f3ria no GP da \u00cdndia e o abandono de Francesco Bagnaia, Marco Bezzecchi agora tem 44 pontos de atraso para o l\u00edder do campeonato. Apesar da diferen\u00e7a menor, o titular da VR46 acha que \u00e9 cedo para pensar na disputa pelo t\u00edtulo<\/p>\n","protected":false},"author":0,"featured_media":1000733814,"comment_status":"closed","ping_status":"closed","sticky":false,"template":"","format":"standard","meta":{"42wp_featured_image_caption":"","42wp_featured_image_credits":"","42wp_featured_video":"","42wp_featured_image_hidden":false,"42wp_authors_list":[],"footnotes":""},"categories":[8],"tags":[23981,5214,28285,11465,2287,79,78,27538,33202,33200,33201,25819,29345,28766,33203,26690],"42wp_author":[47113],"class_list":["post-98882","post","type-post","status-publish","format-standard","has-post-thumbnail","hentry","category-motogp","tag-buddh","tag-classificacao-motogp","tag-grandepremio","tag-india","tag-marco-bezzecchi","tag-moto-gp","tag-motogp","tag-motogp-2023","tag-motogp-2023-calendario","tag-motogp-calendario-2023","tag-motogp-classificacao-2023","tag-motogp-hoje","tag-motogp-horario","tag-motogp-standings","tag-onde-assistir-motogp-2023","tag-pilotos-motogp","42wp_author-juliana-tesser"],"_links":{"self":[{"href":"https:\/\/grandepremio.com\/br\/wp-json\/wp\/v2\/posts\/98882","targetHints":{"allow":["GET"]}}],"collection":[{"href":"https:\/\/grandepremio.com\/br\/wp-json\/wp\/v2\/posts"}],"about":[{"href":"https:\/\/grandepremio.com\/br\/wp-json\/wp\/v2\/types\/post"}],"replies":[{"embeddable":true,"href":"https:\/\/grandepremio.com\/br\/wp-json\/wp\/v2\/comments?post=98882"}],"version-history":[{"count":0,"href":"https:\/\/grandepremio.com\/br\/wp-json\/wp\/v2\/posts\/98882\/revisions"}],"wp:featuredmedia":[{"embeddable":true,"href":"https:\/\/grandepremio.com\/br\/wp-json\/wp\/v2\/media\/1000733814"}],"wp:attachment":[{"href":"https:\/\/grandepremio.com\/br\/wp-json\/wp\/v2\/media?parent=98882"}],"wp:term":[{"taxonomy":"category","embeddable":true,"href":"https:\/\/grandepremio.com\/br\/wp-json\/wp\/v2\/categories?post=98882"},{"taxonomy":"post_tag","embeddable":true,"href":"https:\/\/grandepremio.com\/br\/wp-json\/wp\/v2\/tags?post=98882"},{"taxonomy":"42wp_author","embeddable":true,"href":"https:\/\/grandepremio.com\/br\/wp-json\/wp\/v2\/42wp_author?post=98882"}],"curies":[{"name":"wp","href":"https:\/\/api.w.org\/{rel}","templated":true}]}}