{"id":98884,"date":"2023-09-25T06:35:51","date_gmt":"2023-09-25T09:35:51","guid":{"rendered":"https:\/\/grandepremio.com\/br\/noticias\/jorge-martin-revela-comecou-sofrer-desidratacao-8-voltas-fim-gp-india\/"},"modified":"2023-09-25T06:37:03","modified_gmt":"2023-09-25T09:37:03","slug":"jorge-martin-revela-comecou-sofrer-desidratacao-8-voltas-fim-gp-india","status":"publish","type":"post","link":"https:\/\/grandepremio.com\/br\/motogp\/jorge-martin-revela-comecou-sofrer-desidratacao-8-voltas-fim-gp-india\/","title":{"rendered":"Mart\u00edn revela que come\u00e7ou a sofrer com desidrata\u00e7\u00e3o a 8 voltas do fim do GP da \u00cdndia"},"content":{"rendered":"\n<figure class=\"wp-block-video\"><video class=\"video-js vjs-big-play-centered\" data-gp-vjs=\"1\" controls poster=\"https:\/\/www.grandepremio.com\/br\/wp-content\/uploads\/2023\/09\/MotoGP-India-Martin-calor-poster.jpeg\" src=\"https:\/\/www.grandepremio.com\/br\/wp-content\/uploads\/2023\/09\/MotoGP-India-Martin-calor.mp4\"><\/video><figcaption class=\"wp-element-caption\">Jorge Mart\u00edn passou mal ap\u00f3s o duro GP da \u00cdndia (V\u00eddeo: MotoGP)<\/figcaption><\/figure>\n\n\n\n<p class=\"wp-block-paragraph\"><strong>Jorge Mart\u00edn<\/strong> revelou que come\u00e7ou a sentir os efeitos da desidrata\u00e7\u00e3o quando faltavam oito voltas para o fim do <a href=\"https:\/\/www.grandepremio.com\/br\/motogp\/noticias\/marco-bezzecchi-brilha-vence-primeiro-gp-india-motogp-francesco-bagnaia-cai-abandona\/\" class=\"ek-link\">GP da <strong>\u00cdndia <\/strong>de domingo (24)<\/a>. Espanhol reconheceu que foi \u201crealmente dif\u00edcil\u201d terminar a corrida em <strong>Buddh<\/strong>, mas celebrou o resultado que permitiu uma grande aproxima\u00e7\u00e3o a <strong>Francesco Bagnaia <\/strong>na lideran\u00e7a do <strong>Mundial de Pilotos<\/strong>.<\/p>\n\n\n\n<p class=\"wp-block-paragraph\">Ao longo de todo o fim de semana, as temperaturas na \u00cdndia foram alvo de preocupa\u00e7\u00e3o, <a href=\"https:\/\/www.grandepremio.com\/br\/motogp\/noticias\/motogp-diminui-duracao-corridas-na-india-apos-reclamacoes-forte-calor\/\" class=\"ek-link\">o que resultou, inclusive, na redu\u00e7\u00e3o do n\u00famero de voltas<\/a>. Ainda assim, nem todos escaparam de problemas.<\/p>\n\n\n\n<figure class=\"wp-block-image size-large\"><img decoding=\"async\" src=\"https:\/\/www.grandepremio.com\/br\/wp-content\/uploads\/2023\/09\/MotoGP-2023-India-Buddh-Domingo-Pramac-Jorge-Martin-Fabio-Quartararo-1024x682.jpg\" alt=\"\" class=\"wp-image-733886\"\/><figcaption class=\"wp-element-caption\">Jorge Mart\u00edn afirmou que desidrata\u00e7\u00e3o permitiu aproxima\u00e7\u00e3o de Fabio Quartararo (Foto: Divulga\u00e7\u00e3o\/MotoGP)<\/figcaption><\/figure>\n\n\n\n<p class=\"wp-block-paragraph\"><strong>\u25b6\ufe0f\u00a0Inscreva-se nos dois canais do GRANDE PR\u00caMIO no YouTube:\u00a0<a href=\"https:\/\/www.youtube.com\/channel\/UC9OlHEgxoaY6QY6nWPoiqQg?sub_confirmation=1\" target=\"_blank\" rel=\"noreferrer noopener\">GP<\/a>\u00a0|\u00a0<a href=\"https:\/\/www.youtube.com\/channel\/UC9csiS6q_C3C0FYhyr1rnFA?sub_confirmation=1\" target=\"_blank\" rel=\"noreferrer noopener\">GP2<\/a><\/strong><br><strong>\u25b6\ufe0f\u00a0<a href=\"https:\/\/www.twitch.tv\/grandepremio\" target=\"_blank\" rel=\"noreferrer noopener\">Conhe\u00e7a o canal do GRANDE PR\u00caMIO na Twitch clicando aqui!<\/a><\/strong><\/p>\n\n\n\n<p class=\"wp-block-paragraph\">Mart\u00edn seguiu direto para os boxes da <strong>Pramac <\/strong>ap\u00f3s receber a bandeirada em segundo lugar e chegou pedindo \u00e1gua. Depois de receber o aux\u00edlio dos mec\u00e2nicos, o espanhol seguiu amparado para o parque fechado, <a href=\"https:\/\/www.grandepremio.com\/br\/video\/motogp\/jorge-martin-sofre-com-forte-calor-recebe-atendimento-medico-antes-podio-india\/\" class=\"ek-link\">onde foi atendido pelo Dr. <strong>\u00c1ngel Charte<\/strong>, diretor-m\u00e9dico da MotoGP<\/a>.<\/p>\n\n\n\n<p class=\"wp-block-paragraph\">Ap\u00f3s o p\u00f3dio, Mart\u00edn seguiu para o centro m\u00e9dico para ser examinado e, por isso, n\u00e3o atendeu \u00e0 imprensa. Ainda assim, a Pramac repassou uma mensagem de \u00e1udio aos profissionais, onde Jorge comentou o que aconteceu.<\/p>\n\n\n\n<p class=\"wp-block-paragraph\">\u201cAcredite quando digo que dei 100% de mim\u201d, disse Mart\u00edn. \u201cEu estava desidratado com oito voltas para o fim. Foi realmente dif\u00edcil terminar a corrida, ainda que tenha conseguido manter um bom ritmo\u201d, seguiu.<\/p>\n\n\n\n<p class=\"wp-block-paragraph\">Jorge explicou que escapou da pista na reta final da corrida em consequ\u00eancia da desidrata\u00e7\u00e3o, o que permitiu o ataque de Fabio Quartararo.<\/p>\n\n\n\n<p class=\"wp-block-paragraph\">\u201cNa \u00faltima volta, cometi um grande erro por causa da desidrata\u00e7\u00e3o e escapei da pista, ent\u00e3o Fabio me passou. Mas eu consegui ultrapassar de volta. Ent\u00e3o estou muito feliz por esta segunda posi\u00e7\u00e3o\u201d, comemorou.<\/p>\n\n\n\n<p class=\"wp-block-paragraph\">Com a boa fase que vem atravessando e o <a href=\"https:\/\/www.grandepremio.com\/br\/motogp\/noticias\/francesco-bagnaia-cai-sozinho-abandona-india-ve-jorge-martin-se-aproximar-campeonato\/\" class=\"ek-link\">abandono de Bagnaia em Buddh<\/a>, o espanhol de Madri agora tem s\u00f3 13 pontos de atraso para o l\u00edder do campeonato.<\/p>\n\n\n\n<p class=\"wp-block-paragraph\">\u201cMe sinto super, super feliz pela equipe por termos recuperado pontos no campeonato\u201d, comentou. \u201cTemos de manter a mesma mentalidade com que viemos para c\u00e1 para tentar vencer, tentar ser competitivo em todos os treinos. \u00c9 assim que vamos diminuindo o atraso\u201d, completou.<\/p>\n\n\n\n<p class=\"wp-block-paragraph\">A&nbsp;<strong><a href=\"https:\/\/grandepremio.com\/motovelocidade\/\" target=\"_blank\" rel=\"noreferrer noopener\"><\/a><a href=\"https:\/\/grandepremio.com\/motovelocidade\/\" target=\"_blank\" rel=\"noreferrer noopener\">MotoGP<\/a>&nbsp;<\/strong>retoma as atividades no fim de semana do dia 1\u00ba de outubro, com o<strong>&nbsp;GP&nbsp;do Jap\u00e3o<\/strong>, a ser disputado em&nbsp;<strong><a href=\"https:\/\/www.grandepremio.com\/br\/circuito\/motegi\/\" target=\"_blank\" rel=\"noreferrer noopener\">Motegi<\/a><\/strong>. O&nbsp;<strong>GRANDE PR\u00caMIO&nbsp;<\/strong>faz a cobertura completa do evento, assim como das outras classes do&nbsp;<strong>Mundial de Motovelocidade<\/strong>.<a href=\"https:\/\/cres.ws\/motogp\"><\/a><\/p>\n\n\n\n<figure class=\"wp-block-embed is-type-video is-provider-youtube wp-block-embed-youtube wp-embed-aspect-16-9 wp-has-aspect-ratio\"><div class=\"wp-block-embed__wrapper\">\n<iframe loading=\"lazy\" title=\"Morbidelli CAI PRA CIMA com acerto com Pramac na MotoGP | GP \u00e0s 10\" width=\"500\" height=\"281\" src=\"https:\/\/www.youtube.com\/embed\/rOonci8Od-Q?feature=oembed\" frameborder=\"0\" allow=\"accelerometer; autoplay; clipboard-write; encrypted-media; gyroscope; picture-in-picture; web-share\" referrerpolicy=\"strict-origin-when-cross-origin\" allowfullscreen><\/iframe>\n<\/div><figcaption class=\"wp-element-caption\">Morbidelli cai para cima com acerto com Pramac para temporada 2024 da MotoGP<\/figcaption><\/figure>\n","protected":false},"excerpt":{"rendered":"<p>Jorge Mart\u00edn terminou a corrida em Buddh esgotado e precisou de atendimento m\u00e9dico ainda no parque fechado da MotoGP. Apesar do susto, espanhol celebrou a aproxima\u00e7\u00e3o com Francesco Bagnaia na classifica\u00e7\u00e3o do Mundial de Pilotos<\/p>\n","protected":false},"author":0,"featured_media":1000733791,"comment_status":"closed","ping_status":"closed","sticky":false,"template":"","format":"standard","meta":{"42wp_featured_image_caption":"","42wp_featured_image_credits":"","42wp_featured_video":"","42wp_featured_image_hidden":false,"42wp_authors_list":[],"footnotes":""},"categories":[8],"tags":[23981,5214,28285,11465,24704,79,78,27538,33202,33200,33201,25819,29345,28766,33203,26690,136],"42wp_author":[47113],"class_list":["post-98884","post","type-post","status-publish","format-standard","has-post-thumbnail","hentry","category-motogp","tag-buddh","tag-classificacao-motogp","tag-grandepremio","tag-india","tag-jorge-martin","tag-moto-gp","tag-motogp","tag-motogp-2023","tag-motogp-2023-calendario","tag-motogp-calendario-2023","tag-motogp-classificacao-2023","tag-motogp-hoje","tag-motogp-horario","tag-motogp-standings","tag-onde-assistir-motogp-2023","tag-pilotos-motogp","tag-pramac","42wp_author-juliana-tesser"],"_links":{"self":[{"href":"https:\/\/grandepremio.com\/br\/wp-json\/wp\/v2\/posts\/98884","targetHints":{"allow":["GET"]}}],"collection":[{"href":"https:\/\/grandepremio.com\/br\/wp-json\/wp\/v2\/posts"}],"about":[{"href":"https:\/\/grandepremio.com\/br\/wp-json\/wp\/v2\/types\/post"}],"replies":[{"embeddable":true,"href":"https:\/\/grandepremio.com\/br\/wp-json\/wp\/v2\/comments?post=98884"}],"version-history":[{"count":0,"href":"https:\/\/grandepremio.com\/br\/wp-json\/wp\/v2\/posts\/98884\/revisions"}],"wp:featuredmedia":[{"embeddable":true,"href":"https:\/\/grandepremio.com\/br\/wp-json\/wp\/v2\/media\/1000733791"}],"wp:attachment":[{"href":"https:\/\/grandepremio.com\/br\/wp-json\/wp\/v2\/media?parent=98884"}],"wp:term":[{"taxonomy":"category","embeddable":true,"href":"https:\/\/grandepremio.com\/br\/wp-json\/wp\/v2\/categories?post=98884"},{"taxonomy":"post_tag","embeddable":true,"href":"https:\/\/grandepremio.com\/br\/wp-json\/wp\/v2\/tags?post=98884"},{"taxonomy":"42wp_author","embeddable":true,"href":"https:\/\/grandepremio.com\/br\/wp-json\/wp\/v2\/42wp_author?post=98884"}],"curies":[{"name":"wp","href":"https:\/\/api.w.org\/{rel}","templated":true}]}}