{"id":98891,"date":"2023-09-24T08:54:35","date_gmt":"2023-09-24T11:54:35","guid":{"rendered":"https:\/\/grandepremio.com\/br\/noticias\/5-coisas-que-aprendemos-no-gp-do-japao-16a-etapa-da-formula-1-2023\/"},"modified":"2023-09-24T08:55:29","modified_gmt":"2023-09-24T11:55:29","slug":"5-coisas-que-aprendemos-no-gp-do-japao-16a-etapa-da-formula-1-2023","status":"publish","type":"post","link":"https:\/\/grandepremio.com\/br\/f1\/5-coisas-que-aprendemos-no-gp-do-japao-16a-etapa-da-formula-1-2023\/","title":{"rendered":"5 coisas que aprendemos no GP do Jap\u00e3o, 16\u00aa etapa da F\u00f3rmula 1 2023"},"content":{"rendered":"\n<p class=\"wp-block-paragraph\">A <strong>Red Bull<\/strong> <a href=\"https:\/\/www.grandepremio.com\/br\/f1\/noticias\/red-bull-chega-sexto-titulo-construtores-encosta-lotus-ranking-historico\/\" class=\"ek-link\">garantiu o hexa<\/a> do <strong>Mundial de Construtores<\/strong> em mais uma atua\u00e7\u00e3o de gala de <strong>Max Verstappen<\/strong> e <a href=\"https:\/\/www.grandepremio.com\/br\/f1\/noticias\/max-verstappen-vence-japao-leva-red-bull-hexa-lando-norris-oscar-piastri-podio\/\" class=\"ek-link\">outra performance dominante<\/a> do <strong>RB19<\/strong>, um dos carros mais dominantes da hist\u00f3ria, desta vez no<strong> GP do Jap\u00e3o<\/strong>. S\u00f3 que, neste domingo (24), o time ainda teve de aguentar uma atua\u00e7\u00e3o tenebrosa de <strong>Sergio P\u00e9rez<\/strong>, cada vez mais longe do n\u00edvel esperado para uma equipe de ponta.<\/p>\n\n\n\n<p class=\"wp-block-paragraph\">A corrida em <strong>Suzuka <\/strong>ainda teve p\u00f3dio duplo de uma <strong>McLaren <\/strong>que sonha cada vez mais alto, com <strong>Lando Norris<\/strong> em segundo e <strong>Oscar Piastri <\/strong>em terceiro, no primeiro top-3 em sua temporada de novato na F1.<\/p>\n\n\n\n<p class=\"wp-block-paragraph\"><strong>Ferrari <\/strong>e <strong>Mercedes <\/strong>brigaram firme por cada ponto que vale o vice dos Construtores. <strong>Charles Leclerc<\/strong> puxou uma fila com <strong>Lewis Hamilton, Carlos Sainz<\/strong> e <strong>George Russell<\/strong>, do quarto ao s\u00e9timo, respectivamente. <strong>Fernando Alonso<\/strong> foi oitavo em uma <strong>Aston Martin<\/strong> cada vez mais medonha e as <strong>Alpine<\/strong>, com a equipe fazendo nova trapalhada, fecharam a zona de pontos.<\/p>\n\n\n\n<p class=\"wp-block-paragraph\">Diante deste cen\u00e1rio, o <strong>GRANDE PR\u00caMIO<\/strong> aponta cinco coisas que aprendemos na 16\u00aa etapa da <strong>F1 2023<\/strong>, no <strong>Jap\u00e3o<\/strong>:<\/p>\n\n\n\n<figure class=\"wp-block-image size-large\"><img decoding=\"async\" src=\"https:\/\/www.grandepremio.com\/br\/wp-content\/uploads\/2023\/09\/japao-2023-f1-treinos-livres-red-bull-sergio-perez-02-1024x683.jpg\" alt=\"\" class=\"wp-image-732041\"\/><figcaption class=\"wp-element-caption\">Sergio P\u00e9rez faz o poss\u00edvel para n\u00e3o acompanhar a Red Bull 2023 (Foto: Red Bull Content Pool)<\/figcaption><\/figure>\n\n\n\n<p class=\"wp-block-paragraph\"><strong>GP do Jap\u00e3o \u00e9 simb\u00f3lico: Red Bull faz temporada hist\u00f3rica apesar de P\u00e9rez<\/strong><\/p>\n\n\n\n<p class=\"wp-block-paragraph\">P\u00e9rez ser vice-l\u00edder da F1 2023 s\u00f3 mostra como a Red Bull vive um ano absolutamente especial. No Jap\u00e3o, o mexicano teve um dia bizarro, com erro na largada, puni\u00e7\u00e3o por infra\u00e7\u00e3o em safety-car, puni\u00e7\u00e3o por acidente, abandono duplo. E mesmo assim o time fechou a conta do Mundial de Construtores pelos pontos conquistados por Verstappen. \u00c9 claro que n\u00e3o foi a prova em Suzuka que definiu os rumos da temporada, mas o qu\u00e3o simb\u00f3lico foi ter sido deste exato jeito, hein?<\/p>\n\n\n\n<p class=\"wp-block-paragraph\"><strong>P\u00f3dio duplo faz McLaren sonhar alto, ainda que pegar Red Bull pare\u00e7a imposs\u00edvel<\/strong><\/p>\n\n\n\n<p class=\"wp-block-paragraph\">A McLaren est\u00e1 saindo do Jap\u00e3o falando em pegar a Red Bull e, tudo bem, sabemos que \u00e9 praticamente imposs\u00edvel, mas vale sonhar, sabe? N\u00e3o custa nada e o time laranja \u00e9, hoje, quem mais d\u00e1 sinais de que pode crescer a ponto de desafiar os agora hexacampe\u00f5es. Com Norris e Piastri, a McLaren tem uma dupla jovem e talentosa e o carro n\u00e3o para de melhorar. Olhando para 2023, a Aston Martin tende a ser atropelada em breve tamb\u00e9m nos pontos.<\/p>\n\n\n\n<figure class=\"wp-block-image size-large\"><img decoding=\"async\" src=\"https:\/\/www.grandepremio.com\/br\/wp-content\/uploads\/2023\/09\/japao-2023-f1-corrida-ferrari-charles-leclerc-afp-03-1024x683.jpg\" alt=\"\" class=\"wp-image-733460\"\/><figcaption class=\"wp-element-caption\">Charles Leclerc comandou o pelot\u00e3o Ferrari-Mercedes no Jap\u00e3o (Foto: AFP) <\/figcaption><\/figure>\n\n\n\n<p class=\"wp-block-paragraph\"><strong>Ferrari e Mercedes travam duelo em pr\u00e9via da briga pelo vice dos Construtores<\/strong><\/p>\n\n\n\n<p class=\"wp-block-paragraph\">Ferrari e Mercedes passaram bem longe do protagonismo em Suzuka, mas estiveram envolvidas em uma briga intensa que reflete tamb\u00e9m o que \u00e9 o campeonato. A Ferrari parece melhor em classifica\u00e7\u00e3o, a Mercedes consegue chegar em corridas e a batalha est\u00e1 armada. No Jap\u00e3o, vantagem leve para os italianos, que encostam cada vez mais na pontua\u00e7\u00e3o. E talvez hoje sejam os favoritos ao vice do Mundial.<\/p>\n\n\n\n<p class=\"wp-block-paragraph\"><strong>Nem Alonso vai evitar Aston Martin de deixar top-4<\/strong><\/p>\n\n\n\n<p class=\"wp-block-paragraph\">Alonso teve uma boa performance no Jap\u00e3o, segurou as Alpine, mas \u00e9 muito pouco para quem vinha como segunda for\u00e7a da temporada. A realidade bateu e a Aston Martin est\u00e1 prestes a cair para quinto no Mundial de Construtores e, em performance, \u00e9 capaz at\u00e9 de oscilar mais do que isso dependendo da pista. E o bicampe\u00e3o vai come\u00e7ando a demonstrar insatisfa\u00e7\u00e3o, parece que \u00e9 o fim da era Fernandinho Paz e Amor.<\/p>\n\n\n\n<figure class=\"wp-block-image size-large\"><img decoding=\"async\" src=\"https:\/\/www.grandepremio.com\/br\/wp-content\/uploads\/2023\/09\/japao-2023-f1-classificacao-williams-logan-sargeant-05-1024x683.jpg\" alt=\"\" class=\"wp-image-732838\"\/><figcaption class=\"wp-element-caption\">Logan Sargeant tem se envolvido em acidentes frequentemente (Foto: Williams)<\/figcaption><\/figure>\n\n\n\n<p class=\"wp-block-paragraph\"><strong>Alpine erra com Gasly, Lawson abre 4&#215;0 em Tsunoda e Sargeant\u2026<\/strong><\/p>\n\n\n\n<p class=\"wp-block-paragraph\">Atr\u00e1s de Alonso, a Alpine ainda protagonizou um momento bem estranho ao inverter <strong>Esteban Ocon <\/strong>e <strong>Pierre Gasly<\/strong> na \u00faltima volta. \u00c9 que Gasly passaria Ocon de qualquer forma caso o time n\u00e3o tivesse pedido a troca de posi\u00e7\u00f5es, vinha com pneus bem mais novos. Pierre n\u00e3o curtiu muito, mas respeitou a equipe, que arrumou mais sarna para se co\u00e7ar.<\/p>\n\n\n\n<p class=\"wp-block-paragraph\">Na <strong>AlphaTauri<\/strong>, na corrida em que pode ter se despedido da temporada, <strong>Liam Lawson<\/strong> ganhou de novo de <strong>Yuki Tsunoda<\/strong> e agora tem um sonoro 4&#215;0 em posi\u00e7\u00f5es de chegada contra o japon\u00eas, aumentando ainda mais os questionamentos: o neozeland\u00eas realmente n\u00e3o poderia ocupar um cockpit em 2024?<\/p>\n\n\n\n<p class=\"wp-block-paragraph\">Por fim, a pobre da <strong>Williams<\/strong>. <strong>Logan Sargeant<\/strong> simplesmente n\u00e3o deixa mais os mec\u00e2nicos do time em paz e, agora, soma quatro corridas acidentadas seguidas desde que a F1 voltou das f\u00e9rias. Na briga pela \u00fanica vaga ainda em aberto no grid, o americano parece fazer de tudo para n\u00e3o ficar com ela. Melhor para<strong> Felipe Drugovich<\/strong> e quem mais sonhar com um carro para 2024.<\/p>\n\n\n\n<p class=\"wp-block-paragraph\">A&nbsp;<a href=\"https:\/\/www.grandepremio.com\/formula-1\/\" target=\"_blank\" rel=\"noreferrer noopener\"><\/a><a href=\"https:\/\/www.grandepremio.com\/formula-1\/\" target=\"_blank\" rel=\"noreferrer noopener\">F\u00f3rmula 1<\/a>&nbsp;volta daqui a duas semanas, entre os dias 6 e 8 de outubro, para a disputa do&nbsp;<strong>GP do Catar<\/strong>, e o&nbsp;<strong>GRANDE PR\u00caMIO<\/strong>&nbsp;acompanha tudo.<\/p>\n\n\n\n<p class=\"wp-block-paragraph\"><strong>\u25b6\ufe0f\u00a0Inscreva-se nos dois canais do GRANDE PR\u00caMIO no YouTube:\u00a0<a href=\"https:\/\/www.youtube.com\/channel\/UC9OlHEgxoaY6QY6nWPoiqQg?sub_confirmation=1\" target=\"_blank\" rel=\"noreferrer noopener\">GP<\/a>\u00a0|\u00a0<a href=\"https:\/\/www.youtube.com\/channel\/UC9csiS6q_C3C0FYhyr1rnFA?sub_confirmation=1\" target=\"_blank\" rel=\"noreferrer noopener\">GP2<\/a><\/strong><br><strong>\u25b6\ufe0f\u00a0<a href=\"https:\/\/www.twitch.tv\/grandepremio\" target=\"_blank\" rel=\"noreferrer noopener\">Conhe\u00e7a o canal do GRANDE PR\u00caMIO na Twitch clicando aqui!<\/a><\/strong><\/p>\n\n\n\n<figure class=\"wp-block-embed is-type-video is-provider-youtube wp-block-embed-youtube wp-embed-aspect-16-9 wp-has-aspect-ratio\"><div class=\"wp-block-embed__wrapper\">\n<iframe loading=\"lazy\" title=\"Verstappen SOBRA no Jap\u00e3o. Norris 2\u00ba, Piastri 3\u00ba e Red Bull CAMPE\u00c3 da F1 2023 | Briefing\" width=\"500\" height=\"281\" src=\"https:\/\/www.youtube.com\/embed\/ctT1QKx-4KM?feature=oembed\" frameborder=\"0\" allow=\"accelerometer; autoplay; clipboard-write; encrypted-media; gyroscope; picture-in-picture; web-share\" referrerpolicy=\"strict-origin-when-cross-origin\" allowfullscreen><\/iframe>\n<\/div><\/figure>\n","protected":false},"excerpt":{"rendered":"<p>A Red Bull fechou a conta do Mundial de Construtores e garantiu o hexa num GP do Jap\u00e3o espetacular de Max Verstappen e desastroso de Sergio P\u00e9rez, que ajuda a explicar bem a temporada 2023 da F1<\/p>\n","protected":false},"author":0,"featured_media":1000733551,"comment_status":"closed","ping_status":"closed","sticky":false,"template":"","format":"standard","meta":{"42wp_featured_image_caption":"","42wp_featured_image_credits":"","42wp_featured_video":"","42wp_featured_image_hidden":false,"42wp_authors_list":[],"footnotes":""},"categories":[2],"tags":[1189,457,524,20491,309,26000,699,1280,2214,8866,26271,546,209,5273,211,781,302,147,7811,6533,176,207,180,30722,800,1224,1388,1647,24898,1397,3023,1491,28285,3746,119,36232,30840,4122,3967,35791,4005,17313,28045,29318,32683,36553,117,485,547,87,595,25553,3395,203,90,82,1737,32394,36356,36187,1521,1556,2916,676,20372,35854,204,3901,3132,3073,3427,32610,608,31447,612,215,35843,1389],"42wp_author":[47117],"class_list":["post-98891","post","type-post","status-publish","format-standard","has-post-thumbnail","hentry","category-f1","tag-alain-prost","tag-alfa-romeo","tag-alphatauri","tag-alpine","tag-aston-martin","tag-audiencia-da-tv","tag-ayrton-senna","tag-band","tag-brendon-hartley","tag-budapeste","tag-calendario-f1","tag-carlos-sainz","tag-charles-leclerc","tag-classificacao-f1","tag-daniel-ricciardo","tag-daniil-kvyat","tag-esteban-ocon","tag-f1","tag-f1-1988","tag-f1-2023","tag-fernando-alonso","tag-ferrari","tag-formula-1","tag-formula-1-2023","tag-george-russell","tag-globo","tag-gp-da-holanda","tag-gp-da-hungria","tag-gp-da-italia","tag-gp-de-singapura","tag-gp-do-japao","tag-grande-premio","tag-grandepremio","tag-guanyu-zhou","tag-haas","tag-holanda-gp","tag-horarios-f1","tag-hungaroring","tag-hungria","tag-hungria-2023","tag-hungria-f1","tag-italia","tag-italia-f1","tag-italian-gp","tag-japan-gp","tag-japao-gp","tag-kevin-magnussen","tag-lance-stroll","tag-lando-norris","tag-lewis-hamilton","tag-liam-lawson","tag-logan-sargeant","tag-marina-bay","tag-max-verstappen","tag-mclaren","tag-mercedes","tag-monza","tag-monza-f1","tag-monza-gp","tag-netherlands-gp","tag-nico-hulkenberg","tag-nyck-de-vries","tag-oscar-piastri","tag-pierre-gasly","tag-record","tag-recorde-red-bull","tag-red-bull","tag-sbt","tag-sergio-perez","tag-singapura","tag-singapura-f1","tag-singapura-gp","tag-suzuka","tag-temporada-2023-f1","tag-valtteri-bottas","tag-williams","tag-yuki-tsunoda-nyck-de-vries","tag-zandvoort","42wp_author-gabriel-curty"],"_links":{"self":[{"href":"https:\/\/grandepremio.com\/br\/wp-json\/wp\/v2\/posts\/98891","targetHints":{"allow":["GET"]}}],"collection":[{"href":"https:\/\/grandepremio.com\/br\/wp-json\/wp\/v2\/posts"}],"about":[{"href":"https:\/\/grandepremio.com\/br\/wp-json\/wp\/v2\/types\/post"}],"replies":[{"embeddable":true,"href":"https:\/\/grandepremio.com\/br\/wp-json\/wp\/v2\/comments?post=98891"}],"version-history":[{"count":0,"href":"https:\/\/grandepremio.com\/br\/wp-json\/wp\/v2\/posts\/98891\/revisions"}],"wp:featuredmedia":[{"embeddable":true,"href":"https:\/\/grandepremio.com\/br\/wp-json\/wp\/v2\/media\/1000733551"}],"wp:attachment":[{"href":"https:\/\/grandepremio.com\/br\/wp-json\/wp\/v2\/media?parent=98891"}],"wp:term":[{"taxonomy":"category","embeddable":true,"href":"https:\/\/grandepremio.com\/br\/wp-json\/wp\/v2\/categories?post=98891"},{"taxonomy":"post_tag","embeddable":true,"href":"https:\/\/grandepremio.com\/br\/wp-json\/wp\/v2\/tags?post=98891"},{"taxonomy":"42wp_author","embeddable":true,"href":"https:\/\/grandepremio.com\/br\/wp-json\/wp\/v2\/42wp_author?post=98891"}],"curies":[{"name":"wp","href":"https:\/\/api.w.org\/{rel}","templated":true}]}}