{"id":98907,"date":"2023-09-24T05:59:30","date_gmt":"2023-09-24T08:59:30","guid":{"rendered":"https:\/\/grandepremio.com\/br\/noticias\/fernando-alonso-celebra-pontos-lamenta-dificuldades-pneus-duros-japao\/"},"modified":"2023-09-24T05:59:38","modified_gmt":"2023-09-24T08:59:38","slug":"fernando-alonso-celebra-pontos-lamenta-dificuldades-pneus-duros-japao","status":"publish","type":"post","link":"https:\/\/grandepremio.com\/br\/f1\/fernando-alonso-celebra-pontos-lamenta-dificuldades-pneus-duros-japao\/","title":{"rendered":"Alonso celebra pontos, mas lamenta \u201cdificuldades\u201d com pneus duros no Jap\u00e3o"},"content":{"rendered":"\n<p class=\"wp-block-paragraph\">Embora a <strong>Aston Martin<\/strong> tenha apresentado um ritmo fraco ao longo de todo o fim de semana em <strong>Suzuka<\/strong>, <strong>Fernando Alonso<\/strong> conseguiu salvar quatro pontos para a equipe durante o <strong>GP do Jap\u00e3o<\/strong>, <a href=\"https:\/\/www.grandepremio.com\/br\/f1\/noticias\/max-verstappen-vence-japao-leva-red-bull-hexa-lando-norris-oscar-piastri-podio\/\" class=\"ek-link\">que aconteceu na madrugada<\/a> deste domingo (24). Embora tenha gostado do resultado alcan\u00e7ado, o espanhol admitiu que sofreu quando cal\u00e7ou os pneus duros \u2014 o que dificultou um pouco o trabalho.<\/p>\n\n\n\n<p class=\"wp-block-paragraph\">Embora tenha sido apenas o d\u00e9cimo na classifica\u00e7\u00e3o, Alonso fez uma boa largada e pulou para sexto logo no in\u00edcio da corrida. O bicampe\u00e3o, no entanto, n\u00e3o teve equipamento para segurar a press\u00e3o dos carros da <strong>Mercedes<\/strong> e da <strong>Ferrari<\/strong> e se tornou uma presa f\u00e1cil. Al\u00e9m disso, ainda precisou batalhar contra as Alpine de Esteban Ocon e Pierre Gasly para conseguir um lugar melhor no top-10.<\/p>\n\n\n\n<p class=\"wp-block-paragraph\"><strong>\u25b6\ufe0f\u00a0Inscreva-se nos dois canais do GRANDE PR\u00caMIO no YouTube:\u00a0<a href=\"https:\/\/www.youtube.com\/channel\/UC9OlHEgxoaY6QY6nWPoiqQg?sub_confirmation=1\" target=\"_blank\" rel=\"noreferrer noopener\">GP<\/a>\u00a0|\u00a0<a href=\"https:\/\/www.youtube.com\/channel\/UC9csiS6q_C3C0FYhyr1rnFA?sub_confirmation=1\" target=\"_blank\" rel=\"noreferrer noopener\">GP2<\/a><\/strong><br><strong>\u25b6\ufe0f\u00a0<a href=\"https:\/\/www.twitch.tv\/grandepremio\" target=\"_blank\" rel=\"noreferrer noopener\">Conhe\u00e7a o canal do GRANDE PR\u00caMIO na Twitch clicando aqui!<\/a><\/strong><\/p>\n\n\n\n<figure class=\"wp-block-image size-large\"><img decoding=\"async\" src=\"https:\/\/www.grandepremio.com\/br\/wp-content\/uploads\/2023\/09\/japao-2023-f1-corrida-aston-martin-fernando-alonso-afp-01-1024x683.jpg\" alt=\"\" class=\"wp-image-733458\"\/><figcaption class=\"wp-element-caption\">Fernando Alonso (Foto: AFP)<\/figcaption><\/figure>\n\n\n\n<p class=\"wp-block-paragraph\">\u201cFoi uma boa corrida hoje. Uma \u00f3tima largada nos colocou em sexto e o carro esteve bem apesar da falta de desempenho de ontem. Tendo largado com os macios, paramos nos boxes um pouco mais cedo do que aqueles que estavam pr\u00f3ximos de n\u00f3s e tivemos algumas dificuldades quando mudamos para os pneus duros\u201d, disse Alonso<\/p>\n\n\n\n<p class=\"wp-block-paragraph\">\u201cNo segundo jogo de pneus duros fomos bastante competitivos, por isso conseguimos pressionar e manter as Alpine para tr\u00e1s no final. Todos est\u00e3o trabalhando a todo vapor na pista e na f\u00e1brica, por isso continuaremos trabalhando e ansiosos pelo Catar\u201d, finalizou o piloto da Aston Martin.<\/p>\n\n\n\n<p class=\"wp-block-paragraph\">A\u00a0<a href=\"https:\/\/www.grandepremio.com\/formula-1\/\" target=\"_blank\" rel=\"noreferrer noopener\">F\u00f3rmula 1<\/a>\u00a0volta daqui a duas semanas, entre os dias 6 e 8 de outubro, para a disputa do\u00a0<strong>GP do Catar<\/strong>, e o\u00a0<strong>GRANDE PR\u00caMIO<\/strong>\u00a0acompanha tudo.<\/p>\n\n\n\n<figure class=\"wp-block-embed is-type-rich is-provider-incorporar-manipulador wp-block-embed-incorporar-manipulador wp-embed-aspect-16-9 wp-has-aspect-ratio\"><div class=\"wp-block-embed__wrapper\">\nhttps:\/\/youtube.com\/watch?v=ctT1QKx-4KM%3Fsi%3Dy9ACbA1SSD7kOWnq\n<\/div><\/figure>\n","protected":false},"excerpt":{"rendered":"<p>Embora tenha sofrido com o ritmo da Aston Martin ao longo de todo fim de semana, Fernando Alonso celebrou os pontos obtidos no GP do Jap\u00e3o e espera voltar mais forte para o GP do Catar<\/p>\n","protected":false},"author":0,"featured_media":1000731741,"comment_status":"closed","ping_status":"closed","sticky":false,"template":"","format":"standard","meta":{"42wp_featured_image_caption":"","42wp_featured_image_credits":"","42wp_featured_video":"","42wp_featured_image_hidden":false,"42wp_authors_list":[],"footnotes":""},"categories":[2],"tags":[309,147,176,24856,32638,32640,219,28285,608,36565,32660],"42wp_author":[47149],"class_list":["post-98907","post","type-post","status-publish","format-standard","has-post-thumbnail","hentry","category-f1","tag-aston-martin","tag-f1","tag-fernando-alonso","tag-gp-do-japao-2","tag-gp-do-japao-de-f1","tag-gp-do-japao-de-formula-1","tag-grande-prmio","tag-grandepremio","tag-suzuka","tag-suzuka-2023","tag-suzuka-f1","42wp_author-bernardo-castro"],"_links":{"self":[{"href":"https:\/\/grandepremio.com\/br\/wp-json\/wp\/v2\/posts\/98907","targetHints":{"allow":["GET"]}}],"collection":[{"href":"https:\/\/grandepremio.com\/br\/wp-json\/wp\/v2\/posts"}],"about":[{"href":"https:\/\/grandepremio.com\/br\/wp-json\/wp\/v2\/types\/post"}],"replies":[{"embeddable":true,"href":"https:\/\/grandepremio.com\/br\/wp-json\/wp\/v2\/comments?post=98907"}],"version-history":[{"count":0,"href":"https:\/\/grandepremio.com\/br\/wp-json\/wp\/v2\/posts\/98907\/revisions"}],"wp:featuredmedia":[{"embeddable":true,"href":"https:\/\/grandepremio.com\/br\/wp-json\/wp\/v2\/media\/1000731741"}],"wp:attachment":[{"href":"https:\/\/grandepremio.com\/br\/wp-json\/wp\/v2\/media?parent=98907"}],"wp:term":[{"taxonomy":"category","embeddable":true,"href":"https:\/\/grandepremio.com\/br\/wp-json\/wp\/v2\/categories?post=98907"},{"taxonomy":"post_tag","embeddable":true,"href":"https:\/\/grandepremio.com\/br\/wp-json\/wp\/v2\/tags?post=98907"},{"taxonomy":"42wp_author","embeddable":true,"href":"https:\/\/grandepremio.com\/br\/wp-json\/wp\/v2\/42wp_author?post=98907"}],"curies":[{"name":"wp","href":"https:\/\/api.w.org\/{rel}","templated":true}]}}