{"id":98925,"date":"2023-09-24T01:17:14","date_gmt":"2023-09-24T04:17:14","guid":{"rendered":"https:\/\/grandepremio.com\/br\/noticias\/logan-sargeant-inicia-gp-japao-pit-lane-com-10s-punicao-terceiro-carro-batida\/"},"modified":"2023-09-24T03:44:23","modified_gmt":"2023-09-24T06:44:23","slug":"logan-sargeant-inicia-gp-japao-pit-lane-com-10s-punicao-terceiro-carro-batida","status":"publish","type":"post","link":"https:\/\/grandepremio.com\/br\/f1\/logan-sargeant-inicia-gp-japao-pit-lane-com-10s-punicao-terceiro-carro-batida\/","title":{"rendered":"Sargeant inicia GP do Jap\u00e3o do pit-lane e com 10s de puni\u00e7\u00e3o por &#8216;terceiro carro&#8217; ap\u00f3s batida"},"content":{"rendered":"\n<figure class=\"wp-block-video\"><video class=\"video-js vjs-big-play-centered\" data-gp-vjs=\"1\" controls poster=\"https:\/\/www.grandepremio.com\/br\/wp-content\/uploads\/2023\/09\/SkySportsF1_avc1_1705465093968789751-poster.jpeg\" src=\"https:\/\/www.grandepremio.com\/br\/wp-content\/uploads\/2023\/09\/SkySportsF1_avc1_1705465093968789751.mp4\"><\/video><figcaption class=\"wp-element-caption\">Sargeant foi no muro ainda no in\u00edcio da classifica\u00e7\u00e3o no Jap\u00e3o (V\u00eddeo: Sky Sports)<\/figcaption><\/figure>\n\n\n\n<p class=\"wp-block-paragraph\">Al\u00e9m de largar do pit-lane, <strong>Logan Sargeant<\/strong> vai come\u00e7ar o <strong>GP do Jap\u00e3o<\/strong> deste domingo (24), em <strong>Suzuka<\/strong>, com mais 10s na conta como puni\u00e7\u00e3o pela <strong>Williams <\/strong>ter feito altera\u00e7\u00f5es em seu carro <a href=\"https:\/\/www.grandepremio.com\/br\/f1\/noticias\/batida-logan-sargeant-causa-perda-total-deixa-williams-mira-fia-violar-regras\/\" class=\"ek-link\">al\u00e9m das permitidas pelo regulamento <\/a>ap\u00f3s a forte batida durante o <strong>Q1 <\/strong>da classifica\u00e7\u00e3o. A equipe inglesa precisou praticamente apelar para um carro reserva, o que \u00e9 proibido.<\/p>\n\n\n\n<p class=\"wp-block-paragraph\">Sargeant saiu de traseira e perdeu o controle do carro perto dos dez minutos restantes do <strong>Q1<\/strong>, batendo forte na barreira de prote\u00e7\u00e3o e destruindo a lateral esquerda do <strong>FW45<\/strong>. A princ\u00edpio, o americano largaria do pit-lane para a corrida de logo mais, mas a Williams foi chamada \u00e0 sala dos comiss\u00e1rios da\u00a0<strong>Federa\u00e7\u00e3o Internacional de Automobilismo<\/strong>\u00a0(<strong>FIA<\/strong>) para dar explica\u00e7\u00f5es sobre o trabalho feito para reparar o b\u00f3lido #2. Pelas regras, o n\u00famero de altera\u00e7\u00f5es n\u00e3o pode ser equivalente a um terceiro carro \u2014 exatamente o que aconteceu, de acordo com documento emitido pela entidade.<\/p>\n\n\n\n<p class=\"wp-block-paragraph\"><strong>\u25b6\ufe0f\u00a0Inscreva-se nos dois canais do GRANDE PR\u00caMIO no YouTube:\u00a0<a href=\"https:\/\/www.youtube.com\/channel\/UC9OlHEgxoaY6QY6nWPoiqQg?sub_confirmation=1\" target=\"_blank\" rel=\"noreferrer noopener\">GP<\/a>\u00a0|\u00a0<a href=\"https:\/\/www.youtube.com\/channel\/UC9csiS6q_C3C0FYhyr1rnFA?sub_confirmation=1\" target=\"_blank\" rel=\"noreferrer noopener\">GP2<\/a><\/strong><br><strong>\u25b6\ufe0f\u00a0<a href=\"https:\/\/www.twitch.tv\/grandepremio\" target=\"_blank\" rel=\"noreferrer noopener\">Conhe\u00e7a o canal do GRANDE PR\u00caMIO na Twitch clicando aqui!<\/a><\/strong><\/p>\n\n\n\n<figure class=\"wp-block-image size-large\"><img decoding=\"async\" src=\"https:\/\/www.grandepremio.com\/br\/wp-content\/uploads\/2023\/09\/japao-2023-f1-classificacao-williams-logan-sargeant-05-1024x683.jpg\" alt=\"\" class=\"wp-image-732838\"\/><figcaption class=\"wp-element-caption\">Carro de Sargeant ficou destru\u00eddo em Suzuka (Foto: Williams)<\/figcaption><\/figure>\n\n\n\n<p class=\"wp-block-paragraph\">De acordo com a nota, &#8220;a delega\u00e7\u00e3o t\u00e9cnica relatou aos comiss\u00e1rios que o competidor trabalhou no carro durante duas horas ap\u00f3s a bandeirada [que encerrou a classifica\u00e7\u00e3o]. O relat\u00f3rio mencionou que o chassi relevante foi montado al\u00e9m do conjunto que compreende a c\u00e9lula de sobreviv\u00eancia, conforme definido no artigo 27.2 do <strong>Regulamento Esportivo <\/strong>da F\u00f3rmula 1, e, portanto, deve ser considerado como um terceiro carro \u00e0 disposi\u00e7\u00e3o&#8221;.<\/p>\n\n\n\n<p class=\"wp-block-paragraph\">&#8220;Foi considerado, portanto, que a equipe Williams violou o artigo 27.1 do Regulamento Esportivo, que estabelece que cada competidor (equipe) n\u00e3o pode ter mais de dois carros dispon\u00edveis em qualquer momento durante uma competi\u00e7\u00e3o&#8221;, acrescentou o \u00f3rg\u00e3o regulador, reiterando ainda que &#8220;o tempo de trabalho dispon\u00edvel em parque fechado para a montagem de um carro completo \u00e9 limitado, o que pode, portanto, comprometer a participa\u00e7\u00e3o de um carro na corrida em caso de acidente grave&#8221;, seguiu.<\/p>\n\n\n\n<p class=\"wp-block-paragraph\">&#8220;Nota-se tamb\u00e9m que o carro #2 sofreu uma altera\u00e7\u00e3o de especifica\u00e7\u00e3o e, portanto, nos termos do artigo 40.9, ter\u00e1 de come\u00e7ar a corrida a partir dos boxes de todo caso, por uma infra\u00e7\u00e3o diferente&#8221;, continuou o texto, ressaltando que &#8220;como a largada a partir do pit-lane j\u00e1 \u00e9 imposta em caso de modifica\u00e7\u00e3o de pe\u00e7as, uma puni\u00e7\u00e3o adicional por ter um terceiro chassi dispon\u00edvel era apropriada&#8221;.<\/p>\n\n\n\n<p class=\"wp-block-paragraph\">Por fim, a FIA declarou em nota que &#8220;os comiss\u00e1rios recomendam que essa quest\u00e3o seja discutida novamente no <strong>Comit\u00ea Esportivo Consultivo<\/strong>&#8221; e encerrou dizendo que os competidores &#8220;t\u00eam o direito de recorrer de certas decis\u00f5es dos comiss\u00e1rios, de acordo com o artigo 15 do C\u00f3digo Esportivo Internacional da FIA e o cap\u00edtulo 4 das Regras Judiciais e Disciplinares da FIA, dentro dos prazos aplic\u00e1veis&#8221;.<\/p>\n\n\n\n<p class=\"wp-block-paragraph\">O\u00a0<strong>GRANDE<\/strong>\u00a0<strong>PR\u00caMIO\u00a0<\/strong>acompanha\u00a0<strong><a href=\"https:\/\/www.grandepremio.com\/br\/ao-vivo\/f1\">AO VIVO e EM\u00a0<\/a><a href=\"https:\/\/www.grandepremio.com\/br\/ao-vivo\/\" target=\"_blank\" rel=\"noreferrer noopener\">TEMPO REAL<\/a><\/strong>\u00a0todas as atividades do\u00a0<strong>GP do Jap\u00e3o<\/strong>, em\u00a0<strong>Suzu<\/strong>ka. No domingo, a corrida tamb\u00e9m conta com\u00a0<a href=\"https:\/\/formula1aovivo.com\/\" target=\"_blank\" rel=\"noreferrer noopener\">transmiss\u00e3o<\/a>\u00a0em\u00a0<strong><a href=\"https:\/\/www.youtube.com\/@GrandePremio1\/streams\">SEGUNDA TELA, NA\u00a0<\/a><\/strong><a href=\"https:\/\/www.youtube.com\/@GrandePremio1\/streams\"><strong>GPTV, EM PARCERIA COM A VOZ DO ESPORTE<\/strong>.<\/a><\/p>\n\n\n\n<figure class=\"wp-block-embed is-type-video is-provider-youtube wp-block-embed-youtube wp-embed-aspect-16-9 wp-has-aspect-ratio\"><div class=\"wp-block-embed__wrapper\">\n<iframe loading=\"lazy\" title=\"GEORGE RUSSELL: por que tantas derrotas na F1 2023? | GP \u00e0s 10\" width=\"500\" height=\"281\" src=\"https:\/\/www.youtube.com\/embed\/UHBuPCUuawE?feature=oembed\" frameborder=\"0\" allow=\"accelerometer; autoplay; clipboard-write; encrypted-media; gyroscope; picture-in-picture; web-share\" referrerpolicy=\"strict-origin-when-cross-origin\" allowfullscreen><\/iframe>\n<\/div><\/figure>\n","protected":false},"excerpt":{"rendered":"<p>A Williams precisou apelar praticamente para um carro reserva para Logan Sargeant poder disputar o GP do Jap\u00e3o ap\u00f3s bater no Q1 da classifica\u00e7\u00e3o. S\u00f3 que as mudan\u00e7as foram al\u00e9m do permitido pelo regulamento, portanto, al\u00e9m de largar do pit-lane, o americano come\u00e7ar\u00e1 a corrida em Suzuka com 10s a pagar na conta<\/p>\n","protected":false},"author":0,"featured_media":1000732803,"comment_status":"closed","ping_status":"closed","sticky":false,"template":"","format":"standard","meta":{"42wp_featured_image_caption":"","42wp_featured_image_credits":"","42wp_featured_video":"","42wp_featured_image_hidden":false,"42wp_authors_list":[],"footnotes":""},"categories":[2],"tags":[26271,5273,147,6533,180,30722,3023,1491,28285,30840,24855,36566,32659,25553,35129,608,36565,32660,31447,215],"42wp_author":[47147],"class_list":["post-98925","post","type-post","status-publish","format-standard","has-post-thumbnail","hentry","category-f1","tag-calendario-f1","tag-classificacao-f1","tag-f1","tag-f1-2023","tag-formula-1","tag-formula-1-2023","tag-gp-do-japao","tag-grande-premio","tag-grandepremio","tag-horarios-f1","tag-japao","tag-japao-2023","tag-japao-f1","tag-logan-sargeant","tag-onde-assistir-f1","tag-suzuka","tag-suzuka-2023","tag-suzuka-f1","tag-temporada-2023-f1","tag-williams","42wp_author-luana-marino"],"_links":{"self":[{"href":"https:\/\/grandepremio.com\/br\/wp-json\/wp\/v2\/posts\/98925","targetHints":{"allow":["GET"]}}],"collection":[{"href":"https:\/\/grandepremio.com\/br\/wp-json\/wp\/v2\/posts"}],"about":[{"href":"https:\/\/grandepremio.com\/br\/wp-json\/wp\/v2\/types\/post"}],"replies":[{"embeddable":true,"href":"https:\/\/grandepremio.com\/br\/wp-json\/wp\/v2\/comments?post=98925"}],"version-history":[{"count":0,"href":"https:\/\/grandepremio.com\/br\/wp-json\/wp\/v2\/posts\/98925\/revisions"}],"wp:featuredmedia":[{"embeddable":true,"href":"https:\/\/grandepremio.com\/br\/wp-json\/wp\/v2\/media\/1000732803"}],"wp:attachment":[{"href":"https:\/\/grandepremio.com\/br\/wp-json\/wp\/v2\/media?parent=98925"}],"wp:term":[{"taxonomy":"category","embeddable":true,"href":"https:\/\/grandepremio.com\/br\/wp-json\/wp\/v2\/categories?post=98925"},{"taxonomy":"post_tag","embeddable":true,"href":"https:\/\/grandepremio.com\/br\/wp-json\/wp\/v2\/tags?post=98925"},{"taxonomy":"42wp_author","embeddable":true,"href":"https:\/\/grandepremio.com\/br\/wp-json\/wp\/v2\/42wp_author?post=98925"}],"curies":[{"name":"wp","href":"https:\/\/api.w.org\/{rel}","templated":true}]}}