{"id":98960,"date":"2023-09-23T05:18:16","date_gmt":"2023-09-23T08:18:16","guid":{"rendered":"https:\/\/grandepremio.com\/br\/noticias\/red-bull-elogia-volta-max-verstappen-classificacao-japao-para-colocar-quadro\/"},"modified":"2023-09-23T05:47:25","modified_gmt":"2023-09-23T08:47:25","slug":"red-bull-elogia-volta-max-verstappen-classificacao-japao-para-colocar-quadro","status":"publish","type":"post","link":"https:\/\/grandepremio.com\/br\/f1\/red-bull-elogia-volta-max-verstappen-classificacao-japao-para-colocar-quadro\/","title":{"rendered":"Red Bull se derrete com &#8220;pole para emoldurar&#8221; de Verstappen no GP do Jap\u00e3o"},"content":{"rendered":"\n<p class=\"wp-block-paragraph\">Depois de um fim de semana complicado em <strong>Singapura<\/strong>, a <strong>Red Bull<\/strong> voltou a dominar na <strong>F\u00f3rmula 1<\/strong> e viu <strong>Max Verstappen<\/strong> <a href=\"https:\/\/www.grandepremio.com\/br\/f1\/noticias\/max-verstappen-restabelece-dominio-maestria-conquista-pole-gp-japao-f1\/\" class=\"ek-link\">cravar a pole<\/a> para o<strong> GP do Jap\u00e3o<\/strong>. Depois de dominar todos os treinos livres, o bicampe\u00e3o teve uma grande performance na classifica\u00e7\u00e3o e foi o \u00fanico piloto a fazer uma volta na casa de 1min28s. Por isso, <strong>Christian Horner<\/strong>, chefe da equipe austr\u00edaca, classificou a exibi\u00e7\u00e3o como \u201cm\u00e1gica\u201d.<\/p>\n\n\n\n<p class=\"wp-block-paragraph\">At\u00e9 agora Verstappen n\u00e3o teve advers\u00e1rios em <strong>Suzuka<\/strong> e, embora n\u00e3o tenha terminado o Q2 na lideran\u00e7a, conseguiu garantir a pole sem muitas dificuldades no Q3. Com o melhor carro do fim de semana, o neerland\u00eas teve caminho livre para buscar a posi\u00e7\u00e3o de honda depois de ver o companheiro <strong>Sergio P\u00e9rez<\/strong> sofrer com o ritmo.<\/p>\n\n\n\n<p class=\"wp-block-paragraph\"><strong>\u25b6\ufe0f&nbsp;Inscreva-se nos dois canais do GRANDE PR\u00caMIO no YouTube:&nbsp;<a href=\"https:\/\/www.youtube.com\/channel\/UC9OlHEgxoaY6QY6nWPoiqQg?sub_confirmation=1\" target=\"_blank\" rel=\"noreferrer noopener\">GP<\/a>&nbsp;|&nbsp;<a href=\"https:\/\/www.youtube.com\/channel\/UC9csiS6q_C3C0FYhyr1rnFA?sub_confirmation=1\" target=\"_blank\" rel=\"noreferrer noopener\">GP2<\/a><\/strong><br><strong>\u25b6\ufe0f&nbsp;<a href=\"https:\/\/www.twitch.tv\/grandepremio\" target=\"_blank\" rel=\"noreferrer noopener\">Conhe\u00e7a o canal do GRANDE PR\u00caMIO na Twitch clicando aqui!<\/a><\/strong><\/p>\n\n\n\n<figure class=\"wp-block-image size-large\"><img decoding=\"async\" src=\"https:\/\/www.grandepremio.com\/br\/wp-content\/uploads\/2023\/09\/japao-2023-f1-treinos-livres-red-bull-max-verstappen-01-2-1024x576.jpg\" alt=\"\" class=\"wp-image-732621\"\/><figcaption class=\"wp-element-caption\">Max Verstappen foi o \u00fanico a conseguir uma volta na casa de 1min28s na classifica\u00e7\u00e3o (Foto: Reprodu\u00e7\u00e3o\/F1)<\/figcaption><\/figure>\n\n\n\n<p class=\"wp-block-paragraph\">Assim, Max se aproveitou de todo o conjunto e encaixou uma volta perfeita. O tempo ainda o colocou 0s5 \u00e0 frente de <strong>Oscar Piastri<\/strong>, segundo colocado. O trabalho impec\u00e1vel arrancou elogios de Horner.<\/p>\n\n\n\n<p class=\"wp-block-paragraph\">\u201cAcho que o que testemunhamos hoje foi realmente especial. \u00c9 uma pole para se emoldurar. Basta olhar para a curva 5, aquele primeiro setor foi incr\u00edvel. GP [<strong>Gianpiero Lambiase<\/strong>, engenheiro de Verstappen] estava dando corda para ele consegui uma volta na casa de 1min28s\u201d, declarou o chefe da Red Bull.<\/p>\n\n\n\n<p class=\"wp-block-paragraph\">O dirigente ainda afirmou que o equipamento segue beirando a perfei\u00e7\u00e3o, embora ainda n\u00e3o saiba porque o rendimento do RB19 caiu tanto durante o GP de Singapura.<\/p>\n\n\n\n<p class=\"wp-block-paragraph\">\u201cN\u00e3o creio que entendemos o que aconteceu em Singapura, mas este carro sempre foi forte neste tipo de circuito. O primeiro setor, principalmente, se trata do homem e da m\u00e1quina controlando o carro\u201d, finalizou.<\/p>\n\n\n\n<p class=\"wp-block-paragraph\">A largada para o&nbsp;<strong>GP do Jap\u00e3o<\/strong>&nbsp;est\u00e1 prevista para as 2h de s\u00e1bado, hor\u00e1rio de Bras\u00edlia. O&nbsp;<strong>GRANDE PR\u00caMIO<\/strong>&nbsp;acompanha todas as atividades da temporada 2023&nbsp;<strong>AO VIVO<\/strong>&nbsp;e&nbsp;<strong>EM&nbsp;<a href=\"https:\/\/www.grandepremio.com\/br\/ao-vivo\/\" target=\"_blank\" rel=\"noreferrer noopener\">TEMPO REAL<\/a><\/strong>. Antes, \u00e0 1h40, o&nbsp;<strong>GP&nbsp;<\/strong>abre a transmiss\u00e3o em segunda tela na&nbsp;<a href=\"https:\/\/www.youtube.com\/@GrandePremio1\/streams\">GPTV<\/a>, em parceria com a&nbsp;<strong>Voz do Esporte<\/strong>.<\/p>\n\n\n\n<figure class=\"wp-block-embed is-type-rich is-provider-incorporar-manipulador wp-block-embed-incorporar-manipulador wp-embed-aspect-16-9 wp-has-aspect-ratio\"><div class=\"wp-block-embed__wrapper\">\nhttps:\/\/youtube.com\/watch?v=mrZs8EbB1DE%3Fsi%3D9SdGe3Y4w_JSY4sR\n<\/div><\/figure>\n","protected":false},"excerpt":{"rendered":"<p>Para Christian Horner, chefe da Red Bull, Max Verstappen fez uma volta m\u00e1gica na classifica\u00e7\u00e3o em Suzuka, digna de ser colocada em um \u201cquadro m\u00e1gico\u201d<\/p>\n","protected":false},"author":0,"featured_media":1000732884,"comment_status":"closed","ping_status":"closed","sticky":false,"template":"","format":"standard","meta":{"42wp_featured_image_caption":"","42wp_featured_image_credits":"","42wp_featured_video":"","42wp_featured_image_hidden":false,"42wp_authors_list":[],"footnotes":""},"categories":[2],"tags":[655,85,147,24856,32638,32640,219,28285,13887,203,33169,204,24863,608,36565,32660,9685],"42wp_author":[47149],"class_list":["post-98960","post","type-post","status-publish","format-standard","has-post-thumbnail","hentry","category-f1","tag-christian-horner","tag-frmula-1","tag-f1","tag-gp-do-japao-2","tag-gp-do-japao-de-f1","tag-gp-do-japao-de-formula-1","tag-grande-prmio","tag-grandepremio","tag-horner","tag-max-verstappen","tag-rb19","tag-red-bull","tag-sergio-perez-2","tag-suzuka","tag-suzuka-2023","tag-suzuka-f1","tag-verstappen","42wp_author-bernardo-castro"],"_links":{"self":[{"href":"https:\/\/grandepremio.com\/br\/wp-json\/wp\/v2\/posts\/98960","targetHints":{"allow":["GET"]}}],"collection":[{"href":"https:\/\/grandepremio.com\/br\/wp-json\/wp\/v2\/posts"}],"about":[{"href":"https:\/\/grandepremio.com\/br\/wp-json\/wp\/v2\/types\/post"}],"replies":[{"embeddable":true,"href":"https:\/\/grandepremio.com\/br\/wp-json\/wp\/v2\/comments?post=98960"}],"version-history":[{"count":0,"href":"https:\/\/grandepremio.com\/br\/wp-json\/wp\/v2\/posts\/98960\/revisions"}],"wp:featuredmedia":[{"embeddable":true,"href":"https:\/\/grandepremio.com\/br\/wp-json\/wp\/v2\/media\/1000732884"}],"wp:attachment":[{"href":"https:\/\/grandepremio.com\/br\/wp-json\/wp\/v2\/media?parent=98960"}],"wp:term":[{"taxonomy":"category","embeddable":true,"href":"https:\/\/grandepremio.com\/br\/wp-json\/wp\/v2\/categories?post=98960"},{"taxonomy":"post_tag","embeddable":true,"href":"https:\/\/grandepremio.com\/br\/wp-json\/wp\/v2\/tags?post=98960"},{"taxonomy":"42wp_author","embeddable":true,"href":"https:\/\/grandepremio.com\/br\/wp-json\/wp\/v2\/42wp_author?post=98960"}],"curies":[{"name":"wp","href":"https:\/\/api.w.org\/{rel}","templated":true}]}}