{"id":98963,"date":"2023-09-23T05:03:12","date_gmt":"2023-09-23T08:03:12","guid":{"rendered":"https:\/\/grandepremio.com\/br\/noticias\/ducati-cre-ultimato-marc-marquez-japao-ve-gresini-espera-decisao\/"},"modified":"2023-09-23T05:05:19","modified_gmt":"2023-09-23T08:05:19","slug":"ducati-cre-ultimato-marc-marquez-japao-ve-gresini-espera-decisao","status":"publish","type":"post","link":"https:\/\/grandepremio.com\/br\/motogp\/ducati-cre-ultimato-marc-marquez-japao-ve-gresini-espera-decisao\/","title":{"rendered":"Ducati cr\u00ea em ultimato de Marc M\u00e1rquez ap\u00f3s Jap\u00e3o e v\u00ea Gresini &#8220;\u00e0 espera de decis\u00e3o&#8221;"},"content":{"rendered":"\n<p class=\"wp-block-paragraph\">De acordo com a emissora <strong>Sky Italia,<\/strong> <strong>Marc M\u00e1rquez <\/strong>j\u00e1 se decidiu e vai mesmo para a <strong>Gresini Ducati <\/strong>no ano que vem, correndo ao lado do irm\u00e3o <strong>\u00c1lex<\/strong>. O problema, por\u00e9m, \u00e9 resolver a atual quest\u00e3o contratual com a <strong>Honda<\/strong>, j\u00e1 que possui acordo com a montadora japonesa at\u00e9 o fim da pr\u00f3xima temporada.<\/p>\n\n\n\n<p class=\"wp-block-paragraph\">Por outro lado, a marca de <strong>Borgo Panigale <\/strong>se mostra bastante animada com a possibilidade e, mais uma vez, enfatizou que as portas est\u00e3o abertas para o hexacampe\u00e3o da classe rainha no time sat\u00e9lite. <\/p>\n\n\n\n<p class=\"wp-block-paragraph\"><strong><img decoding=\"async\" src=\"https:\/\/a.slack-edge.com\/production-standard-emoji-assets\/14.0\/google-medium\/25b6-fe0f.png\" alt=\":seta_para_frente:\"><\/strong><strong>&nbsp;Inscreva-se nos dois canais do GRANDE PR\u00caMIO no YouTube:&nbsp;<\/strong><strong><a target=\"_blank\" href=\"https:\/\/www.youtube.com\/channel\/UC9OlHEgxoaY6QY6nWPoiqQg?sub_confirmation=1\" rel=\"noreferrer noopener\">GP<\/a><\/strong><strong>&nbsp;|&nbsp;<\/strong><strong><a target=\"_blank\" href=\"https:\/\/www.youtube.com\/channel\/UC9csiS6q_C3C0FYhyr1rnFA?sub_confirmation=1\" rel=\"noreferrer noopener\">GP2<\/a><\/strong><br><strong><img decoding=\"async\" src=\"https:\/\/a.slack-edge.com\/production-standard-emoji-assets\/14.0\/google-medium\/25b6-fe0f.png\" alt=\":seta_para_frente:\"><\/strong><strong><a target=\"_blank\" href=\"https:\/\/www.twitch.tv\/grandepremio\" rel=\"noreferrer noopener\">Conhe\u00e7a o canal do GRANDE PR\u00caMIO na Twitch clicando aqui!<\/a><\/strong><\/p>\n\n\n\n<figure class=\"wp-block-image size-large\"><img decoding=\"async\" src=\"https:\/\/www.grandepremio.com\/br\/wp-content\/uploads\/2023\/09\/https-__repsolmedia.com_repsolmedia_wp-content_uploads_2023_09_JRB0154-scaled-1-1024x682.jpg\" alt=\"\" class=\"wp-image-732552\"\/><figcaption class=\"wp-element-caption\">Marc M\u00e1rquez deixar\u00e1 a Honda? (Foto: Repsol)<\/figcaption><\/figure>\n\n\n\n<p class=\"wp-block-paragraph\">\u201cNo que diz respeito \u00e0 Gresini, penso que parece que eles t\u00eam esta oportunidade e est\u00e3o \u00e0 espera da decis\u00e3o do M\u00e1rquez.\u00a0Vejo que M\u00e1rquez \u00e9 muito r\u00e1pido aqui [na \u00cdndia] com a Honda&#8221;, comentou <strong>Paolo Ciabatti, diretor-esportivo da Ducati. <\/strong><\/p>\n\n\n\n<p class=\"wp-block-paragraph\">\u201cMas sabemos o que todos sabem\u201d, continuou Ciabatti. &#8220;[M\u00e1rquez] conversar\u00e1 com a administra\u00e7\u00e3o da Honda no Jap\u00e3o e tomar\u00e1 uma decis\u00e3o.\u00a0Mas \u00e9 algo que depende dele e da equipe.\u00a0N\u00f3s, como Ducati, temos os nossos quatro pilotos contratados [dois na equipe de f\u00e1brica, dois na Pramac]&#8221;, encerrou. <\/p>\n\n\n\n<p class=\"wp-block-paragraph\">A Honda, por\u00e9m, j\u00e1 afirmou anteriormente que n\u00e3o pretende ficar no caminho de qualquer piloto, mesmo sob contrato.<strong> Alberto Puig<\/strong>, chefe da equipe,\u00a0reiterou que <a href=\"https:\/\/www.grandepremio.com\/br\/piloto\/marc-marquez\/\" target=\"_blank\" rel=\"noreferrer noopener\" class=\"ek-link\"> M\u00e1rquez<\/a><a href=\"https:\/\/www.grandepremio.com\/br\/motogp\/noticias\/honda-reforca-contrato-marc-marquez-2024-mas-diz-nao-quer-pessoas-infelizes\/\">\u00a0tem acordo at\u00e9 o ano que vem, mas reiterou que a equipe n\u00e3o quer ter pessoas insatisfeitas<\/a>.<\/p>\n\n\n\n<p class=\"wp-block-paragraph\">Por conta disso, o jornalista Ricard Jov\u00e9, do DAZN\u00a0<a href=\"https:\/\/es.grandepremio.com\/\" target=\"_blank\" rel=\"noreferrer noopener\" class=\"ek-link\">Espanha<\/a>, declarou que v\u00ea grande possibilidade da sa\u00edda de M\u00e1rquez ser anunciada na pr\u00f3xima semana, durante o final de semana do GP do Jap\u00e3o, e que \u201cse n\u00e3o for o caso \u00e9 porque legalmente ele n\u00e3o tem outra op\u00e7\u00e3o\u201d.<\/p>\n\n\n\n<p class=\"wp-block-paragraph\">A largada da corrida sprint da&nbsp;<strong><a href=\"https:\/\/grandepremio.com\/motovelocidade\/\" target=\"_blank\" rel=\"noreferrer noopener\"><\/a><a href=\"https:\/\/grandepremio.com\/motovelocidade\/\" target=\"_blank\" rel=\"noreferrer noopener\">MotoGP<\/a>&nbsp;<\/strong>no&nbsp;<strong>GP da \u00cdndia&nbsp;<\/strong>acontece \u00e0s 7h (de&nbsp;<strong>Bras\u00edlia<\/strong>)<strong>.&nbsp;<\/strong>O&nbsp;<strong>GRANDE PR\u00caMIO<\/strong>&nbsp;acompanha todas as atividades do&nbsp;<strong>Mundial de&nbsp;<a href=\"https:\/\/www.grandepremio.com\/motovelocidade\/\" target=\"_blank\" rel=\"noreferrer noopener\">Motovelocidade<\/a>&nbsp;2023<\/strong>.<\/p>\n","protected":false},"excerpt":{"rendered":"<p>Paolo Ciabatti, diretor-esportivo da Ducati, diz n\u00e3o ter conhecimento ou mais informa\u00e7\u00f5es sobre a situa\u00e7\u00e3o Marc M\u00e1rquez-Honda, mas enfatizou que a Gresini est\u00e1 ansiosa pela decis\u00e3o do espanhol <\/p>\n","protected":false},"author":0,"featured_media":1000724328,"comment_status":"closed","ping_status":"closed","sticky":false,"template":"","format":"standard","meta":{"42wp_featured_image_caption":"","42wp_featured_image_credits":"","42wp_featured_video":"","42wp_featured_image_hidden":false,"42wp_authors_list":[],"footnotes":""},"categories":[8],"tags":[23981,5214,26489,28285,3504,130,1300,79,78,27538,33202,33200,33201,25819,29345,28766,33203,26690],"42wp_author":[47139],"class_list":["post-98963","post","type-post","status-publish","format-standard","has-post-thumbnail","hentry","category-motogp","tag-buddh","tag-classificacao-motogp","tag-gp-da-india","tag-grandepremio","tag-gresini","tag-honda","tag-marc-marquez","tag-moto-gp","tag-motogp","tag-motogp-2023","tag-motogp-2023-calendario","tag-motogp-calendario-2023","tag-motogp-classificacao-2023","tag-motogp-hoje","tag-motogp-horario","tag-motogp-standings","tag-onde-assistir-motogp-2023","tag-pilotos-motogp","42wp_author-ana-cerveira"],"_links":{"self":[{"href":"https:\/\/grandepremio.com\/br\/wp-json\/wp\/v2\/posts\/98963","targetHints":{"allow":["GET"]}}],"collection":[{"href":"https:\/\/grandepremio.com\/br\/wp-json\/wp\/v2\/posts"}],"about":[{"href":"https:\/\/grandepremio.com\/br\/wp-json\/wp\/v2\/types\/post"}],"replies":[{"embeddable":true,"href":"https:\/\/grandepremio.com\/br\/wp-json\/wp\/v2\/comments?post=98963"}],"version-history":[{"count":0,"href":"https:\/\/grandepremio.com\/br\/wp-json\/wp\/v2\/posts\/98963\/revisions"}],"wp:featuredmedia":[{"embeddable":true,"href":"https:\/\/grandepremio.com\/br\/wp-json\/wp\/v2\/media\/1000724328"}],"wp:attachment":[{"href":"https:\/\/grandepremio.com\/br\/wp-json\/wp\/v2\/media?parent=98963"}],"wp:term":[{"taxonomy":"category","embeddable":true,"href":"https:\/\/grandepremio.com\/br\/wp-json\/wp\/v2\/categories?post=98963"},{"taxonomy":"post_tag","embeddable":true,"href":"https:\/\/grandepremio.com\/br\/wp-json\/wp\/v2\/tags?post=98963"},{"taxonomy":"42wp_author","embeddable":true,"href":"https:\/\/grandepremio.com\/br\/wp-json\/wp\/v2\/42wp_author?post=98963"}],"curies":[{"name":"wp","href":"https:\/\/api.w.org\/{rel}","templated":true}]}}