{"id":98965,"date":"2023-09-23T04:48:08","date_gmt":"2023-09-23T07:48:08","guid":{"rendered":"https:\/\/grandepremio.com\/br\/noticias\/oscar-piastri-valoriza-atualizacoes-volta-bastante-solida-classificacao-japao\/"},"modified":"2023-09-23T10:09:24","modified_gmt":"2023-09-23T13:09:24","slug":"oscar-piastri-valoriza-atualizacoes-volta-bastante-solida-classificacao-japao","status":"publish","type":"post","link":"https:\/\/grandepremio.com\/br\/f1\/oscar-piastri-valoriza-atualizacoes-volta-bastante-solida-classificacao-japao\/","title":{"rendered":"Piastri valoriza atualiza\u00e7\u00f5es e volta &#8220;bastante s\u00f3lida&#8221; na classifica\u00e7\u00e3o do Jap\u00e3o"},"content":{"rendered":"\n<p class=\"wp-block-paragraph\"><strong>Oscar Piastri<\/strong> coroou a boa fase com a <strong>McLaren<\/strong> neste s\u00e1bado (23) ao <a href=\"https:\/\/www.grandepremio.com\/br\/f1\/noticias\/max-verstappen-restabelece-dominio-maestria-conquista-pole-gp-japao-f1\/\" class=\"ek-link\">garantir a segunda coloca\u00e7\u00e3o<\/a> na classifica\u00e7\u00e3o para o <strong>GP do Jap\u00e3o<\/strong>. Esta ser\u00e1 a primeira vez do australiano vai partir da primeira fila em uma corrida completa &#8211; ele j\u00e1 o havia feito na sprint da <strong>B\u00e9lgica<\/strong>, em <strong>Spa-Francorchamps<\/strong>.<\/p>\n\n\n\n<p class=\"wp-block-paragraph\">O piloto falou ap\u00f3s a classifica\u00e7\u00e3o em <strong>Suzuka<\/strong> e celebrou o feito. &#8220;Minha primeira volta foi bastante s\u00f3lida, fico feliz por terminar em segundo, \u00e9 um \u00f3timo fim de semana para a equipe at\u00e9 o momento&#8221;, disse.<\/p>\n\n\n\n<p class=\"wp-block-paragraph\">Ao cravar 1min29s458, Piastri ficou a meio segundo do pole-position. Para ele, faltou apenas alguns ajustes finos aqui e acol\u00e1 para, quem sabe, estar mais pr\u00f3ximo de <strong>Max Verstappen<\/strong>. &#8220;Na primeira chicane, poderia ter feito um trabalho melhor. Na sequ\u00eancia, o setor 1 foi bom e depois n\u00e3o t\u00e3o bons. Mas, no geral, foi uma boa volta&#8221;.<\/p>\n\n\n\n<figure class=\"wp-block-image size-large\"><img decoding=\"async\" src=\"https:\/\/www.grandepremio.com\/br\/wp-content\/uploads\/2023\/09\/japao-2023-f1-classificacao-mclaren-oscar-piastri-01-1024x577.jpg\" alt=\"\" class=\"wp-image-732798\"\/><figcaption class=\"wp-element-caption\">Piastri vai dividir a primeira fila em Suzuka com Verstappen (Foto: McLaren)<\/figcaption><\/figure>\n\n\n\n<p class=\"wp-block-paragraph\">Agora, Oscar junta for\u00e7as para seguir com a boa forma do fim de semana nas 53 voltas da corrida. Embora saiba que a <strong>Red Bull<\/strong> \u00e9 muito r\u00e1pida, a chance de uma grande performance \u00e9 alta.<\/p>\n\n\n\n<p class=\"wp-block-paragraph\"><strong>\u25b6\ufe0f&nbsp;Inscreva-se nos dois canais do GRANDE PR\u00caMIO no YouTube:&nbsp;<a href=\"https:\/\/www.youtube.com\/channel\/UC9OlHEgxoaY6QY6nWPoiqQg?sub_confirmation=1\" target=\"_blank\" rel=\"noreferrer noopener\">GP<\/a>&nbsp;|&nbsp;<a href=\"https:\/\/www.youtube.com\/channel\/UC9csiS6q_C3C0FYhyr1rnFA?sub_confirmation=1\" target=\"_blank\" rel=\"noreferrer noopener\">GP2<\/a><\/strong><br><strong>\u25b6\ufe0f&nbsp;<a href=\"https:\/\/www.twitch.tv\/grandepremio\" target=\"_blank\" rel=\"noreferrer noopener\">Conhe\u00e7a o canal do GRANDE PR\u00caMIO na Twitch clicando aqui!<\/a><\/strong><\/p>\n\n\n\n<p class=\"wp-block-paragraph\">&#8220;Temos atualiza\u00e7\u00f5es no carro, mas ainda precisamos fazer isso acontecer. Estou muito feliz com minha classifica\u00e7\u00e3o e a performance da equipe com o segundo e terceiro lugares&#8221;, completou Piastri.<\/p>\n\n\n\n<p class=\"wp-block-paragraph\">A largada para o\u00a0<strong>GP do Jap\u00e3o<\/strong>\u00a0est\u00e1 prevista para as 2h de s\u00e1bado, hor\u00e1rio de Bras\u00edlia. O\u00a0<strong>GRANDE PR\u00caMIO<\/strong>\u00a0acompanha todas as atividades da temporada 2023\u00a0<strong>AO VIVO<\/strong>\u00a0e\u00a0<strong>EM\u00a0<a href=\"https:\/\/www.grandepremio.com\/br\/ao-vivo\/\" target=\"_blank\" rel=\"noreferrer noopener\">TEMPO REAL<\/a><\/strong>. Antes, \u00e0 1h40, o\u00a0<strong>GP\u00a0<\/strong>abre a transmiss\u00e3o em segunda tela na\u00a0<a href=\"https:\/\/www.youtube.com\/@GrandePremio1\/streams\">GPTV<\/a>, em parceria com a\u00a0<strong>Voz do Esporte<\/strong>.<\/p>\n\n\n\n<figure class=\"wp-block-embed is-type-video is-provider-youtube wp-block-embed-youtube wp-embed-aspect-16-9 wp-has-aspect-ratio\"><div class=\"wp-block-embed__wrapper\">\n<iframe loading=\"lazy\" title=\"VERSTAPPEN sobra e \u00e9 POLE no GP do Jap\u00e3o! McLAREN forte: a CLASSIFICA\u00c7\u00c3O da F1 | Briefing\" width=\"500\" height=\"281\" src=\"https:\/\/www.youtube.com\/embed\/mrZs8EbB1DE?feature=oembed\" frameborder=\"0\" allow=\"accelerometer; autoplay; clipboard-write; encrypted-media; gyroscope; picture-in-picture; web-share\" referrerpolicy=\"strict-origin-when-cross-origin\" allowfullscreen><\/iframe>\n<\/div><\/figure>\n","protected":false},"excerpt":{"rendered":"<p>Australiano da McLaren vai largar na primeira fila junto com Max Verstappen e exaltou o feito em Suzuka, sobretudo o pacote novo de atualiza\u00e7\u00f5es que possibilitou o resultado neste s\u00e1bado<\/p>\n","protected":false},"author":0,"featured_media":1000732851,"comment_status":"closed","ping_status":"closed","sticky":false,"template":"","format":"standard","meta":{"42wp_featured_image_caption":"","42wp_featured_image_credits":"","42wp_featured_video":"","42wp_featured_image_hidden":false,"42wp_authors_list":[],"footnotes":""},"categories":[2],"tags":[26271,5273,147,6533,180,30722,3023,1491,28285,30840,24855,36566,32659,547,203,90,35129,2916,204,608,36565,32660,31447],"42wp_author":[47128],"class_list":["post-98965","post","type-post","status-publish","format-standard","has-post-thumbnail","hentry","category-f1","tag-calendario-f1","tag-classificacao-f1","tag-f1","tag-f1-2023","tag-formula-1","tag-formula-1-2023","tag-gp-do-japao","tag-grande-premio","tag-grandepremio","tag-horarios-f1","tag-japao","tag-japao-2023","tag-japao-f1","tag-lando-norris","tag-max-verstappen","tag-mclaren","tag-onde-assistir-f1","tag-oscar-piastri","tag-red-bull","tag-suzuka","tag-suzuka-2023","tag-suzuka-f1","tag-temporada-2023-f1","42wp_author-guilherme-bloisi"],"_links":{"self":[{"href":"https:\/\/grandepremio.com\/br\/wp-json\/wp\/v2\/posts\/98965","targetHints":{"allow":["GET"]}}],"collection":[{"href":"https:\/\/grandepremio.com\/br\/wp-json\/wp\/v2\/posts"}],"about":[{"href":"https:\/\/grandepremio.com\/br\/wp-json\/wp\/v2\/types\/post"}],"replies":[{"embeddable":true,"href":"https:\/\/grandepremio.com\/br\/wp-json\/wp\/v2\/comments?post=98965"}],"version-history":[{"count":0,"href":"https:\/\/grandepremio.com\/br\/wp-json\/wp\/v2\/posts\/98965\/revisions"}],"wp:featuredmedia":[{"embeddable":true,"href":"https:\/\/grandepremio.com\/br\/wp-json\/wp\/v2\/media\/1000732851"}],"wp:attachment":[{"href":"https:\/\/grandepremio.com\/br\/wp-json\/wp\/v2\/media?parent=98965"}],"wp:term":[{"taxonomy":"category","embeddable":true,"href":"https:\/\/grandepremio.com\/br\/wp-json\/wp\/v2\/categories?post=98965"},{"taxonomy":"post_tag","embeddable":true,"href":"https:\/\/grandepremio.com\/br\/wp-json\/wp\/v2\/tags?post=98965"},{"taxonomy":"42wp_author","embeddable":true,"href":"https:\/\/grandepremio.com\/br\/wp-json\/wp\/v2\/42wp_author?post=98965"}],"curies":[{"name":"wp","href":"https:\/\/api.w.org\/{rel}","templated":true}]}}