{"id":98969,"date":"2023-09-23T03:45:00","date_gmt":"2023-09-23T06:45:00","guid":{"rendered":"https:\/\/grandepremio.com\/br\/noticias\/marco-bezzecchi-garante-pole-comanda-quadra-ducati-gp-india-francesco-bagnaia-3o\/"},"modified":"2023-09-23T04:17:14","modified_gmt":"2023-09-23T07:17:14","slug":"marco-bezzecchi-garante-pole-comanda-quadra-ducati-gp-india-francesco-bagnaia-3o","status":"publish","type":"post","link":"https:\/\/grandepremio.com\/br\/motogp\/marco-bezzecchi-garante-pole-comanda-quadra-ducati-gp-india-francesco-bagnaia-3o\/","title":{"rendered":"Bezzecchi garante pole e comanda quadra da Ducati no GP da \u00cdndia. Bagnaia \u00e9 3\u00ba"},"content":{"rendered":"\n<p class=\"wp-block-paragraph\"><strong>Marco Bezzecchi<\/strong> n\u00e3o deu chance para a concorr\u00eancia em <strong>Buddh <\/strong>e cravou 1min43s947 para ficar com a primeira pole da <strong>MotoGP <\/strong>no circuito indiano, apenas 0s043 \u00e0 frente de<strong> Jorge Mart\u00edn<\/strong>. <strong>Francesco Bagnaia <\/strong>ficou em terceiro, fechando a primeira fila do grid.<\/p>\n\n\n\n<p class=\"wp-block-paragraph\"><strong>Luca Marini<\/strong> foi o quarto mais veloz na classifica\u00e7\u00e3o, seguido pela surpreendente dupla da Honda, com <strong>Joan Mir <\/strong>em quinto e <strong>Marc M\u00e1rquez<\/strong> em sexto.<\/p>\n\n\n\n<p class=\"wp-block-paragraph\"><strong>\u25b6\ufe0f&nbsp;Inscreva-se nos dois canais do GRANDE PR\u00caMIO no YouTube:&nbsp;<\/strong><a href=\"https:\/\/www.youtube.com\/channel\/UC9OlHEgxoaY6QY6nWPoiqQg?sub_confirmation=1\" target=\"_blank\" rel=\"noreferrer noopener\"><strong>GP&nbsp;<\/strong><\/a><strong>|<\/strong><a href=\"https:\/\/www.youtube.com\/channel\/UC9OlHEgxoaY6QY6nWPoiqQg?sub_confirmation=1\" target=\"_blank\" rel=\"noreferrer noopener\"><strong>&nbsp;GP2<\/strong><br><\/a><strong>\u25b6\ufe0f&nbsp;<\/strong><a href=\"https:\/\/www.youtube.com\/channel\/UC9OlHEgxoaY6QY6nWPoiqQg?sub_confirmation=1\" target=\"_blank\" rel=\"noreferrer noopener\"><strong>Conhe\u00e7a o canal do GRANDE PR\u00caMIO na Twitch clicand<\/strong><\/a><strong><a href=\"https:\/\/www.youtube.com\/channel\/UC9OlHEgxoaY6QY6nWPoiqQg?sub_confirmation=1\" target=\"_blank\" rel=\"noreferrer noopener\">o aqui!<\/a><\/strong><\/p>\n\n\n\n<figure class=\"wp-block-image size-large\"><img decoding=\"async\" src=\"https:\/\/www.grandepremio.com\/br\/wp-content\/uploads\/2023\/09\/53205045671_f916b95e64_k-1024x683.jpg\" alt=\"\" class=\"wp-image-732567\"\/><figcaption class=\"wp-element-caption\">Marco Bezzecchi \u00e9 pole (Foto: VR46)<\/figcaption><\/figure>\n\n\n\n<p class=\"wp-block-paragraph\">Entre os dez primeiros, ainda ficaram<strong> Johann Zarco, Fabio Quartararo, Maverick Vi\u00f1ales e Aleix Espargar\u00f3.<\/strong> Por conta de um acidente no Q1, <strong>\u00c1lex M\u00e1rquez<\/strong> n\u00e3o participou da parte final do treino e foi levado para um hospital da regi\u00e3o para exames.<\/p>\n\n\n\n<p class=\"wp-block-paragraph\">A largada da corrida sprint da&nbsp;<strong><a href=\"https:\/\/grandepremio.com\/motovelocidade\/\" target=\"_blank\" rel=\"noreferrer noopener\"><\/a><a href=\"https:\/\/grandepremio.com\/motovelocidade\/\" target=\"_blank\" rel=\"noreferrer noopener\">MotoGP<\/a>&nbsp;<\/strong>no <strong>GP da \u00cdndia&nbsp;<\/strong>acontece \u00e0s 7h (de&nbsp;<strong>Bras\u00edlia<\/strong>)<strong>.&nbsp;<\/strong>O&nbsp;<strong>GRANDE PR\u00caMIO<\/strong>&nbsp;acompanha todas as atividades do&nbsp;<strong>Mundial de&nbsp;<a href=\"https:\/\/www.grandepremio.com\/motovelocidade\/\" target=\"_blank\" rel=\"noreferrer noopener\">Motovelocidade<\/a>&nbsp;2023<\/strong>.<\/p>\n\n\n\n<h3 class=\"wp-block-heading\" id=\"h-bezzecchi-aparece-no-fim-e-lidera-tl2-na-india\">Bezzecchi aparece no fim e lidera TL2 na \u00cdndia<\/h3>\n\n\n\n<p class=\"wp-block-paragraph\">Os pilotos tinham 30 minutos para sentirem novamente a pista antes da classifica\u00e7\u00e3o. Com 1min47s914,&nbsp;Marc M\u00e1rquez vinha no topo da tabela. Minutos depois, ele seguia na ponta j\u00e1 com um tempo mais baixo: 1min45s723.<\/p>\n\n\n\n<p class=\"wp-block-paragraph\">\u00c1lex M\u00e1rquez, Fabio Quartararo, Marco Bezzecchi e Jorge Mart\u00edn vinham atr\u00e1s. Francesco Bagnaia saltou para quinto segundos depois, 0s315 de M\u00e1rquez.<\/p>\n\n\n\n<figure class=\"wp-block-video\"><video class=\"video-js vjs-big-play-centered\" data-gp-vjs=\"1\" controls src=\"https:\/\/www.grandepremio.com\/br\/wp-content\/uploads\/2023\/09\/MotoGP-1705450073641959550-20230923_021237-vid1.mp4\"><\/video><figcaption class=\"wp-element-caption\">In\u00edcio do TL2 da MotoGP (V\u00eddeo: MotoGP)<\/figcaption><\/figure>\n\n\n\n<p class=\"wp-block-paragraph\">O calor era uma grande preocupa\u00e7\u00e3o \u00e0 categoria. Tanto que a corrida sprint \u2014 que acontece \u00e0s 15h30 do hor\u00e1rio local, 7h (de Bras\u00edlia) \u2014 foi encurtada para 11 voltas por conta das altas temperaturas. <\/p>\n\n\n\n<p class=\"wp-block-paragraph\">Aleix Espargar\u00f3 foi \u00e0 primeira posi\u00e7\u00e3o com 1min45s701 a 11 minutos para o fim do TL2. Os irm\u00e3os M\u00e1rquez vinham na sequ\u00eancia \u2014 Marc e \u00c1lex, respectivamente. <\/p>\n\n\n\n<p class=\"wp-block-paragraph\">O #73 da Gresini assumiu a ponta faltando quatro minutos para o fim, deixando Espargar\u00f3 0s1 atr\u00e1s. A primeira queda do TL2 foi protagonizada por Jorge Mart\u00edn na curva 8. Ele se levantou aparentemente bem. <\/p>\n\n\n\n<p class=\"wp-block-paragraph\">No fim, Marco Bezzecchi assumiu a ponta com 1min45s398 e terminou o TL2 na lideran\u00e7a.<\/p>\n\n\n\n<h3 class=\"wp-block-heading\" id=\"h-q1-raul-fernandez-crava-vaga-no-q2-alex-marquez-cai-mas-tambem-vai-a-parte-final-da-classificacao\">Q1: Ra\u00fal Fern\u00e1ndez crava vaga no Q2. Al\u00e9x M\u00e1rquez cai, mas tamb\u00e9m vai \u00e0 parte final da classifica\u00e7\u00e3o <\/h3>\n\n\n\n<p class=\"wp-block-paragraph\">Assim como na sexta-feira, a dire\u00e7\u00e3o de prova comunicou um atraso para o in\u00edcio da classifica\u00e7\u00e3o por &#8220;condi\u00e7\u00f5es da pista&#8221;. Quando o Q1 come\u00e7ou,&nbsp;Di Giannantonio se instalou na lideran\u00e7a com 1min45s494. Binder ocupava a segunda vaga, 0s067 distante do italiano. <\/p>\n\n\n\n<figure class=\"wp-block-video\"><video class=\"video-js vjs-big-play-centered\" data-gp-vjs=\"1\" controls src=\"https:\/\/www.grandepremio.com\/br\/wp-content\/uploads\/2023\/09\/MotoGP-1705462205309747335-20230923_030050-vid1.mp4\"><\/video><figcaption class=\"wp-element-caption\">Binder liderava o Q1 (V\u00eddeo: MotoGP)<\/figcaption><\/figure>\n\n\n\n<p class=\"wp-block-paragraph\">O piloto sul-africano saltou para a ponta com 1min44s761, Ra\u00fal Fern\u00e1ndez estava no encal\u00e7o. Franco Morbidelli e Augusto Fern\u00e1ndez apareciam na sequ\u00eancia. <\/p>\n\n\n\n<p class=\"wp-block-paragraph\">R\u00e1ul saltou para a ponta no final com 1min44s410, \u00c1lex M\u00e1rquez estava 0s109 atr\u00e1s. O #73 tamb\u00e9m sofreu a primeira queda da sess\u00e3o, sem tempo para um \u00faltimo giro. O espanhol foi ao ch\u00e3o na curva 6 e ficou sentindo dores no ch\u00e3o. <\/p>\n\n\n\n<p class=\"wp-block-paragraph\">Ainda assim, M\u00e1rquez garantiu sua vaga ao Q2 logo atr\u00e1s do l\u00edder do Q1, Ra\u00fal. <\/p>\n\n\n\n<h3 class=\"wp-block-heading\" id=\"h-q2-bezzecchi-anota-1min43s947-e-garante-pole-na-india\">Q2: Bezzecchi anota 1min43s947 e garante pole na \u00cdndia<\/h3>\n\n\n\n<p class=\"wp-block-paragraph\">Antes mesmo do in\u00edcio do Q2, a Aprilia acabou liberando Aleix Espargar\u00f3 quando a pista estava ainda fechada, j\u00e1 que a disputa pela pole atrasou alguns minutos. Com os pneus desaquecidos, ele teve de voltar para os boxes e deu uma bronca geral na equipe, visivelmente irritado. <\/p>\n\n\n\n<p class=\"wp-block-paragraph\">Por conta do acidente no Q1, \u00c1lex M\u00e1rquez n\u00e3o participou da parte final do treino e foi levado para um hospital da regi\u00e3o para exames.<\/p>\n\n\n\n<p class=\"wp-block-paragraph\">Quando a pista foi liberada, quase todos os competidores j\u00e1 iniciaram as atividades. Jorge Mart\u00edn tomava a pole provis\u00f3ria com 1min44s521. Luca Marini e Marco Bezzecchi estavam atr\u00e1s. <\/p>\n\n\n\n<figure class=\"wp-block-video\"><video class=\"video-js vjs-big-play-centered\" data-gp-vjs=\"1\" controls src=\"https:\/\/www.grandepremio.com\/br\/wp-content\/uploads\/2023\/09\/MotoGP-1705467333181833417-20230923_032112-vid1-1.mp4\"><\/video><figcaption class=\"wp-element-caption\">Aleix furioso! (V\u00eddeo: MotoGP)<\/figcaption><\/figure>\n\n\n\n<p class=\"wp-block-paragraph\">A primeira queda do Q2 foi de Marc M\u00e1rquez, que se levantou bem para j\u00e1 retornar ao tra\u00e7ado. Mais \u00e0 frente, Bezzecchi derrubou Mart\u00edn para segundo e assumiu a lideran\u00e7a, mas o #89 insistiu e retomou com 1min44s153.<\/p>\n\n\n\n<p class=\"wp-block-paragraph\">A dois minutos para o fim da sess\u00e3o, Bagnaia saltou para segundo. Bezzecchi girou em 1min43s947 e assumiu a ponta, deixando Mart\u00edn em segundo. Marini derrubou o tempo de Bagnaia e se colocou em terceiro, mas Pecco voltou para o top-3. Fim da classifica\u00e7\u00e3o, Bezzecchi pole. Mart\u00edn e Bagnaia fecham a primeira fila. <\/p>\n\n\n\n<h2 class=\"wp-block-heading\" id=\"h-motogp-2023-gp-da-india-buddh-classificacao\"><strong>MotoGP 2023, GP da \u00cdndia, Buddh, Classifica\u00e7\u00e3o:<\/strong><\/h2>\n\n\n\n<figure class=\"wp-block-table\"><table><tbody><tr><td>1<\/td><td>M BEZZECCHI<\/td><td>VR46<\/td><td>1:43.947<\/td><td>&nbsp;<\/td><\/tr><tr><td>2<\/td><td>J MART\u00cdN<\/td><td>Pramac Ducati<\/td><td>1:43.990<\/td><td>+0.043<\/td><\/tr><tr><td>3<\/td><td>F BAGNAIA<\/td><td>Ducati<\/td><td>1:44.203<\/td><td>+0.256<\/td><\/tr><tr><td>4<\/td><td>L MARINI<\/td><td>VR46<\/td><td>1:44.215<\/td><td>+0.268<\/td><\/tr><tr><td>5<\/td><td>J MIR<\/td><td>Honda<\/td><td>1:44.454<\/td><td>+0.507<\/td><\/tr><tr><td>6<\/td><td>M M\u00c1RQUEZ<\/td><td>Honda<\/td><td>1:44.469<\/td><td>+0.522<\/td><\/tr><tr><td>7<\/td><td>J ZARCO<\/td><td>Pramac Ducati<\/td><td>1:44.515<\/td><td>+0.568<\/td><\/tr><tr><td>8<\/td><td>F QUARTARARO<\/td><td>Yamaha<\/td><td>1:44.724<\/td><td>+0.777<\/td><\/tr><tr><td>9<\/td><td>M VI\u00d1ALES<\/td><td>Aprilia<\/td><td>1:44.741<\/td><td>+0.794<\/td><\/tr><tr><td>10<\/td><td>A ESPARGAR\u00d3<\/td><td>Aprilia<\/td><td>1:44.750<\/td><td>+0.803<\/td><\/tr><tr><td>11<\/td><td>R FERN\u00c1NDEZ<\/td><td>RNF Aprilia<\/td><td>1:45.194<\/td><td>+1.247<\/td><\/tr><tr><td>12<\/td><td>\u00c1 M\u00c1RQUEZ<\/td><td>Gresini Ducati<\/td><td>Sem tempo<\/td><td><\/td><\/tr><tr><td>13<\/td><td>F DI GIANNANTONIO<\/td><td>Gresini Ducati<\/td><td>1:44.529<\/td><td>+0.582<\/td><\/tr><tr><td>14<\/td><td>B BINDER<\/td><td>KTM<\/td><td>1:44.651<\/td><td>+0.704<\/td><\/tr><tr><td>15<\/td><td>T NAKAGAMI<\/td><td>LCR Honda<\/td><td>1:44.735<\/td><td>+0.788<\/td><\/tr><tr><td>16<\/td><td>J MILLER<\/td><td>KTM<\/td><td>1:45.030<\/td><td>+1.083<\/td><\/tr><tr><td>17<\/td><td>F MORBIDELLI<\/td><td>Yamaha<\/td><td>1:45.037<\/td><td>+1.090<\/td><\/tr><tr><td>18<\/td><td>A FERN\u00c1NDEZ<\/td><td>GasGas Tech3<\/td><td>1:45.066<\/td><td>+1.119<\/td><\/tr><tr><td>19<\/td><td>M OLIVEIRA<\/td><td>RNF Aprilia<\/td><td>1:45.375<\/td><td>+1.428<\/td><\/tr><tr><td>20<\/td><td>P ESPARGAR\u00d3<\/td><td>GasGas Tech3<\/td><td>1:45.452<\/td><td>+1.505<\/td><\/tr><tr><td>21<\/td><td>S BRADL<\/td><td>LCR Honda<\/td><td>1:45.517<\/td><td>+1.570<\/td><\/tr><tr><td>22<\/td><td>M PIRRO<\/td><td>Ducati<\/td><td>1:46.147<\/td><td>+2.200<\/td><\/tr><\/tbody><\/table><\/figure>\n\n\n\n<p class=\"wp-block-paragraph\"><\/p>\n\n\n\n<p class=\"wp-block-paragraph\"><\/p>\n","protected":false},"excerpt":{"rendered":"<p>Marco Bezzecchi cravou 1min43s947 e garantiu a pole-position do estreante GP da \u00cdndia. O italiano da VR46 ainda comandou a fila da Ducati nas quatro primeiras posi\u00e7\u00f5es<\/p>\n","protected":false},"author":0,"featured_media":1000732414,"comment_status":"closed","ping_status":"closed","sticky":false,"template":"","format":"standard","meta":{"42wp_featured_image_caption":"","42wp_featured_image_credits":"","42wp_featured_video":"","42wp_featured_image_hidden":false,"42wp_authors_list":[],"footnotes":""},"categories":[8],"tags":[23981,5214,26489,28285,79,78,27538,33202,33200,33201,25819,29345,28766,33203,26690],"42wp_author":[47139,47135,47109],"class_list":["post-98969","post","type-post","status-publish","format-standard","has-post-thumbnail","hentry","category-motogp","tag-buddh","tag-classificacao-motogp","tag-gp-da-india","tag-grandepremio","tag-moto-gp","tag-motogp","tag-motogp-2023","tag-motogp-2023-calendario","tag-motogp-calendario-2023","tag-motogp-classificacao-2023","tag-motogp-hoje","tag-motogp-horario","tag-motogp-standings","tag-onde-assistir-motogp-2023","tag-pilotos-motogp","42wp_author-ana-cerveira","42wp_author-pedro-luis-cuenca","42wp_author-redacao-gp"],"_links":{"self":[{"href":"https:\/\/grandepremio.com\/br\/wp-json\/wp\/v2\/posts\/98969","targetHints":{"allow":["GET"]}}],"collection":[{"href":"https:\/\/grandepremio.com\/br\/wp-json\/wp\/v2\/posts"}],"about":[{"href":"https:\/\/grandepremio.com\/br\/wp-json\/wp\/v2\/types\/post"}],"replies":[{"embeddable":true,"href":"https:\/\/grandepremio.com\/br\/wp-json\/wp\/v2\/comments?post=98969"}],"version-history":[{"count":0,"href":"https:\/\/grandepremio.com\/br\/wp-json\/wp\/v2\/posts\/98969\/revisions"}],"wp:featuredmedia":[{"embeddable":true,"href":"https:\/\/grandepremio.com\/br\/wp-json\/wp\/v2\/media\/1000732414"}],"wp:attachment":[{"href":"https:\/\/grandepremio.com\/br\/wp-json\/wp\/v2\/media?parent=98969"}],"wp:term":[{"taxonomy":"category","embeddable":true,"href":"https:\/\/grandepremio.com\/br\/wp-json\/wp\/v2\/categories?post=98969"},{"taxonomy":"post_tag","embeddable":true,"href":"https:\/\/grandepremio.com\/br\/wp-json\/wp\/v2\/tags?post=98969"},{"taxonomy":"42wp_author","embeddable":true,"href":"https:\/\/grandepremio.com\/br\/wp-json\/wp\/v2\/42wp_author?post=98969"}],"curies":[{"name":"wp","href":"https:\/\/api.w.org\/{rel}","templated":true}]}}