{"id":98983,"date":"2023-09-22T18:00:00","date_gmt":"2023-09-22T21:00:00","guid":{"rendered":"https:\/\/grandepremio.com\/br\/noticias\/formula-1-passar-tv-hoje-onde-assistir-classificacao-gp-japao\/"},"modified":"2023-09-22T21:26:34","modified_gmt":"2023-09-23T00:26:34","slug":"formula-1-passar-tv-hoje-onde-assistir-classificacao-gp-japao","status":"publish","type":"post","link":"https:\/\/grandepremio.com\/br\/f1\/formula-1-passar-tv-hoje-onde-assistir-classificacao-gp-japao\/","title":{"rendered":"F\u00f3rmula 1 vai passar na TV hoje? Saiba onde assistir \u00e0 classifica\u00e7\u00e3o do GP do Jap\u00e3o"},"content":{"rendered":"\n<p class=\"wp-block-paragraph\">A temporada 2023 da\u00a0<strong><a href=\"https:\/\/www.grandepremio.com\/br\/f1\/\"><\/a><a href=\"https:\/\/www.grandepremio.com\/formula-1\/\" target=\"_blank\" rel=\"noreferrer noopener\">F\u00f3rmula 1<\/a><\/strong>\u00a0chega \u00e0 16\u00aa etapa neste fim de semana, com a realiza\u00e7\u00e3o do\u00a0<strong>GP do Jap\u00e3o<\/strong>, no cl\u00e1ssico circuito de Suzuka. E o\u00a0<strong>GRANDE PR\u00caMIO<\/strong>\u00a0separou os hor\u00e1rios das atividades para voc\u00ea n\u00e3o perder nada!<\/p>\n\n\n\n<p class=\"wp-block-paragraph\">Depois do terceiro treino livre,\u00a0\u00e0s 23h30 (de Bras\u00edlia, GMT-3) de sexta-feira (22),\u00a0<a href=\"https:\/\/teleguiado.com\/\" target=\"_blank\" rel=\"noreferrer noopener\">Band<\/a>Sports e\u00a0<a href=\"https:\/\/www.grandepremio.com\/formula-1\/\" target=\"_blank\" rel=\"noreferrer noopener\">F1\u00a0<\/a>TV recebem a companhia da Band aberta quando,\u00a0<strong>a partir das 3h de s\u00e1bado, os atores do espet\u00e1culo v\u00e3o para a forma\u00e7\u00e3o do grid de largada com a classifica\u00e7\u00e3o<\/strong>.<\/p>\n\n\n\n<p class=\"wp-block-paragraph\"><strong>\u25b6\ufe0f\u00a0Inscreva-se nos dois canais do GRANDE PR\u00caMIO no YouTube:\u00a0<a href=\"https:\/\/www.youtube.com\/channel\/UC9OlHEgxoaY6QY6nWPoiqQg?sub_confirmation=1\" target=\"_blank\" rel=\"noreferrer noopener\">GP<\/a>\u00a0|\u00a0<a href=\"https:\/\/www.youtube.com\/channel\/UC9csiS6q_C3C0FYhyr1rnFA?sub_confirmation=1\" target=\"_blank\" rel=\"noreferrer noopener\">GP2<\/a><\/strong><br><strong>\u25b6\ufe0f\u00a0<a href=\"https:\/\/www.twitch.tv\/grandepremio\" target=\"_blank\" rel=\"noreferrer noopener\">Conhe\u00e7a o canal do GRANDE PR\u00caMIO na Twitch clicando aqui!<\/a><\/strong><\/p>\n\n\n\n<figure class=\"wp-block-image size-large\"><img decoding=\"async\" src=\"https:\/\/www.grandepremio.com\/br\/wp-content\/uploads\/2023\/09\/japao-2023-f1-mediaday-alphatauri-yuki-tsunoda-afp-01-1024x683.jpg\" alt=\"\" class=\"wp-image-731866\"\/><figcaption class=\"wp-element-caption\">Albon, Tsunoda e Norris durante a coletiva de imprensa em Suzuka, no Jap\u00e3o (Foto: AFP) <\/figcaption><\/figure>\n\n\n\n<p class=\"wp-block-paragraph\">O\u00a0<strong>GRANDE PR\u00caMIO<\/strong>\u00a0faz em\u00a0<strong>segunda tela<\/strong>\u00a0a\u00a0<a href=\"https:\/\/formula1aovivo.com\/\" target=\"_blank\" rel=\"noreferrer noopener\"><\/a><strong><a href=\"https:\/\/formula1aovivo.com\/\" target=\"_blank\" rel=\"noreferrer noopener\">transmiss\u00e3o<\/a><\/strong>\u00a0da classifica\u00e7\u00e3o, al\u00e9m de analisar todas as atividades do\u00a0<strong>GP do Jap\u00e3o <\/strong>de <strong>F1<\/strong>\u00a0no\u00a0<strong>Briefing<\/strong>, programa que vai ao ar ap\u00f3s a decis\u00e3o do grid, antes e depois da prova de domingo.\u00a0<a href=\"https:\/\/bit.ly\/GPCanal\"><strong>Tudo isso no canal do\u00a0GP\u00a0no\u00a0YouTube<\/strong><\/a>.<\/p>\n\n\n\n<figure class=\"wp-block-embed is-type-video is-provider-youtube wp-block-embed-youtube wp-embed-aspect-16-9 wp-has-aspect-ratio\"><div class=\"wp-block-embed__wrapper\">\n<iframe loading=\"lazy\" title=\"Red Bull RESSURGE em SUZUKA? FIA sob PRESS\u00c3O, Ferrari e as ABELHAS de Vettel | WGP\" width=\"500\" height=\"281\" src=\"https:\/\/www.youtube.com\/embed\/1r62czmTIRU?feature=oembed\" frameborder=\"0\" allow=\"accelerometer; autoplay; clipboard-write; encrypted-media; gyroscope; picture-in-picture; web-share\" referrerpolicy=\"strict-origin-when-cross-origin\" allowfullscreen><\/iframe>\n<\/div><\/figure>\n","protected":false},"excerpt":{"rendered":"<p>Depois do terceiro treino livre, BandSports e F1 TV recebem a companhia da Band aberta para a transmiss\u00e3o da classifica\u00e7\u00e3o para o GP do Jap\u00e3o de F\u00f3rmula 1. Confira!<\/p>\n","protected":false},"author":0,"featured_media":1000731704,"comment_status":"closed","ping_status":"closed","sticky":false,"template":"","format":"standard","meta":{"42wp_featured_image_caption":"","42wp_featured_image_credits":"","42wp_featured_video":"","42wp_featured_image_hidden":false,"42wp_authors_list":[],"footnotes":""},"categories":[2],"tags":[26271,5273,147,6533,180,30722,3023,1491,28285,30840,24855,36566,32659,35129,608,36565,32660,31447],"42wp_author":[47147],"class_list":["post-98983","post","type-post","status-publish","format-standard","has-post-thumbnail","hentry","category-f1","tag-calendario-f1","tag-classificacao-f1","tag-f1","tag-f1-2023","tag-formula-1","tag-formula-1-2023","tag-gp-do-japao","tag-grande-premio","tag-grandepremio","tag-horarios-f1","tag-japao","tag-japao-2023","tag-japao-f1","tag-onde-assistir-f1","tag-suzuka","tag-suzuka-2023","tag-suzuka-f1","tag-temporada-2023-f1","42wp_author-luana-marino"],"_links":{"self":[{"href":"https:\/\/grandepremio.com\/br\/wp-json\/wp\/v2\/posts\/98983","targetHints":{"allow":["GET"]}}],"collection":[{"href":"https:\/\/grandepremio.com\/br\/wp-json\/wp\/v2\/posts"}],"about":[{"href":"https:\/\/grandepremio.com\/br\/wp-json\/wp\/v2\/types\/post"}],"replies":[{"embeddable":true,"href":"https:\/\/grandepremio.com\/br\/wp-json\/wp\/v2\/comments?post=98983"}],"version-history":[{"count":0,"href":"https:\/\/grandepremio.com\/br\/wp-json\/wp\/v2\/posts\/98983\/revisions"}],"wp:featuredmedia":[{"embeddable":true,"href":"https:\/\/grandepremio.com\/br\/wp-json\/wp\/v2\/media\/1000731704"}],"wp:attachment":[{"href":"https:\/\/grandepremio.com\/br\/wp-json\/wp\/v2\/media?parent=98983"}],"wp:term":[{"taxonomy":"category","embeddable":true,"href":"https:\/\/grandepremio.com\/br\/wp-json\/wp\/v2\/categories?post=98983"},{"taxonomy":"post_tag","embeddable":true,"href":"https:\/\/grandepremio.com\/br\/wp-json\/wp\/v2\/tags?post=98983"},{"taxonomy":"42wp_author","embeddable":true,"href":"https:\/\/grandepremio.com\/br\/wp-json\/wp\/v2\/42wp_author?post=98983"}],"curies":[{"name":"wp","href":"https:\/\/api.w.org\/{rel}","templated":true}]}}