{"id":9899,"date":"2026-04-19T09:58:04","date_gmt":"2026-04-19T12:58:04","guid":{"rendered":"https:\/\/grandepremio.com\/br\/noticias\/ceo-formula-1-ve-andrea-kimi-antonelli-mudando-foco-italianos-torcida-piloto-fora-ferrari\/"},"modified":"2026-04-19T13:07:55","modified_gmt":"2026-04-19T16:07:55","slug":"ceo-formula-1-ve-andrea-kimi-antonelli-mudando-foco-italianos-torcida-piloto-fora-ferrari","status":"publish","type":"post","link":"https:\/\/grandepremio.com\/br\/f1\/ceo-formula-1-ve-andrea-kimi-antonelli-mudando-foco-italianos-torcida-piloto-fora-ferrari\/","title":{"rendered":"CEO da F1 v\u00ea Antonelli &#8220;mudando foco&#8221; dos italianos: &#8220;Torcida por piloto fora da Ferrari&#8221;"},"content":{"rendered":"\n<p class=\"wp-block-paragraph\"><strong>Stefano Domenicali<\/strong> n\u00e3o poupou elogios a <strong>Andrea Kimi Antonelli<\/strong>. O CEO da <strong>F\u00f3rmula 1<\/strong> afirmou que o jovem da <strong>Mercedes<\/strong> representa \u201csangue novo\u201d e inspira\u00e7\u00e3o para a nova gera\u00e7\u00e3o, n\u00e3o apenas pelo desempenho dentro da pista, mas tamb\u00e9m pelo perfil, que considera alinhado aos valores que o campeonato busca promover. Al\u00e9m disso, projetou que o piloto pode provocar at\u00e9 uma mudan\u00e7a no perfil dos torcedores italianos, tirando foco da <strong>Ferrari<\/strong>.<\/p>\n\n\n\n<p class=\"wp-block-paragraph\">Aos 19 anos, Antonelli iniciou a segunda temporada na F1 j\u00e1 com duas vit\u00f3rias e lideran\u00e7a do <strong>Mundial de Pilotos<\/strong>, consolidando uma ascens\u00e3o mete\u00f3rica ap\u00f3s estrear no press\u00e3o na Mercedes. A aposta ousada de <strong>Toto Wolff<\/strong>, que promoveu o italiano sem etapas intermedi\u00e1rias ap\u00f3s a sa\u00edda de <strong>Lewis Hamilton<\/strong>, foi destacada por Domenicali como um exemplo de vis\u00e3o dentro do paddock.<\/p>\n\n\n\n<figure class=\"wp-block-embed is-type-video is-provider-youtube wp-block-embed-youtube wp-embed-aspect-16-9 wp-has-aspect-ratio\"><div class=\"wp-block-embed__wrapper\">\n<iframe loading=\"lazy\" title=\"REVELADAS AS OP\u00c7\u00d5ES PARA SALVAR F1 + WEC ABRE 2026 EM \u00cdMOLA | TTGP #215\" width=\"500\" height=\"281\" src=\"https:\/\/www.youtube.com\/embed\/5MchiPajCJc?feature=oembed\" frameborder=\"0\" allow=\"accelerometer; autoplay; clipboard-write; encrypted-media; gyroscope; picture-in-picture; web-share\" referrerpolicy=\"strict-origin-when-cross-origin\" allowfullscreen><\/iframe>\n<\/div><\/figure>\n\n\n\n<h3 class=\"wp-block-heading\" id=\"h-gp-experience-o-novo-produto-do-grande-premio-conecta-voce-aos-maiores-eventos-de-esporte-a-motor-do-mundo-va-para-indianapolis-com-a-gente-saiba-aqui-todos-os-detalhes\"><strong><mark style=\"background-color:rgba(0, 0, 0, 0)\" class=\"has-inline-color has-vivid-red-color\">+ GP EXPERIENCE: o novo produto do GRANDE PR\u00caMIO conecta voc\u00ea aos maiores eventos de esporte a motor do mundo. V\u00e1 para Indian\u00e1polis com a gente:\u00a0<a href=\"https:\/\/gpexperience.tur.br\/\">saiba aqui todos os detalhes<\/a>.<\/mark><\/strong><\/h3>\n\n\n\n<p class=\"wp-block-paragraph\">Em entrevista \u00e0 edi\u00e7\u00e3o italiana do <em>Motorsport.com<\/em>, o CEO da F1 exaltou o efeito imediato do bom in\u00edcio de Antonelli, especialmente entre jovens f\u00e3s. Segundo ele, o italiano representa exatamente o tipo de figura que a F1 quer projetar.<\/p>\n\n\n\n<p class=\"wp-block-paragraph\">&#8220;\u00c9 fant\u00e1stico, tanto do ponto de vista de inspira\u00e7\u00e3o para o automobilismo quanto para a nova gera\u00e7\u00e3o. J\u00e1 vejo na It\u00e1lia crian\u00e7as no kart dizendo aos pais que o piloto favorito \u00e9 Kimi. Venceu apenas duas corridas, mas o impacto desse come\u00e7o \u00e9 enorme e inspira muitos jovens&#8221;, afirmou.<\/p>\n\n\n\n<figure class=\"wp-block-image size-large\"><img decoding=\"async\" src=\"https:\/\/www.grandepremio.com\/br\/wp-content\/uploads\/2026\/03\/china-corrida-f1-2026-afp-mercedes-kimi-antonelli-04-1200x800.jpg\" alt=\"\" class=\"wp-image-1068205\"\/><figcaption class=\"wp-element-caption\">Kimi Antonelli quebrou jejum de 20 anos sem vit\u00f3ria da It\u00e1lia na F1 (Foto: AFP) <\/figcaption><\/figure>\n\n\n\n<p class=\"wp-block-paragraph\">&#8220;Minha filha tem a mesma idade, nasceu em 2006. Agora est\u00e1 acompanhando porque \u00e9 Kimi, da mesma idade. Todos os amigos tamb\u00e9m est\u00e3o acompanhando. \u00c9 algo incr\u00edvel na It\u00e1lia. \u00c9 sangue novo, um bom garoto, ainda muito puro, e isso transmite os valores que buscamos \u2014 pessoas normais que se tornam algo \u00fanico em desempenho e como exemplo&#8221;, explicou.<\/p>\n\n\n\n<p class=\"wp-block-paragraph\">Al\u00e9m de representar a nova gera\u00e7\u00e3o, Antonelli tamb\u00e9m simboliza uma retomada da It\u00e1lia na F1. Ao vencer pela primeira vez, na <strong>China<\/strong>, <a href=\"https:\/\/www.grandepremio.com\/br\/f1\/noticias\/andrea-kimi-antonelli-quebra-tabu-leva-italia-volta-topo-podio-apos-20-anos-formula-1\/\">encerrou seca de 20 anos sem triunfos do pa\u00eds<\/a>. No <strong>Jap\u00e3o<\/strong>, se tornou o primeiro italiano desde <strong>Alberto Ascari<\/strong>, em 1953, <a href=\"https:\/\/www.grandepremio.com\/br\/f1\/noticias\/andrea-kimi-antonelli-repete-feito-alberto-ascari-formula-1-vitoria-gp-do-japao\/\">a subir no degrau mais alto do p\u00f3dio duas vezes seguidas<\/a> \u2014 de quebra, ainda superou Hamilton e <a href=\"https:\/\/www.grandepremio.com\/br\/f1\/noticias\/andrea-kimi-antonelli-supera-lewis-hamilton-torna-lider-mais-jovem-historia-mundial-pilotos-f1\/\">se tornou o l\u00edder mais jovem da hist\u00f3ria do Mundial de Pilotos<\/a>.<\/p>\n\n\n\n<p class=\"wp-block-paragraph\">Domenicali destacou essa representatividade que Antonelli j\u00e1 carrega para a It\u00e1lia na F1. Para ele, o piloto da Mercedes pode gerar uma mudan\u00e7a no comportamento dos torcedores italianos, tradicionalmente ligados apenas \u00e0 Ferrari.<\/p>\n\n\n\n<p class=\"wp-block-paragraph\">&#8220;Para a It\u00e1lia, \u00e9 fant\u00e1stico. Mesmo que sejam apenas duas vit\u00f3rias, poucas pessoas venceram duas corridas na F1. J\u00e1 h\u00e1 muita aten\u00e7\u00e3o, e espero que seja apenas o come\u00e7o. Ser\u00e1 interessante observar se pode haver uma mudan\u00e7a de foco dos f\u00e3s italianos, que sempre apoiaram a Ferrari, para um piloto do pa\u00eds que n\u00e3o corre pela equipe. Isso seria uma hist\u00f3ria incr\u00edvel&#8221;, avaliou.<\/p>\n\n\n\n<figure class=\"wp-block-image size-large\"><img decoding=\"async\" src=\"https:\/\/www.grandepremio.com\/br\/wp-content\/uploads\/2026\/03\/corrida-f1-2026-mercedes-kimi-antonelli-01-1-1200x885.jpg\" alt=\"\" class=\"wp-image-1073375\"\/><figcaption class=\"wp-element-caption\">Antonelli se tornou primeiro italiano ap\u00f3s Ascari a vencer duas seguidas na F1 (Foto: Mercedes)<\/figcaption><\/figure>\n\n\n\n<p class=\"wp-block-paragraph\">Por fim, o CEO refor\u00e7ou a import\u00e2ncia de proteger o jovem talento diante da exposi\u00e7\u00e3o crescente. Ele relembrou cr\u00edticas sofridas por Wolff ao acelerar a trajet\u00f3ria de Antonelli e destacou a maturidade do piloto.<\/p>\n\n\n\n<p class=\"wp-block-paragraph\">&#8220;Kimi mostrou for\u00e7a, aprendeu e agora \u00e9 protagonista. Claro que tem um grande carro, mas a forma como pilota \u00e9 impressionante. Agora precisa manter essa abordagem e ser protegido, porque vai receber muita aten\u00e7\u00e3o. Isso ser\u00e1 fundamental para o sucesso&#8221;, completou.<\/p>\n\n\n\n<p class=\"wp-block-paragraph\">A&nbsp;<strong>F\u00f3rmula 1<\/strong>&nbsp;entrou em hiato ap\u00f3s a suspens\u00e3o dos&nbsp;<strong>GPs do Bahrein<\/strong>&nbsp;e&nbsp;<strong>da Ar\u00e1bia Saudita<\/strong>&nbsp;e retorna no fim de semana de 1\u00ba a 3 de maio com o&nbsp;<strong>GP de Miami<\/strong>.<\/p>\n\n\n\n<p class=\"wp-block-paragraph\">\u25b6\ufe0f\u00a0<strong>Inscreva-se nos dois canais do GRANDE PR\u00caMIO no YouTube:\u00a0<a href=\"https:\/\/www.youtube.com\/channel\/UC9OlHEgxoaY6QY6nWPoiqQg?sub_confirmation=1\">GP<\/a>\u00a0|\u00a0<a href=\"https:\/\/www.youtube.com\/channel\/UC9csiS6q_C3C0FYhyr1rnFA?sub_confirmation=1\">GPTV<\/a><\/strong><\/p>\n\n\n\n<h2 class=\"wp-block-heading\" id=\"h-f1-hoje-saiba-aqui-as-noticias-mais-importantes-do-dia-da-formula-1\"><strong>F1 hoje: saiba aqui as not\u00edcias mais importantes do dia da F\u00f3rmula 1<\/strong><\/h2>\n\n\n\n<p class=\"wp-block-paragraph\">A reda\u00e7\u00e3o do&nbsp;<strong>GRANDE PR\u00caMIO<\/strong>&nbsp;selecionou as not\u00edcias mais importantes das \u00faltimas horas para voc\u00ea ficar por dentro de tudo que acontece na F1.<\/p>\n\n\n\n<p class=\"wp-block-paragraph\"><strong>\u25b6\ufe0f <a href=\"https:\/\/www.grandepremio.com\/br\/f1\/noticias\/audi-sente-dor-crescimento-f1-2026-apos-florescer-fugaz-pontos-estreia\/\">Audi sente dor do crescimento na F1 2026 ap\u00f3s florescer fugaz com pontos em estreia<\/a><br>\u25b6\ufe0f <a href=\"https:\/\/www.grandepremio.com\/br\/f1\/noticias\/chefe-elogia-estrutura-mclaren-f1-explica-chegada-gianpiero-lambiase-cereja-bolo\/\">Chefe elogia estrutura da McLaren na F1 e explica chegada de Lambiase: &#8220;Cereja do bolo&#8221;<\/a><br>\u25b6\ufe0f <a href=\"https:\/\/www.grandepremio.com\/br\/f1\/noticias\/ex-f1-critica-adrian-newey-chefe-aston-martin-projeta-nao-vai-durar-muito\/\">Ex-F1 critica Newey como chefe da Aston Martin e projeta: &#8220;N\u00e3o vai durar muito&#8221;<\/a><br>\u25b6\ufe0f <a href=\"https:\/\/www.grandepremio.com\/br\/f1\/noticias\/george-russell-se-diz-confiante-recuperacao-briga-contra-andrea-kimi-antonelli-energia-recarregada\/\">Russell se diz &#8220;confiante&#8221; em recupera\u00e7\u00e3o na briga contra Antonelli: &#8220;Energia recarregada&#8221;<\/a><br>\u25b6\ufe0f <a href=\"https:\/\/www.grandepremio.com\/br\/f1\/noticias\/chefe-mclaren-reage-rumores-substituicao-gianpiero-lambiase-levo-numa-boa\/\">Chefe da McLaren reage a rumores de substitui\u00e7\u00e3o por Lambiase: &#8220;Levo numa boa&#8221;<\/a><\/strong><\/p>\n","protected":false},"excerpt":{"rendered":"<p>Stefano Domenicali exaltou impacto que Andrea Kimi Antonelli j\u00e1 tem na nova gera\u00e7\u00e3o e projetou que sucesso na F\u00f3rmula 1 pode fazer italianos torcerem por ele ao inv\u00e9s da Ferrari<\/p>\n","protected":false},"author":0,"featured_media":1001072625,"comment_status":"closed","ping_status":"closed","sticky":false,"template":"","format":"standard","meta":{"42wp_featured_image_caption":"","42wp_featured_image_credits":"","42wp_featured_video":"","42wp_featured_image_hidden":false,"42wp_authors_list":[],"footnotes":""},"categories":[2],"tags":[18333,27861,26271,5273,147,29516,29148,207,180,31425,28995,1491,28285,30840,87,82,35129,907,31470],"42wp_author":[47164],"class_list":["post-9899","post","type-post","status-publish","format-standard","has-post-thumbnail","hentry","category-f1","tag-alberto-ascari","tag-andrea-kimi-antonelli","tag-calendario-f1","tag-classificacao-f1","tag-f1","tag-f1-2026","tag-f1-hoje","tag-ferrari","tag-formula-1","tag-formula-1-2026","tag-formula-1-hoje","tag-grande-premio","tag-grandepremio","tag-horarios-f1","tag-lewis-hamilton","tag-mercedes","tag-onde-assistir-f1","tag-stefano-domenicali","tag-temporada-2026-f1","42wp_author-marcos-gil-ribeiro"],"_links":{"self":[{"href":"https:\/\/grandepremio.com\/br\/wp-json\/wp\/v2\/posts\/9899","targetHints":{"allow":["GET"]}}],"collection":[{"href":"https:\/\/grandepremio.com\/br\/wp-json\/wp\/v2\/posts"}],"about":[{"href":"https:\/\/grandepremio.com\/br\/wp-json\/wp\/v2\/types\/post"}],"replies":[{"embeddable":true,"href":"https:\/\/grandepremio.com\/br\/wp-json\/wp\/v2\/comments?post=9899"}],"version-history":[{"count":0,"href":"https:\/\/grandepremio.com\/br\/wp-json\/wp\/v2\/posts\/9899\/revisions"}],"wp:featuredmedia":[{"embeddable":true,"href":"https:\/\/grandepremio.com\/br\/wp-json\/wp\/v2\/media\/1001072625"}],"wp:attachment":[{"href":"https:\/\/grandepremio.com\/br\/wp-json\/wp\/v2\/media?parent=9899"}],"wp:term":[{"taxonomy":"category","embeddable":true,"href":"https:\/\/grandepremio.com\/br\/wp-json\/wp\/v2\/categories?post=9899"},{"taxonomy":"post_tag","embeddable":true,"href":"https:\/\/grandepremio.com\/br\/wp-json\/wp\/v2\/tags?post=9899"},{"taxonomy":"42wp_author","embeddable":true,"href":"https:\/\/grandepremio.com\/br\/wp-json\/wp\/v2\/42wp_author?post=9899"}],"curies":[{"name":"wp","href":"https:\/\/api.w.org\/{rel}","templated":true}]}}