{"id":98999,"date":"2023-09-22T06:47:26","date_gmt":"2023-09-22T09:47:26","guid":{"rendered":"https:\/\/grandepremio.com\/br\/noticias\/mclaren-aponta-dia-tranquilo-positivo-pista-desafiadora-japao\/"},"modified":"2023-09-22T06:49:05","modified_gmt":"2023-09-22T09:49:05","slug":"mclaren-aponta-dia-tranquilo-positivo-pista-desafiadora-japao","status":"publish","type":"post","link":"https:\/\/grandepremio.com\/br\/f1\/mclaren-aponta-dia-tranquilo-positivo-pista-desafiadora-japao\/","title":{"rendered":"McLaren aponta para dia &#8220;tranquilo e positivo&#8221; em &#8220;pista desafiadora&#8221; do Jap\u00e3o"},"content":{"rendered":"\n<p class=\"wp-block-paragraph\">A <strong>McLaren <\/strong>colocou os <a href=\"https:\/\/www.grandepremio.com\/br\/f1\/noticias\/max-verstappen-neutraliza-rivais-fecha-tl2-japao-lideranca-charles-leclerc-poe-ferrari-2o\/\" class=\"ek-link\">dois carros no top-8 do segundo treino livre<\/a> e, mais uma vez, teve <strong>Lando Norris<\/strong> como um dos principais destaques do primeiro dia de atividades do <strong>GP do Jap\u00e3o<\/strong>. Isso deixou otimista o chefe da equipe, <strong>Andrea Stella<\/strong>, que avaliou o in\u00edcio do fim de semana de forma bem positiva para o time laranja.<\/p>\n\n\n\n<p class=\"wp-block-paragraph\">O italiano valorizou, especialmente, o fato da McLaren n\u00e3o ter enfrentado nenhum tipo de contratempo, mesmo usando atualiza\u00e7\u00f5es recentes nos carros de Norris e <strong>Oscar Piastri.<\/strong><\/p>\n\n\n\n<p class=\"wp-block-paragraph\">&#8220;Tivemos um primeiro dia tranquilo e positivo em <strong>Suzuka<\/strong>. Conseguimos completar nosso programa sem maiores problemas em nenhum dos carros&#8221;, disse.<\/p>\n\n\n\n<figure class=\"wp-block-image size-large\"><img decoding=\"async\" src=\"https:\/\/www.grandepremio.com\/br\/wp-content\/uploads\/2023\/09\/japao-2023-f1-treinos-livres-mclaren-oscar-piastri-03-1024x683.jpg\" alt=\"\" class=\"wp-image-732185\"\/><figcaption class=\"wp-element-caption\">Oscar Piastri tamb\u00e9m andou forte na sexta-feira do Jap\u00e3o (Foto: McLaren)<\/figcaption><\/figure>\n\n\n\n<p class=\"wp-block-paragraph\">Para Stella, encontrar o acerto ideal do carro \u00e9 especialmente complicado em Suzuka, afinal, trata-se de uma pista que mescla falta de ader\u00eancia com desgaste alto de pneus, ou seja, as duas piores coisas para os compostos.<\/p>\n\n\n\n<p class=\"wp-block-paragraph\">&#8220;\u00c9 uma pista desafiadora para o acerto, a degrada\u00e7\u00e3o dos pneus \u00e9 alta, a ader\u00eancia \u00e9 baixa, ent\u00e3o, \u00e9 muita coisa que precisa ser vista, mas o MCL60 est\u00e1 se comportando bem, em geral. Vamos revisar tudo durante a noite com o que temos de informa\u00e7\u00f5es e estaremos prontos para o resto do fim de semana&#8221;, completou.<\/p>\n\n\n\n<p class=\"wp-block-paragraph\">Em \u00f3tima recupera\u00e7\u00e3o depois das seguidas atualiza\u00e7\u00f5es, a McLaren est\u00e1 firme em quinto no <strong>Mundial de Construtores<\/strong>, com 139 pontos, mas vive momento muito melhor que o da quarta colocada, <strong>Aston Martin,<\/strong> que tem 217.<\/p>\n\n\n\n<p class=\"wp-block-paragraph\">A\u00a0<strong><a href=\"https:\/\/www.grandepremio.com\/formula-1\/\" target=\"_blank\" rel=\"noreferrer noopener\">F\u00f3rmula 1<\/a>\u00a0<\/strong>retorna no final da noite de sexta-feira (22), \u00e0s\u00a0<strong>23h30<\/strong>\u00a0(de Bras\u00edlia, GMT-3), para a disputa do terceiro treino livre v\u00e1lido para o GP do Jap\u00e3o. Depois, na madrugada de s\u00e1bado, \u00e0s\u00a0<strong>3h<\/strong>, acontece a sess\u00e3o que define o grid de largada da corrida em Suzuka. O\u00a0<strong>GRANDE PR\u00caMIO<\/strong>\u00a0acompanha todas as atividades\u00a0<strong>AO VIVO<\/strong>\u00a0e em\u00a0<strong>TEMPO REAL<\/strong>. No s\u00e1bado e no domingo, classifica\u00e7\u00e3o e corrida tamb\u00e9m contam com\u00a0<a href=\"https:\/\/formula1aovivo.com\/\" target=\"_blank\" rel=\"noreferrer noopener\">transmiss\u00e3o<\/a>\u00a0em\u00a0<strong><a href=\"https:\/\/www.youtube.com\/@GrandePremio1\/streams\">S<\/a><\/strong><a href=\"https:\/\/www.youtube.com\/@GrandePremio1\/streams\"><strong>EGUNDA TELA, NA GPTV, EM PARCERIA COM A VOZ DO ESPORTE<\/strong><\/a>.<\/p>\n\n\n\n<p class=\"wp-block-paragraph\"><strong>\u25b6\ufe0f\u00a0Inscreva-se nos dois canais do GRANDE PR\u00caMIO no YouTube:\u00a0<a href=\"https:\/\/www.youtube.com\/channel\/UC9OlHEgxoaY6QY6nWPoiqQg?sub_confirmation=1\" target=\"_blank\" rel=\"noreferrer noopener\">GP<\/a>\u00a0|\u00a0<a href=\"https:\/\/www.youtube.com\/channel\/UC9csiS6q_C3C0FYhyr1rnFA?sub_confirmation=1\" target=\"_blank\" rel=\"noreferrer noopener\">GP2<\/a><\/strong><br><strong>\u25b6\ufe0f\u00a0<a href=\"https:\/\/www.twitch.tv\/grandepremio\" target=\"_blank\" rel=\"noreferrer noopener\">Conhe\u00e7a o canal do GRANDE PR\u00caMIO na Twitch clicando aqui!<\/a><\/strong><\/p>\n\n\n\n<figure class=\"wp-block-embed is-type-video is-provider-youtube wp-block-embed-youtube wp-embed-aspect-16-9 wp-has-aspect-ratio\"><div class=\"wp-block-embed__wrapper\">\n<iframe loading=\"lazy\" title=\"F1 2023 no Jap\u00e3o: Verstappen DOMINA treinos livres. Leclerc 2\u00ba | Briefing\" width=\"500\" height=\"281\" src=\"https:\/\/www.youtube.com\/embed\/JfYYR7tk0dQ?feature=oembed\" frameborder=\"0\" allow=\"accelerometer; autoplay; clipboard-write; encrypted-media; gyroscope; picture-in-picture; web-share\" referrerpolicy=\"strict-origin-when-cross-origin\" allowfullscreen><\/iframe>\n<\/div><\/figure>\n","protected":false},"excerpt":{"rendered":"<p>A McLaren teve uma sexta-feira promissora de treinos livres do GP do Jap\u00e3o e, acima de tudo, o chefe Andrea Stella saiu satisfeito com a falta de problemas do time<\/p>\n","protected":false},"author":0,"featured_media":1000732049,"comment_status":"closed","ping_status":"closed","sticky":false,"template":"","format":"standard","meta":{"42wp_featured_image_caption":"","42wp_featured_image_credits":"","42wp_featured_video":"","42wp_featured_image_hidden":false,"42wp_authors_list":[],"footnotes":""},"categories":[2],"tags":[7094,309,26271,5273,147,6533,180,30722,3023,1491,28285,30840,24855,36566,32659,547,90,35129,2916,608,36565,32660,31447],"42wp_author":[47117],"class_list":["post-98999","post","type-post","status-publish","format-standard","has-post-thumbnail","hentry","category-f1","tag-andrea-stella","tag-aston-martin","tag-calendario-f1","tag-classificacao-f1","tag-f1","tag-f1-2023","tag-formula-1","tag-formula-1-2023","tag-gp-do-japao","tag-grande-premio","tag-grandepremio","tag-horarios-f1","tag-japao","tag-japao-2023","tag-japao-f1","tag-lando-norris","tag-mclaren","tag-onde-assistir-f1","tag-oscar-piastri","tag-suzuka","tag-suzuka-2023","tag-suzuka-f1","tag-temporada-2023-f1","42wp_author-gabriel-curty"],"_links":{"self":[{"href":"https:\/\/grandepremio.com\/br\/wp-json\/wp\/v2\/posts\/98999","targetHints":{"allow":["GET"]}}],"collection":[{"href":"https:\/\/grandepremio.com\/br\/wp-json\/wp\/v2\/posts"}],"about":[{"href":"https:\/\/grandepremio.com\/br\/wp-json\/wp\/v2\/types\/post"}],"replies":[{"embeddable":true,"href":"https:\/\/grandepremio.com\/br\/wp-json\/wp\/v2\/comments?post=98999"}],"version-history":[{"count":0,"href":"https:\/\/grandepremio.com\/br\/wp-json\/wp\/v2\/posts\/98999\/revisions"}],"wp:featuredmedia":[{"embeddable":true,"href":"https:\/\/grandepremio.com\/br\/wp-json\/wp\/v2\/media\/1000732049"}],"wp:attachment":[{"href":"https:\/\/grandepremio.com\/br\/wp-json\/wp\/v2\/media?parent=98999"}],"wp:term":[{"taxonomy":"category","embeddable":true,"href":"https:\/\/grandepremio.com\/br\/wp-json\/wp\/v2\/categories?post=98999"},{"taxonomy":"post_tag","embeddable":true,"href":"https:\/\/grandepremio.com\/br\/wp-json\/wp\/v2\/tags?post=98999"},{"taxonomy":"42wp_author","embeddable":true,"href":"https:\/\/grandepremio.com\/br\/wp-json\/wp\/v2\/42wp_author?post=98999"}],"curies":[{"name":"wp","href":"https:\/\/api.w.org\/{rel}","templated":true}]}}