{"id":99057,"date":"2023-09-21T04:15:00","date_gmt":"2023-09-21T07:15:00","guid":{"rendered":"https:\/\/grandepremio.com\/br\/noticias\/onde-assistir-as-corridas-do-fim-de-semana-na-tv-e-no-streaming-21-a-24-de-setembro\/"},"modified":"2023-09-22T13:43:05","modified_gmt":"2023-09-22T16:43:05","slug":"onde-assistir-as-corridas-do-fim-de-semana-na-tv-e-no-streaming-21-a-24-de-setembro","status":"publish","type":"post","link":"https:\/\/grandepremio.com\/br\/programacao-tv\/onde-assistir-as-corridas-do-fim-de-semana-na-tv-e-no-streaming-21-a-24-de-setembro\/","title":{"rendered":"Onde assistir \u00e0s corridas do fim de semana na TV e no streaming: 21 a 24 de setembro"},"content":{"rendered":"\n<h2 class=\"wp-block-heading\" id=\"h-quinta-feira-nbsp-21-de-setembro\"><strong>Quinta-feira,&nbsp;21 de setembro<\/strong><\/h2>\n\n\n\n<figure class=\"wp-block-table\"><table><tbody><tr><td>CATEGORIA<\/td><td>ETAPA<\/td><td>ATIVIDADE<\/td><td>HORA<\/td><td>EMISSORA<\/td><\/tr><tr><td>F\u00f3rmula 1<\/td><td>GP do Jap\u00e3o<\/td><td>Treino livre 1<\/td><td>23:30<\/td><td>F1 TV | BandSports<\/td><\/tr><\/tbody><\/table><\/figure>\n\n\n\n<h2 class=\"wp-block-heading\" id=\"h-sexta-feira-nbsp-22-de-setembro\"><strong>Sexta-feira,&nbsp;22 de setembro<\/strong><\/h2>\n\n\n\n<figure class=\"wp-block-table\"><table><tbody><tr><td>CATEGORIA<\/td><td>ETAPA<\/td><td>ATIVIDADE<\/td><td>HORA<\/td><td>EMISSORA<\/td><\/tr><tr><td>F\u00f3rmula 1<\/td><td>GP do Jap\u00e3o<\/td><td>Treino livre 2<\/td><td>03:00<\/td><td>F1 TV | BandSports<\/td><\/tr><tr><td>Moto3<\/td><td>GP da \u00cdndia<\/td><td>Treino 2<\/td><td>04:45<\/td><td>Star+ | ESPN 4<\/td><\/tr><tr><td>Moto2<\/td><td>GP da \u00cdndia<\/td><td>Treino 2<\/td><td>05:50<\/td><td>Star+ | ESPN 4<\/td><\/tr><tr><td>MotoGP<\/td><td>GP da \u00cdndia<\/td><td>Treino<\/td><td>07:00<\/td><td>Star+ | ESPN 4<\/td><\/tr><tr><td>F\u00f3rmula 1<\/td><td>GP do Jap\u00e3o<\/td><td>Treino livre 3<\/td><td>23:30<\/td><td>F1 TV | BandSports<\/td><\/tr><\/tbody><\/table><\/figure>\n\n\n\n<p class=\"wp-block-paragraph\"><strong>Siga o GRANDE PR\u00caMIO nas redes sociais:<br><a href=\"https:\/\/youtube.com\/GrandePremioTV\" target=\"_blank\" rel=\"noreferrer noopener\">YouTube<\/a>&nbsp;|&nbsp;<a href=\"https:\/\/facebook.com\/grandepremio\" target=\"_blank\" rel=\"noreferrer noopener\">Facebook<\/a>&nbsp;|&nbsp;<a href=\"https:\/\/twitter.com\/grandepremio\" target=\"_blank\" rel=\"noreferrer noopener\">Twitter&nbsp;<\/a>|&nbsp;<a href=\"https:\/\/instagram.com\/grandepremio\" target=\"_blank\" rel=\"noreferrer noopener\">Instagram<\/a>&nbsp;|&nbsp;<a href=\"https:\/\/pinterest.com\/grandepremio\" target=\"_blank\" rel=\"noreferrer noopener\">Pinterest<\/a>&nbsp;|&nbsp;<a href=\"http:\/\/twitch.com\/grandepremio\" target=\"_blank\" rel=\"noreferrer noopener\">Twitch<\/a>&nbsp;|&nbsp;<a href=\"https:\/\/dailymotion.com\/grandepremio\" target=\"_blank\" rel=\"noreferrer noopener\">DailyMotion<\/a><\/strong><\/p>\n\n\n\n<h2 class=\"wp-block-heading\" id=\"block-9d3cf704-967e-4edc-bc3b-f3e61c89fdd1\"><strong>S\u00e1bado, 23 de setembro<\/strong><\/h2>\n\n\n\n<figure class=\"wp-block-table\"><table><tbody><tr><td>CATEGORIA<\/td><td>ETAPA<\/td><td>ATIVIDADE<\/td><td>HORA<\/td><td>EMISSORA<\/td><\/tr><tr><td>MotoGP<\/td><td>GP da \u00cdndia<\/td><td>Treino livre 2<\/td><td>02:10<\/td><td>Star+ | ESPN 4<\/td><\/tr><tr><td>F\u00f3rmula 1<\/td><td>GP do Jap\u00e3o<\/td><td>Classifica\u00e7\u00e3o<\/td><td>02:45<\/td><td><strong>GRANDE PR\u00caMIO | SEGUNDA TELA<\/strong><\/td><\/tr><tr><td>MotoGP<\/td><td>GP da \u00cdndia<\/td><td>Classifica\u00e7\u00e3o<\/td><td>02:50<\/td><td>Star+ | ESPN 4<\/td><\/tr><tr><td>F\u00f3rmula 1<\/td><td>GP do Jap\u00e3o<\/td><td>Classifica\u00e7\u00e3o<\/td><td>03:00<\/td><td>F1 TV | Band | BandSports<\/td><\/tr><tr><td>DTM<\/td><td>\u00c1ustria<\/td><td>Classifica\u00e7\u00e3o<\/td><td>03:50<\/td><td>Star+<\/td><\/tr><tr><td>Moto3<\/td><td>GP da \u00cdndia<\/td><td>Classifica\u00e7\u00e3o<\/td><td>04:50<\/td><td>Star+ | ESPN 4<\/td><\/tr><tr><td>Moto2<\/td><td>GP da \u00cdndia<\/td><td>Classifica\u00e7\u00e3o<\/td><td>05:45<\/td><td>Star+ | ESPN 4<\/td><\/tr><tr><td>MotoGP<\/td><td>GP da \u00cdndia<\/td><td>Sprint<\/td><td>07:00<\/td><td>Star+ | ESPN 4<\/td><\/tr><tr><td>WorldSSP300<\/td><td>GP de Arag\u00e3o<\/td><td>Corrida 1<\/td><td>07:40<\/td><td>BandSports<\/td><\/tr><tr><td>DTM<\/td><td>\u00c1ustria<\/td><td>Corrida <\/td><td>08:15<\/td><td>Star+<\/td><\/tr><tr><td>WorldSBK&nbsp;<\/td><td>GP de Arag\u00e3o<\/td><td>Corrida 1<\/td><td>09:00<\/td><td>BandSports<\/td><\/tr><tr><td>WorldSSP&nbsp;<\/td><td>GP de Arag\u00e3o<\/td><td>Corrida 1<\/td><td>10:15<\/td><td>BandSports<\/td><\/tr><\/tbody><\/table><\/figure>\n\n\n\n<p class=\"wp-block-paragraph\"><strong>&nbsp;Inscreva-se nos dois canais do GRANDE PR\u00caMIO no YouTube:&nbsp;<a href=\"https:\/\/www.youtube.com\/channel\/UC9OlHEgxoaY6QY6nWPoiqQg?sub_confirmation=1\" target=\"_blank\" rel=\"noreferrer noopener\">GP<\/a>&nbsp;|&nbsp;<a href=\"https:\/\/www.youtube.com\/channel\/UC9csiS6q_C3C0FYhyr1rnFA?sub_confirmation=1\" target=\"_blank\" rel=\"noreferrer noopener\">GP2<\/a><\/strong><br><strong><a href=\"https:\/\/www.twitch.tv\/grandepremio\" target=\"_blank\" rel=\"noreferrer noopener\">Conhe\u00e7a o canal do GRANDE PR\u00caMIO na Twitch clicando aqui!<\/a><\/strong><\/p>\n\n\n\n<h2 class=\"wp-block-heading\"><strong>Domingo,&nbsp;24 de setembro<\/strong><\/h2>\n\n\n\n<figure class=\"wp-block-table\"><table><tbody><tr><td>CATEGORIA<\/td><td>ETAPA<\/td><td>ATIVIDADE<\/td><td>HORA<\/td><td>EMISSORA<\/td><\/tr><tr><td>F\u00f3rmula 1<\/td><td>GP do Jap\u00e3o<\/td><td>Corrida<\/td><td><strong>01:40<\/strong><\/td><td><strong>GRANDE PR\u00caMIO | SEGUNDA TELA<\/strong><\/td><\/tr><tr><td>F\u00f3rmula 1<\/td><td>GP do Jap\u00e3o<\/td><td>Corrida<\/td><td><strong>02:00<\/strong><\/td><td>F1 TV | Band<\/td><\/tr><tr><td>Moto3<\/td><td>GP da \u00cdndia<\/td><td>Corrida<\/td><td>04:00<\/td><td>Star+ | ESPN 4<\/td><\/tr><tr><td>DTM<\/td><td>\u00c1ustria<\/td><td>Classifica\u00e7\u00e3o<\/td><td>04:30<\/td><td>Star+<\/td><\/tr><tr><td>Moto2<\/td><td>GP da \u00cdndia<\/td><td>Corrida<\/td><td>05:15<\/td><td>Star+ | ESPN 4<\/td><\/tr><tr><td>WorldSBK<\/td><td>GP de Arag\u00e3o<\/td><td>Superpole<\/td><td>06:00<\/td><td>BandSports<\/td><\/tr><tr><td>MotoGP<\/td><td>GP da \u00cdndia<\/td><td>Corrida<\/td><td>07:00<\/td><td>Star+ | ESPN 4<\/td><\/tr><tr><td>WorldSSP&nbsp;<\/td><td>GP de Arag\u00e3o<\/td><td>Corrida 2<\/td><td>07:30<\/td><td>BandSports<\/td><\/tr><tr><td>DTM<\/td><td>\u00c1ustria<\/td><td>Corrida<\/td><td>08:15<\/td><td>Star+<\/td><\/tr><tr><td>TCR Sul-Americano<\/td><td>Velopark<\/td><td>Corrida 1<\/td><td>09:00<\/td><td>Star+<\/td><\/tr><tr><td>WorldSBK&nbsp;<\/td><td>GP de Arag\u00e3o<\/td><td>Corrida 2<\/td><td>09:00<\/td><td>BandSports<\/td><\/tr><tr><td>WorldSSP300<\/td><td>GP de Arag\u00e3o<\/td><td>Corrida 2<\/td><td>10:15<\/td><td>BandSports<\/td><\/tr><tr><td>TCR Sul-Americano<\/td><td>Velopark<\/td><td>Corrida 2<\/td><td>12:45<\/td><td>Star+<\/td><\/tr><tr><td>Nascar<\/td><td>Texas<\/td><td>Corrida<\/td><td>16:30<\/td><td>BandSports<\/td><\/tr><\/tbody><\/table><\/figure>\n\n\n\n<h3 class=\"wp-block-heading\" id=\"h-programacao-do-grande-premio\"><strong>Programa\u00e7\u00e3o do GRANDE PR\u00caMIO<\/strong><\/h3>\n\n\n\n<figure class=\"wp-block-table\"><table><tbody><tr><td>PROGRAMA<\/td><td>ETAPA<\/td><td>ATIVIDADE<\/td><td>HORA<\/td><td>TRANSMISS\u00c3O<\/td><\/tr><tr><td>Briefing (SEX)<\/td><td>GP do Jap\u00e3o<\/td><td>P\u00f3s-Treinos livres<\/td><td>04:00<\/td><td><strong>GPTV (YouTube)<\/strong><\/td><\/tr><tr><td>Briefing (SAB)<\/td><td>GP do Jap\u00e3o<\/td><td>P\u00f3s-Classifica\u00e7\u00e3o<\/td><td>04:00<\/td><td><strong>GPTV (YouTube)<\/strong><\/td><\/tr><tr><td>Briefing (DOM)<\/td><td>GP do Jap\u00e3o<\/td><td>Pr\u00e9-corrida<\/td><td>00:30<\/td><td><strong>GPTV (YouTube)<\/strong><\/td><\/tr><tr><td>Briefing (DOM)<\/td><td>GP do Jap\u00e3o<\/td><td>P\u00f3s-corrida<\/td><td>\ud83c\udfc1<\/td><td><strong>GPTV (YouTube)<\/strong><\/td><\/tr><\/tbody><\/table><\/figure>\n","protected":false},"excerpt":{"rendered":"<p>Onde assistir a todas as corridas do fim de semana do esporte a motor? O GRANDE PR\u00caMIO lista tudo aqui: a F\u00f3rmula 1 vai ao outro lado do planeta para o GP do Jap\u00e3o, no cl\u00e1ssico circuito de Suzuka, onde a Red Bull tem a chance de assegurar o Mundial de Construtores. Enquanto isso, a MotoGP visita a \u00cdndia pela primeira vez e disputa a 13\u00aa etapa da temporada 2023. Mas a agenda tem muito mais: Mundial de Superbike em Arag\u00e3o, DTM na \u00c1ustria e Nascar no Texas, al\u00e9m do TCR Sul-Americano no Velopark. Confira a programa\u00e7\u00e3o de TV e streaming<\/p>\n","protected":false},"author":0,"featured_media":1000620860,"comment_status":"closed","ping_status":"closed","sticky":false,"template":"","format":"standard","meta":{"42wp_featured_image_caption":"","42wp_featured_image_credits":"","42wp_featured_video":"","42wp_featured_image_hidden":false,"42wp_authors_list":[],"footnotes":""},"categories":[38],"tags":[23981,5660,5214,969,412,1405,147,6533,642,160,25893,103,30061,180,30722,3023,1491,30103,28285,2306,26133,159,11465,24855,79,78,27538,33202,33200,33201,25819,29345,28766,1117,3724,1645,950,411,32087,33203,26690,19348,510,1214,2785,2636,2632,608],"42wp_author":[47109],"class_list":["post-99057","post","type-post","status-publish","format-standard","has-post-thumbnail","hentry","category-programacao-tv","tag-buddh","tag-classificacao","tag-classificacao-motogp","tag-corrida","tag-dtm","tag-extreme-e","tag-f1","tag-f1-2023","tag-f1-ao-vivo","tag-f1-tv","tag-federacao-internacional-de-automobilismo","tag-fia","tag-fomula-1","tag-formula-1","tag-formula-1-2023","tag-gp-do-japao","tag-grande-premio","tag-grande-premio-f1","tag-grandepremio","tag-grid-de-largada","tag-horarios","tag-horarios-da-f1","tag-india","tag-japao","tag-moto-gp","tag-motogp","tag-motogp-2023","tag-motogp-2023-calendario","tag-motogp-calendario-2023","tag-motogp-classificacao-2023","tag-motogp-hoje","tag-motogp-horario","tag-motogp-standings","tag-mundial-de-construtores","tag-mundial-de-f1","tag-mundial-de-pilotos","tag-mundial-de-superbike","tag-nascar","tag-onde-assistir","tag-onde-assistir-motogp-2023","tag-pilotos-motogp","tag-podio","tag-pole","tag-pole-position","tag-q1","tag-q2","tag-q3","tag-suzuka","42wp_author-redacao-gp"],"_links":{"self":[{"href":"https:\/\/grandepremio.com\/br\/wp-json\/wp\/v2\/posts\/99057","targetHints":{"allow":["GET"]}}],"collection":[{"href":"https:\/\/grandepremio.com\/br\/wp-json\/wp\/v2\/posts"}],"about":[{"href":"https:\/\/grandepremio.com\/br\/wp-json\/wp\/v2\/types\/post"}],"replies":[{"embeddable":true,"href":"https:\/\/grandepremio.com\/br\/wp-json\/wp\/v2\/comments?post=99057"}],"version-history":[{"count":0,"href":"https:\/\/grandepremio.com\/br\/wp-json\/wp\/v2\/posts\/99057\/revisions"}],"wp:featuredmedia":[{"embeddable":true,"href":"https:\/\/grandepremio.com\/br\/wp-json\/wp\/v2\/media\/1000620860"}],"wp:attachment":[{"href":"https:\/\/grandepremio.com\/br\/wp-json\/wp\/v2\/media?parent=99057"}],"wp:term":[{"taxonomy":"category","embeddable":true,"href":"https:\/\/grandepremio.com\/br\/wp-json\/wp\/v2\/categories?post=99057"},{"taxonomy":"post_tag","embeddable":true,"href":"https:\/\/grandepremio.com\/br\/wp-json\/wp\/v2\/tags?post=99057"},{"taxonomy":"42wp_author","embeddable":true,"href":"https:\/\/grandepremio.com\/br\/wp-json\/wp\/v2\/42wp_author?post=99057"}],"curies":[{"name":"wp","href":"https:\/\/api.w.org\/{rel}","templated":true}]}}