{"id":99086,"date":"2023-09-19T09:49:14","date_gmt":"2023-09-19T12:49:14","guid":{"rendered":"https:\/\/grandepremio.com\/br\/noticias\/nick-tandy-mathieu-jaminet-vence-indianapolis-imsa-bryan-sellers-maddison-snow-titulo-gtd\/"},"modified":"2023-09-19T10:00:37","modified_gmt":"2023-09-19T13:00:37","slug":"nick-tandy-mathieu-jaminet-vence-indianapolis-imsa-bryan-sellers-maddison-snow-titulo-gtd","status":"publish","type":"post","link":"https:\/\/grandepremio.com\/br\/endurance\/nick-tandy-mathieu-jaminet-vence-indianapolis-imsa-bryan-sellers-maddison-snow-titulo-gtd\/","title":{"rendered":"Tandy\/Jaminet vence etapa de Indian\u00e1polis do IMSA. Sellers\/Snow leva t\u00edtulo na GTD"},"content":{"rendered":"\n<p class=\"wp-block-paragraph\">O <strong>IMSA<\/strong> disputou a pen\u00faltima etapa da temporada 2023 no \u00faltimo fim de semana, em <strong>Indian\u00e1polis<\/strong>, e deixou o m\u00edtico circuito americano com uma batalha ferrenha a ser definida na corrida derradeira do campeonato na classe <strong>GTP<\/strong>. Com vit\u00f3ria de <strong>Nick<\/strong> <strong>Tandy<\/strong> e <strong>Mathieu<\/strong> <strong>Jaminet<\/strong> no carro #6 da <strong>Porsche-Penske<\/strong>, a dupla se colocou na 3\u00aa posi\u00e7\u00e3o da classifica\u00e7\u00e3o, a apenas <strong>cinco<\/strong> pontos dos l\u00edderes do campeonato \u2014 <strong>Pipo<\/strong> <strong>Derani<\/strong> e <strong>Alexander<\/strong> <strong>Sims<\/strong> \u2014, com apenas mais uma prova em jogo.<\/p>\n\n\n\n<p class=\"wp-block-paragraph\">E a batalha pelo t\u00edtulo n\u00e3o vai incluir apenas as duas duplas, mas, sim, uma briga tripla. Al\u00e9m de Derani\/Sims e Tandy\/Jaminet, <strong>Ricky Taylor<\/strong> e <strong>Filipe<\/strong> <strong>Albuquerque<\/strong> ocupam a 2\u00aa coloca\u00e7\u00e3o, a apenas <strong>tr\u00eas<\/strong> tentos da lideran\u00e7a. Na etapa de Indian\u00e1polis, os pilotos terminaram na 5\u00aa posi\u00e7\u00e3o com o Acura #10.<\/p>\n\n\n\n<p class=\"wp-block-paragraph\"><strong>Matt Campbell <\/strong>e <strong>Felipe Nasr <\/strong>completaram o 1-2 da Porsche-Penske, seguidos por <strong>Connor de Phillippi<\/strong>\/<strong>Nick Yelloly<\/strong>, <strong>Derani<\/strong>\/<strong>Sims<\/strong>, <strong>Taylor<\/strong>\/<strong>Albuquerque<\/strong>, <strong>Tom Blomqvist<\/strong>\/<strong>Colin<\/strong> <strong>Braun<\/strong>, <strong>S\u00e9bastien Bourdais<\/strong>\/<strong>Renger<\/strong> <strong>van der Zande<\/strong>, <strong>Tijmen<\/strong> <strong>van<\/strong> <strong>der<\/strong> <strong>Helm<\/strong>\/<strong>Mike<\/strong> <strong>Rockenfeller<\/strong>, <strong>Harry<\/strong> <strong>Tincknell<\/strong>\/<strong>Gianmaria Bruni<\/strong> e <strong>Philipp<\/strong> <strong>Eng<\/strong>\/<strong>Augusto<\/strong> <strong>Farfus <\/strong>fechando o grupo da classe.<\/p>\n\n\n\n<p class=\"wp-block-paragraph\"><strong>\u25b6\ufe0f&nbsp;<a href=\"https:\/\/www.twitch.tv\/grandepremio\" target=\"_blank\" rel=\"noreferrer noopener\">Conhe\u00e7a o canal do GRANDE PR\u00caMIO na Twitch clicando aqui!<\/a><\/strong><\/p>\n\n\n\n<figure class=\"wp-block-image size-full\"><img decoding=\"async\" src=\"https:\/\/www.grandepremio.com\/br\/wp-content\/uploads\/2023\/09\/Porsche-Penske.jpg\" alt=\"\" class=\"wp-image-731340\"\/><figcaption class=\"wp-element-caption\">Porsche-Penske #6 liderou o 1-2 da equipe em Indian\u00e1polis (Foto: IMSA)<\/figcaption><\/figure>\n\n\n\n<p class=\"wp-block-paragraph\">Em uma situa\u00e7\u00e3o mais tranquila na lideran\u00e7a, <strong>Steven Thomas<\/strong> e <strong>Mikkel<\/strong> <strong>Jensen <\/strong>abriram <strong>20 <\/strong>pontos de dist\u00e2ncia para <strong>Ben Keating<\/strong> e <strong>Paul-Loup Chatin<\/strong> com a vit\u00f3ria na clase <strong>LMP2<\/strong>. <strong>Daniel<\/strong> <strong>Goldburg<\/strong> e <strong>Louis Del\u00e9traz <\/strong>chegaram na 2\u00aa coloca\u00e7\u00e3o, seguidos por <strong>George<\/strong> <strong>Kurtz<\/strong>\/<strong>Ben Hanley<\/strong>, <strong>Keating<\/strong>\/<strong>Chatin<\/strong>, <strong>Rodrigo Sales<\/strong>\/<strong>Giedo<\/strong> <strong>van<\/strong> <strong>der<\/strong> <strong>Garde<\/strong>, <strong>Dwight Merriman<\/strong>\/<strong>Ryan Dalziel<\/strong> e <strong>Dennis Andersen<\/strong>\/<strong>Ed Jones<\/strong>.<\/p>\n\n\n\n<p class=\"wp-block-paragraph\">Na <strong>LMP3<\/strong>, a vit\u00f3ria veio na base da estrat\u00e9gia. Depois de rodar nos est\u00e1gios iniciais da corrida, <strong>Wayne Boyd<\/strong> se recuperou ao adotar uma t\u00e1tica diferente de paradas e, junto a <strong>Anthony<\/strong> <strong>Mantella<\/strong>, levou a melhor na classe. <strong>Gar Robinson <\/strong>e <strong>Josh Burdon<\/strong> fecharam na 2\u00aa coloca\u00e7\u00e3o, enquanto <strong>Nolan Siegel<\/strong>\/<strong>Garrett<\/strong> <strong>Grist<\/strong>, <strong>Bijoy<\/strong> <strong>Garg<\/strong>\/<strong>Guilherme Oliveira<\/strong> e <strong>Orey Fidani<\/strong>\/<strong>Matthew<\/strong> <strong>Bell <\/strong>completaram o top-5.<\/p>\n\n\n\n<p class=\"wp-block-paragraph\">Apesar do 2\u00ba lugar na etapa de Indian\u00e1polis, Robinson e Burdon est\u00e3o com o t\u00edtulo da LMP3 praticamente assegurado. Para isso, basta que a dupla largue na etapa derradeira, em <strong>Petit<\/strong> <strong>Le<\/strong> <strong>Mans<\/strong>, para garantir os pontos necess\u00e1rios para a conquista.<\/p>\n\n\n\n<figure class=\"wp-block-image size-full\"><img decoding=\"async\" src=\"https:\/\/www.grandepremio.com\/br\/wp-content\/uploads\/2023\/09\/LMP2-2.jpg\" alt=\"\" class=\"wp-image-731339\"\/><figcaption class=\"wp-element-caption\">Thomas e Jensen est\u00e3o muito pr\u00f3ximos do t\u00edtulo na classe LMP2 (Foto: IMSA)<\/figcaption><\/figure>\n\n\n\n<p class=\"wp-block-paragraph\"><strong>\u25b6\ufe0f\u00a0Inscreva-se nos dois canais do GRANDE PR\u00caMIO no YouTube:\u00a0<a href=\"https:\/\/www.youtube.com\/channel\/UC9OlHEgxoaY6QY6nWPoiqQg?sub_confirmation=1\" target=\"_blank\" rel=\"noreferrer noopener\">GP<\/a>\u00a0|\u00a0<a href=\"https:\/\/www.youtube.com\/channel\/UC9csiS6q_C3C0FYhyr1rnFA?sub_confirmation=1\" target=\"_blank\" rel=\"noreferrer noopener\">GP2<\/a><\/strong><\/p>\n\n\n\n<p class=\"wp-block-paragraph\">A hist\u00f3ria, inclusive, \u00e9 igual na <strong>GTD<\/strong> <strong>Pro<\/strong>. Pela nona etapa de dez disputadas, <strong>Jack<\/strong> <strong>Hawksworth<\/strong> e <strong>Ben Barnicoat <\/strong>foram ao p\u00f3dio em Indian\u00e1polis, desta vez na 3\u00aa coloca\u00e7\u00e3o, e est\u00e3o a apenas uma largada do t\u00edtulo. <strong>Daniel Juncadella <\/strong>e <strong>Jules<\/strong> <strong>Gounon <\/strong>venceram a prova, seguidos por <strong>Ross Gunn <\/strong>e <strong>Alex Riberas<\/strong>. <strong>Klaus Bachler<\/strong>\/<strong>Patrick Pilet <\/strong>e <strong>Antonio<\/strong> <strong>Garc\u00eda<\/strong>\/<strong>Jordan<\/strong> <strong>Taylor <\/strong>completaram o top-5.<\/p>\n\n\n\n<p class=\"wp-block-paragraph\">Por fim, na classe <strong>GTD<\/strong>, o t\u00edtulo foi definido com uma corrida de anteced\u00eancia. <strong>Bryan Sellers<\/strong> e <strong>Madison Snow<\/strong> nem precisaram vencer e, com o 3\u00ba lugar em Indian\u00e1polis, asseguraram a lideran\u00e7a ao fim da temporada. Foi o <strong>s\u00e9timo <\/strong>p\u00f3dio da dupla no campeonato, com <strong>cinco <\/strong>vit\u00f3rias conquistadas no total.<\/p>\n\n\n\n<p class=\"wp-block-paragraph\"><strong>Russell<\/strong> <strong>Ward<\/strong> e <strong>Philip<\/strong> <strong>Ellis<\/strong> levaram a melhor e venceram com a <strong>Mercedes<\/strong>, seguidos por <strong>Misha<\/strong> <strong>Goikhberg <\/strong>e <strong>Loris Spinelli<\/strong>. <strong>Roman<\/strong> <strong>de Angelis<\/strong>\/<strong>Marco Sorensen<\/strong> e <strong>Patrick<\/strong> <strong>Gallagher<\/strong>\/<strong>Robby Foley <\/strong>completaram o grupo dos cinco primeiros.<\/p>\n\n\n\n<p class=\"wp-block-paragraph\">A \u00faltima rodada do IMSA 2023 est\u00e1 programada para o dia <strong>14 de outubro<\/strong>, com a etapa de <strong>Petit<\/strong> <strong>Le Mans<\/strong>, em <strong>Road Atlanta<\/strong>.<\/p>\n\n\n\n<figure class=\"wp-block-embed is-type-video is-provider-youtube wp-block-embed-youtube wp-embed-aspect-16-9 wp-has-aspect-ratio\"><div class=\"wp-block-embed__wrapper\">\n<iframe loading=\"lazy\" title=\"Verstappen vive estado de CONFUS\u00c3O MENTAL em ODE \u00c0 HUMANIDADE na F1 | GP \u00e0s 10\" width=\"500\" height=\"281\" src=\"https:\/\/www.youtube.com\/embed\/dlm5btpBgDU?feature=oembed\" frameborder=\"0\" allow=\"accelerometer; autoplay; clipboard-write; encrypted-media; gyroscope; picture-in-picture; web-share\" referrerpolicy=\"strict-origin-when-cross-origin\" allowfullscreen><\/iframe>\n<\/div><\/figure>\n","protected":false},"excerpt":{"rendered":"<p>Com t\u00edtulo conquistado na classe GTD, IMSA viu vit\u00f3ria de Nick Tandy e Mathieu Jaminet embolar completamente o campeonato a uma rodada do encerramento da temporada 2023<\/p>\n","protected":false},"author":0,"featured_media":1000731338,"comment_status":"closed","ping_status":"closed","sticky":false,"template":"","format":"standard","meta":{"42wp_featured_image_caption":"","42wp_featured_image_credits":"","42wp_featured_video":"","42wp_featured_image_hidden":false,"42wp_authors_list":[],"footnotes":""},"categories":[18],"tags":[707,17468,31458,33378,705,2561,3805,7530,10278],"42wp_author":[47142],"class_list":["post-99086","post","type-post","status-publish","format-standard","has-post-thumbnail","hentry","category-endurance","tag-bmw","tag-gtd","tag-gtd-pro","tag-gtp","tag-imsa","tag-indianapolis","tag-lmp2","tag-mathieu-jaminet","tag-nick-tandy","42wp_author-jp-nascimento"],"_links":{"self":[{"href":"https:\/\/grandepremio.com\/br\/wp-json\/wp\/v2\/posts\/99086","targetHints":{"allow":["GET"]}}],"collection":[{"href":"https:\/\/grandepremio.com\/br\/wp-json\/wp\/v2\/posts"}],"about":[{"href":"https:\/\/grandepremio.com\/br\/wp-json\/wp\/v2\/types\/post"}],"replies":[{"embeddable":true,"href":"https:\/\/grandepremio.com\/br\/wp-json\/wp\/v2\/comments?post=99086"}],"version-history":[{"count":0,"href":"https:\/\/grandepremio.com\/br\/wp-json\/wp\/v2\/posts\/99086\/revisions"}],"wp:featuredmedia":[{"embeddable":true,"href":"https:\/\/grandepremio.com\/br\/wp-json\/wp\/v2\/media\/1000731338"}],"wp:attachment":[{"href":"https:\/\/grandepremio.com\/br\/wp-json\/wp\/v2\/media?parent=99086"}],"wp:term":[{"taxonomy":"category","embeddable":true,"href":"https:\/\/grandepremio.com\/br\/wp-json\/wp\/v2\/categories?post=99086"},{"taxonomy":"post_tag","embeddable":true,"href":"https:\/\/grandepremio.com\/br\/wp-json\/wp\/v2\/tags?post=99086"},{"taxonomy":"42wp_author","embeddable":true,"href":"https:\/\/grandepremio.com\/br\/wp-json\/wp\/v2\/42wp_author?post=99086"}],"curies":[{"name":"wp","href":"https:\/\/api.w.org\/{rel}","templated":true}]}}